{"id":788,"date":"2022-08-02T13:13:00","date_gmt":"2022-08-02T18:13:00","guid":{"rendered":"http:\/\/www.infosol.com.mx\/CGI-BIN\/wordpress\/?p=788"},"modified":"2025-07-07T14:30:54","modified_gmt":"2025-07-07T20:30:54","slug":"marketing-sensorial-de-la-vista-nace-el-amor","status":"publish","type":"post","link":"https:\/\/infosol.com.mx\/wordpress\/marketing-sensorial-de-la-vista-nace-el-amor\/","title":{"rendered":"Marketing Sensorial: De la Vista Nace el Amor"},"content":{"rendered":"<p>En la Comunicaci\u00f3n y el Marketing ser apuesto es ser rentable: al menos en el tema de las marcas. Abundan los nombres de productos\/servicios que por sus caracter\u00edsticas atractivas son preferidas por los consumidores. Es f\u00e1cil decir por qu\u00e9: porque lo atractivo nos atrae.<\/p>\n<p><!-- \/wp:post-content --><\/p>\n<p><!-- wp:paragraph --><\/p>\n<p>Cuando hablamos de alguien atractivo o guapo, no me refiero s\u00f3lo al atractivo f\u00edsico de una persona, sino a ciertas cualidades como la simpat\u00eda y el carisma, <b>elementos que hacen palpable su esencia<\/b>. Podr\u00eda decirse que<b>\u00a0<\/b>ser apuesto<b> <\/b>es un atributo que incrementa la confianza de la fuente y la hace cre\u00edble. En el mismo sentido, una marca que atractiva destaca de su competencia.<\/p>\n<p><!-- \/wp:paragraph --><\/p>\n<p><!-- wp:paragraph --><\/p>\n<p>Coco Chanel alguna vez dijo:<b> <\/b><i>\u201cA una mujer mal vestida, la gente la recuerda por su ropa. Una mujer bien vestida, la gente la recuerda a ella\u201d. <\/i>Lo mismo pasa con las empresas. Quien quiere destacar debe hacer de su producto\/servicio constantemente algo innovador, atractivo, hermoso, deseado.<\/p>\n<p><!-- \/wp:paragraph --><\/p>\n<p><!-- wp:quote --><\/p>\n<p><!-- \/wp:quote --><\/p>\n<p><!-- wp:paragraph --><\/p>\n<p><!-- \/wp:paragraph --><\/p>\t\t\n                        <svg xmlns=\"http:\/\/www.w3.org\/2000\/svg\" width=\"48\" height=\"48\" viewBox=\"0 0 48 48\">\n                            <circle cx=\"24\" cy=\"24\" r=\"24\"\/>\n                            <path d=\"M33.6506355,22.4458786 C34.1870129,24.3649793 34.1999448,26.4569702 33.6852534,28.1856729 C33.115054,30.1017893 31.9414302,31.3977692 30.3804449,31.8340732 C29.9875127,31.9440942 29.5828423,32 29.177575,32 C27.1880449,32 25.4239286,30.6602504 24.8875513,28.7425424 C24.2258336,26.3757974 25.612536,23.9115654 27.9796789,23.2492508 C29.0289571,22.9569888 30.1876594,23.0682036 31.158948,23.5488741 C31.1277124,23.417963 31.0952831,23.2924236 31.0610632,23.1696696 C30.1958165,20.0761493 28.4985484,18.684274 27.5698357,18.684274 L27.5288514,18.6850698 C27.3503906,18.6932269 27.1786941,18.5728603 27.1289559,18.3947974 L26.6134686,16.5509009 C26.5830288,16.4426704 26.5999398,16.3268798 26.6598247,16.2315813 C26.7199085,16.1368797 26.8169976,16.0716231 26.9280133,16.0521257 C27.1237831,16.0175079 27.3247256,16 27.5258671,16 C30.0300887,16 32.6063312,18.7111327 33.6506355,22.4458786 Z M17.2027923,16.0003979 C19.7076107,16.0003979 22.2834553,18.7111327 23.3283565,22.4454807 C23.8649328,24.3647803 23.8776658,26.4569702 23.3631733,28.1856729 C22.792775,30.1017893 21.6191512,31.3977692 20.0583649,31.8340732 C19.6652337,31.9440942 19.2605633,32 18.855296,32 C16.8657659,32 15.1016496,30.6602504 14.5652723,28.7425424 C13.9031566,26.3757974 15.290257,23.9115654 17.657002,23.2492508 C18.7062802,22.9569888 19.8645846,23.0682036 20.8362711,23.5488741 C20.8052345,23.4187588 20.7728051,23.2932194 20.7383862,23.1696696 C19.8731396,20.0761493 18.1756725,18.684274 17.2469599,18.684274 L17.2063735,18.6850698 C17.0247294,18.6932269 16.8562162,18.5728603 16.8064779,18.3947974 L16.2907917,16.5509009 C16.2605509,16.4426704 16.2774619,16.3268798 16.3373467,16.2315813 C16.3972316,16.1368797 16.4945196,16.0712252 16.6053364,16.0521257 C16.8009072,16.0175079 17.0020487,16.0003979 17.2027923,16.0003979 Z\"\/>\n                        <\/svg>\n                        <blockquote><p>\u201cA una mujer mal vestida, la gente la recuerda por su ropa. Una mujer bien vestida, la gente la recuerda a ella\u201d<\/p>\n<\/blockquote>                    \n\t\t<p><!-- wp:paragraph --><\/p>\n<p><!-- \/wp:paragraph --><\/p>\n<p><!-- wp:quote --><\/p>\n<p><!-- \/wp:quote --><\/p>\n<p><!-- wp:paragraph --><\/p>\n<p>La clave es encontrar, para diferentes audiencias y segmentos, estrategias para hacer resaltar lo bonito y bueno de lo que se promociona.<b> <\/b>Darle un impulso en su imagen, hacerla atractiva en el mercado y sustentarla en su Propuesta de Valor.<\/p>\n<p><!-- \/wp:paragraph --><\/p>\n<p><!-- wp:paragraph --><\/p>\n<p><b>\u00bfY c\u00f3mo se logra esto? <\/b>De forma muy f\u00e1cil: <b>estimulando los sentidos de tus audiencias. <\/b>\u00a0Y es, precisamente en la vista, por donde todo comienza.<\/p>\n<p><!-- \/wp:paragraph --><\/p>\n<p><!-- wp:heading --><\/p>\n<h4>La vista el inicio de todo pero, no s\u00f3lo de la vista nace el amor<\/h4>\n<p><!-- \/wp:heading --><\/p>\n<p><!-- wp:paragraph --><\/p>\n<p>Es cierto el dicho que \u201cde la vista nace el amor\u2026\u201d<i> <\/i>pero ahora ya no parece suficiente. Est\u00e1 demostrado que\u00a0mientras m\u00e1s im\u00e1genes vea un espectador, m\u00e1s dif\u00edcil ser\u00e1 captar su atenci\u00f3n. S\u00f3lo hay que considerar la cantidad de anuncios que se presentan en el cine, televisi\u00f3n, espectaculares, vallas, edificios, etc., sin olvidar la guerra silenciosa en los anaqueles.<\/p>\n<p><!-- \/wp:paragraph --><\/p>\n<p><!-- wp:paragraph --><\/p>\n<p>No es noticia que las marcas hagan todo lo posible por persuadir a los consumidores pero, sin duda, es sorprendente el avance de sus estrategias. Aunque, la conducta de consumo es inconsciente, no est\u00e1 de m\u00e1s estar al tanto de c\u00f3mo la Comunicaci\u00f3n y el Marketing lo hace.<\/p>\n<p><!-- \/wp:paragraph --><\/p>\n<p><!-- wp:heading --><\/p>\n<h4>Guapa a simple vista<\/h4>\n<p><!-- \/wp:heading --><\/p>\n<p><!-- wp:paragraph --><\/p>\n<p>Imagina por un momento a alguien que te guste mucho. Detalla mentalmente varias caracter\u00edsticas que hacen a esta persona resaltar de las otras<i>. <\/i>Lo mismo ocurre con los productos que consumes: seguramente, la forma de su empaque, color de la presentaci\u00f3n o simplemente su logotipo, han hecho que lo prefieras por encima de otros. Esto es un ejemplo del Marketing Sensorial.<\/p>\n<p><!-- \/wp:paragraph --><\/p>\n<p><!-- wp:paragraph --><\/p>\n<p>Probablemente no todas las marcas puedan aprovechar todos los sentidos para implementar este tipo de estrategia, pero la vista ocupa un lugar sumamente importante. Recuerda que hay estrategias que influyen en las percepciones cognitivas y emocionales de tus consumidores.<\/p>\n<p><!-- \/wp:paragraph --><\/p>\n<p><!-- wp:heading --><\/p>\n<h4>La imagen s\u00ed importa<\/h4>\n<p><!-- \/wp:heading --><\/p>\n<p><!-- wp:paragraph --><\/p>\n<p>Vernos y sentirnos bien alimenta nuestro ego. Una buena imagen, es percibida favorablemente por quienes nos rodean: contagia y favorece la empat\u00eda por estar con nosotros. En Marketing, las marcas, idealmente<i>,<\/i> deben percibirse siempre positivamente.<\/p>\n<p><!-- \/wp:paragraph --><\/p>\n<p><!-- wp:paragraph --><\/p>\n<p>Visualmente, siempre deber\u00e1 haber una congruencia entre el mensaje que se quiere transmitir y el que llega a la audiencia: sobre todo, deben ser simples, sencillos y atractivos; en frases cortas para una mejor recordaci\u00f3n.<\/p>\n<p><!-- \/wp:paragraph --><\/p>\n<p><!-- wp:paragraph --><\/p>\n<p>Respecto al color, tama\u00f1o y estilo de cualquier marca, se necesita atrapar visualmente a la Audiencia. El tiempo es muy corto y s\u00f3lo hay algunos segundos para atraer su atenci\u00f3n.<\/p>\n<p><!-- \/wp:paragraph --><\/p>\n<p><!-- wp:paragraph --><\/p>\n<p>Para desarrollar una estrategia de Marketing Sensorial, enfocada \u00fanicamente a la vista, deben de tomarse en cuenta los siguientes puntos:<\/p>\n<p><!-- \/wp:paragraph --><\/p>\n<p><!-- wp:list --><\/p>\n<ul>\n<li><b>Presentaci\u00f3n: <\/b>Define c\u00f3mo muestras tu producto\/servicio en el mercado. \u00bfQu\u00e9 colores utiliza, c\u00f3mo es el tama\u00f1o o forma de su empaque, en d\u00f3nde se puede comprar?<i> <\/i>Sobre todo, preg\u00fantate qu\u00e9 tan atractivo es para la audiencia a la cual quieres llegar.<br \/><br \/><\/li>\n<li><b>Estilo: <\/b>Establece una l\u00ednea acorde a la identidad de tu empresa y hazla tu sello de distinci\u00f3n. Los colores y mensajes que incluyas en cualquier anuncio deben ser acordes a tu compa\u00f1\u00eda.<br \/><br \/><\/li>\n<li><b>Mercado y competencia: <\/b>Conoce a fondo a tus competidores y ve qu\u00e9 hacen y c\u00f3mo atraen a su audiencia. Verifica que tu estrategia capte visualmente a los consumidores.<br \/><br \/><\/li>\n<li><b>Innovaci\u00f3n: <\/b>Reinventa siempre diferentes formas para llegar a tu audiencia y migra al pensamiento multimedia. Prop\u00f3n dise\u00f1os, im\u00e1genes o frases. Siempre el mercado estar\u00e1 atra\u00eddo por las novedades.<br \/><br \/><\/li>\n<li><b>Retroalimentaci\u00f3n: <\/b>Preoc\u00fapate por siempre estar enterado de qu\u00e9 piensa la audiencia de tu producto\/servicio. De este punto pueden salir acciones para mejorar o corregir tu estrategia.<\/li>\n<\/ul>\n<p><!-- \/wp:list --><\/p>\n<p><!-- wp:paragraph --><\/p>\n<p>Recuerda que siempre es importante que tu marca sea percibida atractiva y congruente. No importa si se anuncia en medios impresos o digitales, \u00e9sta debe ser una constante y verse integrada a cada elemento de Comunicaci\u00f3n.<\/p>\n<p><strong>Tambi\u00e9n te puede interesar:<\/strong><\/p>\n<p><!-- \/wp:paragraph --><\/p>\n<p><!-- wp:heading --><\/p>\n<p><!-- \/wp:heading --><\/p>\t\t\n\t\t\t<article id=\"post-7386\">\n\t<figure><img width=\"700\" height=\"450\" src=\"https:\/\/infosol.com.mx\/wordpress\/wp-content\/uploads\/marketing-sensorial-700x450.webp\" alt=\"\" decoding=\"async\" loading=\"lazy\" \/><\/figure>\n\t<header>\n\t\t\tTags <ul><li><a href=\"https:\/\/infosol.com.mx\/wordpress\/category\/arte-latte\/\" rel=\"category\">Arte-Latte &#8211; Infograf\u00edas<\/a><\/li><\/ul>\t\t\n\t\t<h2><a href=\"https:\/\/infosol.com.mx\/wordpress\/marketing-sensorial-de-la-vista-nace-el-amor-2\/\">Marketing Sensorial: De la vista nace el amor<\/a><\/h2>\n\t<\/header>\n\t\t\t\tQu\u00e9 es el marketing sensorial y c\u00f3mo utilizarlo en las estrategias de marketing con el legado de Coco Chanel.\t\t\t\n<a  href=\"https:\/\/infosol.com.mx\/wordpress\/marketing-sensorial-de-la-vista-nace-el-amor-2\/\"><\/a><\/article><!--\/ .row --><!--\/ .lqd-lp-grid -->\t\t\n\t\t<p><!-- wp:paragraph --><\/p>\n<p><!-- \/wp:paragraph --><\/p>\n<p><!-- wp:quote --><\/p>\n<p><!-- \/wp:quote --><\/p>\n<p><!-- wp:paragraph --><\/p>\n<p><!-- \/wp:paragraph --><\/p>\n<p><!-- wp:heading --><\/p>\n<h4>Atractiva para todos<\/h4>\n<p><!-- \/wp:heading --><\/p>\n<p><!-- wp:paragraph --><\/p>\n<p>Confucio dijo en alguna ocasi\u00f3n que <i>\u201ccada cosa tiene su belleza, pero no todos pueden verla\u2026\u201d <\/i>Si deseas destacar en el mercado, haz evidente a todos lo atractivo de tu marca. Recuerda que de la vista nace el amor\u2026<\/p>\n<p><!-- \/wp:paragraph --><\/p>","protected":false},"excerpt":{"rendered":"<p>En la Comunicaci\u00f3n y el Marketing ser apuesto es ser rentable: al menos en el tema de las marcas. Abundan los nombres de productos\/servicios que por sus caracter\u00edsticas atractivas son preferidas por los consumidores. Es f\u00e1cil decir por qu\u00e9: porque lo atractivo nos atrae. Cuando hablamos de alguien atractivo o guapo, no me refiero s\u00f3lo [&hellip;]<\/p>\n","protected":false},"author":8,"featured_media":18488,"comment_status":"open","ping_status":"open","sticky":false,"template":"","format":"standard","meta":{"_et_pb_use_builder":"","_et_pb_old_content":"","_et_gb_content_width":"","content-type":"","_joinchat":[],"footnotes":""},"categories":[80],"tags":[189,222,223,2905],"class_list":["post-788","post","type-post","status-publish","format-standard","has-post-thumbnail","hentry","category-marketing-digital","tag-marketing","tag-marketing-sensorial","tag-comportamiento-de-clientes","tag-articulos"],"yoast_head":"<!-- This site is optimized with the Yoast SEO plugin v27.2 - https:\/\/yoast.com\/product\/yoast-seo-wordpress\/ -->\n<title>Marketing Sensorial: De la Vista Nace el Amor - Charlas de Caf\u00e9 de Comunicaci\u00f3n y Otras Pasiones<\/title>\n<meta name=\"robots\" content=\"index, follow, max-snippet:-1, max-image-preview:large, max-video-preview:-1\" \/>\n<link rel=\"canonical\" href=\"https:\/\/infosol.com.mx\/wordpress\/marketing-sensorial-de-la-vista-nace-el-amor\/\" \/>\n<meta property=\"og:locale\" content=\"es_ES\" \/>\n<meta property=\"og:type\" content=\"article\" \/>\n<meta property=\"og:title\" content=\"Marketing Sensorial: De la Vista Nace el Amor - Charlas de Caf\u00e9 de Comunicaci\u00f3n y Otras Pasiones\" \/>\n<meta property=\"og:description\" content=\"En la Comunicaci\u00f3n y el Marketing ser apuesto es ser rentable: al menos en el tema de las marcas. Abundan los nombres de productos\/servicios que por sus caracter\u00edsticas atractivas son preferidas por los consumidores. Es f\u00e1cil decir por qu\u00e9: porque lo atractivo nos atrae. Cuando hablamos de alguien atractivo o guapo, no me refiero s\u00f3lo [&hellip;]\" \/>\n<meta property=\"og:url\" content=\"https:\/\/infosol.com.mx\/wordpress\/marketing-sensorial-de-la-vista-nace-el-amor\/\" \/>\n<meta property=\"og:site_name\" content=\"Charlas de Caf\u00e9 de Comunicaci\u00f3n y Otras Pasiones\" \/>\n<meta property=\"article:publisher\" content=\"https:\/\/www.facebook.com\/infosol\/\" \/>\n<meta property=\"article:published_time\" content=\"2022-08-02T18:13:00+00:00\" \/>\n<meta property=\"article:modified_time\" content=\"2025-07-07T20:30:54+00:00\" \/>\n<meta property=\"og:image\" content=\"https:\/\/infosol.com.mx\/wordpress\/wp-content\/uploads\/marketing-sensorial-1.webp\" \/>\n\t<meta property=\"og:image:width\" content=\"1200\" \/>\n\t<meta property=\"og:image:height\" content=\"675\" \/>\n\t<meta property=\"og:image:type\" content=\"image\/webp\" \/>\n<meta name=\"author\" content=\"Adriana M. Bravo\" \/>\n<meta name=\"twitter:card\" content=\"summary_large_image\" \/>\n<meta name=\"twitter:creator\" content=\"@EspacioInfoSol\" \/>\n<meta name=\"twitter:site\" content=\"@EspacioInfoSol\" \/>\n<meta name=\"twitter:label1\" content=\"Escrito por\" \/>\n\t<meta name=\"twitter:data1\" content=\"Adriana M. Bravo\" \/>\n\t<meta name=\"twitter:label2\" content=\"Tiempo de lectura\" \/>\n\t<meta name=\"twitter:data2\" content=\"5 minutos\" \/>\n<script type=\"application\/ld+json\" class=\"yoast-schema-graph\">{\"@context\":\"https:\/\/schema.org\",\"@graph\":[{\"@type\":\"Article\",\"@id\":\"https:\/\/infosol.com.mx\/wordpress\/marketing-sensorial-de-la-vista-nace-el-amor\/#article\",\"isPartOf\":{\"@id\":\"https:\/\/infosol.com.mx\/wordpress\/marketing-sensorial-de-la-vista-nace-el-amor\/\"},\"author\":{\"name\":\"Adriana M. Bravo\",\"@id\":\"https:\/\/infosol.com.mx\/wordpress\/#\/schema\/person\/c844cf1649e28a097c30ae82683f2542\"},\"headline\":\"Marketing Sensorial: De la Vista Nace el Amor\",\"datePublished\":\"2022-08-02T18:13:00+00:00\",\"dateModified\":\"2025-07-07T20:30:54+00:00\",\"mainEntityOfPage\":{\"@id\":\"https:\/\/infosol.com.mx\/wordpress\/marketing-sensorial-de-la-vista-nace-el-amor\/\"},\"wordCount\":922,\"commentCount\":0,\"publisher\":{\"@id\":\"https:\/\/infosol.com.mx\/wordpress\/#organization\"},\"image\":{\"@id\":\"https:\/\/infosol.com.mx\/wordpress\/marketing-sensorial-de-la-vista-nace-el-amor\/#primaryimage\"},\"thumbnailUrl\":\"https:\/\/infosol.com.mx\/wordpress\/wp-content\/uploads\/marketing-sensorial-1.webp\",\"keywords\":[\"Marketing\",\"marketing sensorial\",\"comportamiento de clientes\",\"Art\u00edculos\"],\"articleSection\":[\"Marketing Digital\"],\"inLanguage\":\"es\",\"potentialAction\":[{\"@type\":\"CommentAction\",\"name\":\"Comment\",\"target\":[\"https:\/\/infosol.com.mx\/wordpress\/marketing-sensorial-de-la-vista-nace-el-amor\/#respond\"]}]},{\"@type\":\"WebPage\",\"@id\":\"https:\/\/infosol.com.mx\/wordpress\/marketing-sensorial-de-la-vista-nace-el-amor\/\",\"url\":\"https:\/\/infosol.com.mx\/wordpress\/marketing-sensorial-de-la-vista-nace-el-amor\/\",\"name\":\"Marketing Sensorial: De la Vista Nace el Amor - Charlas de Caf\u00e9 de Comunicaci\u00f3n y Otras Pasiones\",\"isPartOf\":{\"@id\":\"https:\/\/infosol.com.mx\/wordpress\/#website\"},\"primaryImageOfPage\":{\"@id\":\"https:\/\/infosol.com.mx\/wordpress\/marketing-sensorial-de-la-vista-nace-el-amor\/#primaryimage\"},\"image\":{\"@id\":\"https:\/\/infosol.com.mx\/wordpress\/marketing-sensorial-de-la-vista-nace-el-amor\/#primaryimage\"},\"thumbnailUrl\":\"https:\/\/infosol.com.mx\/wordpress\/wp-content\/uploads\/marketing-sensorial-1.webp\",\"datePublished\":\"2022-08-02T18:13:00+00:00\",\"dateModified\":\"2025-07-07T20:30:54+00:00\",\"breadcrumb\":{\"@id\":\"https:\/\/infosol.com.mx\/wordpress\/marketing-sensorial-de-la-vista-nace-el-amor\/#breadcrumb\"},\"inLanguage\":\"es\",\"potentialAction\":[{\"@type\":\"ReadAction\",\"target\":[\"https:\/\/infosol.com.mx\/wordpress\/marketing-sensorial-de-la-vista-nace-el-amor\/\"]}]},{\"@type\":\"ImageObject\",\"inLanguage\":\"es\",\"@id\":\"https:\/\/infosol.com.mx\/wordpress\/marketing-sensorial-de-la-vista-nace-el-amor\/#primaryimage\",\"url\":\"https:\/\/infosol.com.mx\/wordpress\/wp-content\/uploads\/marketing-sensorial-1.webp\",\"contentUrl\":\"https:\/\/infosol.com.mx\/wordpress\/wp-content\/uploads\/marketing-sensorial-1.webp\",\"width\":1200,\"height\":675},{\"@type\":\"BreadcrumbList\",\"@id\":\"https:\/\/infosol.com.mx\/wordpress\/marketing-sensorial-de-la-vista-nace-el-amor\/#breadcrumb\",\"itemListElement\":[{\"@type\":\"ListItem\",\"position\":1,\"name\":\"Inicio\",\"item\":\"https:\/\/infosol.com.mx\/wordpress\/\"},{\"@type\":\"ListItem\",\"position\":2,\"name\":\"Marketing Digital\",\"item\":\"https:\/\/infosol.com.mx\/wordpress\/category\/marketing-digital\/\"},{\"@type\":\"ListItem\",\"position\":3,\"name\":\"Marketing Sensorial: De la Vista Nace el Amor\"}]},{\"@type\":\"WebSite\",\"@id\":\"https:\/\/infosol.com.mx\/wordpress\/#website\",\"url\":\"https:\/\/infosol.com.mx\/wordpress\/\",\"name\":\"Charlas de Caf\u00e9 de Comunicaci\u00f3n y Otras Pasiones\",\"description\":\"Comunicaci\u00f3n, Relaciones P\u00fablicas, Redes Sociales y algo m\u00e1s...\",\"publisher\":{\"@id\":\"https:\/\/infosol.com.mx\/wordpress\/#organization\"},\"potentialAction\":[{\"@type\":\"SearchAction\",\"target\":{\"@type\":\"EntryPoint\",\"urlTemplate\":\"https:\/\/infosol.com.mx\/wordpress\/?s={search_term_string}\"},\"query-input\":{\"@type\":\"PropertyValueSpecification\",\"valueRequired\":true,\"valueName\":\"search_term_string\"}}],\"inLanguage\":\"es\"},{\"@type\":\"Organization\",\"@id\":\"https:\/\/infosol.com.mx\/wordpress\/#organization\",\"name\":\"InfoSol\",\"url\":\"https:\/\/infosol.com.mx\/wordpress\/\",\"logo\":{\"@type\":\"ImageObject\",\"inLanguage\":\"es\",\"@id\":\"https:\/\/infosol.com.mx\/wordpress\/#\/schema\/logo\/image\/\",\"url\":\"https:\/\/infosol.com.mx\/wordpress\/wp-content\/uploads\/InfoSol-6.0-160x46-1.webp\",\"contentUrl\":\"https:\/\/infosol.com.mx\/wordpress\/wp-content\/uploads\/InfoSol-6.0-160x46-1.webp\",\"width\":160,\"height\":46,\"caption\":\"InfoSol\"},\"image\":{\"@id\":\"https:\/\/infosol.com.mx\/wordpress\/#\/schema\/logo\/image\/\"},\"sameAs\":[\"https:\/\/www.facebook.com\/infosol\/\",\"https:\/\/x.com\/EspacioInfoSol\",\"https:\/\/www.linkedin.com\/company\/grupoinfosol\/\",\"https:\/\/www.pinterest.com.mx\/GrupoInfoSol\/\",\"https:\/\/www.youtube.com\/user\/InfoSolMiEspacio\"]},{\"@type\":\"Person\",\"@id\":\"https:\/\/infosol.com.mx\/wordpress\/#\/schema\/person\/c844cf1649e28a097c30ae82683f2542\",\"name\":\"Adriana M. Bravo\",\"image\":{\"@type\":\"ImageObject\",\"inLanguage\":\"es\",\"@id\":\"http:\/\/infosol.com.mx\/wordpress\/wp-content\/uploads\/adriana-m-bravo-96x96.jpg\",\"url\":\"http:\/\/infosol.com.mx\/wordpress\/wp-content\/uploads\/adriana-m-bravo-96x96.jpg\",\"contentUrl\":\"http:\/\/infosol.com.mx\/wordpress\/wp-content\/uploads\/adriana-m-bravo-96x96.jpg\",\"caption\":\"Adriana M. Bravo\"},\"description\":\"Gerente de Comunicaci\u00f3n y Capital Intelectual en InfoSol. Coordina las estrategias Marketing de Contenidos para apoyar su Inbound Marketing \u2013a trav\u00e9s de CECREA\u00ae y las Redes Sociales para nuestros clientes.\",\"url\":\"https:\/\/infosol.com.mx\/wordpress\/author\/a-meza\/\"}]}<\/script>\n<!-- \/ Yoast SEO plugin. -->","yoast_head_json":{"title":"Marketing Sensorial: De la Vista Nace el Amor - Charlas de Caf\u00e9 de Comunicaci\u00f3n y Otras Pasiones","robots":{"index":"index","follow":"follow","max-snippet":"max-snippet:-1","max-image-preview":"max-image-preview:large","max-video-preview":"max-video-preview:-1"},"canonical":"https:\/\/infosol.com.mx\/wordpress\/marketing-sensorial-de-la-vista-nace-el-amor\/","og_locale":"es_ES","og_type":"article","og_title":"Marketing Sensorial: De la Vista Nace el Amor - Charlas de Caf\u00e9 de Comunicaci\u00f3n y Otras Pasiones","og_description":"En la Comunicaci\u00f3n y el Marketing ser apuesto es ser rentable: al menos en el tema de las marcas. Abundan los nombres de productos\/servicios que por sus caracter\u00edsticas atractivas son preferidas por los consumidores. Es f\u00e1cil decir por qu\u00e9: porque lo atractivo nos atrae. Cuando hablamos de alguien atractivo o guapo, no me refiero s\u00f3lo [&hellip;]","og_url":"https:\/\/infosol.com.mx\/wordpress\/marketing-sensorial-de-la-vista-nace-el-amor\/","og_site_name":"Charlas de Caf\u00e9 de Comunicaci\u00f3n y Otras Pasiones","article_publisher":"https:\/\/www.facebook.com\/infosol\/","article_published_time":"2022-08-02T18:13:00+00:00","article_modified_time":"2025-07-07T20:30:54+00:00","og_image":[{"width":1200,"height":675,"url":"https:\/\/infosol.com.mx\/wordpress\/wp-content\/uploads\/marketing-sensorial-1.webp","type":"image\/webp"}],"author":"Adriana M. Bravo","twitter_card":"summary_large_image","twitter_creator":"@EspacioInfoSol","twitter_site":"@EspacioInfoSol","twitter_misc":{"Escrito por":"Adriana M. Bravo","Tiempo de lectura":"5 minutos"},"schema":{"@context":"https:\/\/schema.org","@graph":[{"@type":"Article","@id":"https:\/\/infosol.com.mx\/wordpress\/marketing-sensorial-de-la-vista-nace-el-amor\/#article","isPartOf":{"@id":"https:\/\/infosol.com.mx\/wordpress\/marketing-sensorial-de-la-vista-nace-el-amor\/"},"author":{"name":"Adriana M. Bravo","@id":"https:\/\/infosol.com.mx\/wordpress\/#\/schema\/person\/c844cf1649e28a097c30ae82683f2542"},"headline":"Marketing Sensorial: De la Vista Nace el Amor","datePublished":"2022-08-02T18:13:00+00:00","dateModified":"2025-07-07T20:30:54+00:00","mainEntityOfPage":{"@id":"https:\/\/infosol.com.mx\/wordpress\/marketing-sensorial-de-la-vista-nace-el-amor\/"},"wordCount":922,"commentCount":0,"publisher":{"@id":"https:\/\/infosol.com.mx\/wordpress\/#organization"},"image":{"@id":"https:\/\/infosol.com.mx\/wordpress\/marketing-sensorial-de-la-vista-nace-el-amor\/#primaryimage"},"thumbnailUrl":"https:\/\/infosol.com.mx\/wordpress\/wp-content\/uploads\/marketing-sensorial-1.webp","keywords":["Marketing","marketing sensorial","comportamiento de clientes","Art\u00edculos"],"articleSection":["Marketing Digital"],"inLanguage":"es","potentialAction":[{"@type":"CommentAction","name":"Comment","target":["https:\/\/infosol.com.mx\/wordpress\/marketing-sensorial-de-la-vista-nace-el-amor\/#respond"]}]},{"@type":"WebPage","@id":"https:\/\/infosol.com.mx\/wordpress\/marketing-sensorial-de-la-vista-nace-el-amor\/","url":"https:\/\/infosol.com.mx\/wordpress\/marketing-sensorial-de-la-vista-nace-el-amor\/","name":"Marketing Sensorial: De la Vista Nace el Amor - Charlas de Caf\u00e9 de Comunicaci\u00f3n y Otras Pasiones","isPartOf":{"@id":"https:\/\/infosol.com.mx\/wordpress\/#website"},"primaryImageOfPage":{"@id":"https:\/\/infosol.com.mx\/wordpress\/marketing-sensorial-de-la-vista-nace-el-amor\/#primaryimage"},"image":{"@id":"https:\/\/infosol.com.mx\/wordpress\/marketing-sensorial-de-la-vista-nace-el-amor\/#primaryimage"},"thumbnailUrl":"https:\/\/infosol.com.mx\/wordpress\/wp-content\/uploads\/marketing-sensorial-1.webp","datePublished":"2022-08-02T18:13:00+00:00","dateModified":"2025-07-07T20:30:54+00:00","breadcrumb":{"@id":"https:\/\/infosol.com.mx\/wordpress\/marketing-sensorial-de-la-vista-nace-el-amor\/#breadcrumb"},"inLanguage":"es","potentialAction":[{"@type":"ReadAction","target":["https:\/\/infosol.com.mx\/wordpress\/marketing-sensorial-de-la-vista-nace-el-amor\/"]}]},{"@type":"ImageObject","inLanguage":"es","@id":"https:\/\/infosol.com.mx\/wordpress\/marketing-sensorial-de-la-vista-nace-el-amor\/#primaryimage","url":"https:\/\/infosol.com.mx\/wordpress\/wp-content\/uploads\/marketing-sensorial-1.webp","contentUrl":"https:\/\/infosol.com.mx\/wordpress\/wp-content\/uploads\/marketing-sensorial-1.webp","width":1200,"height":675},{"@type":"BreadcrumbList","@id":"https:\/\/infosol.com.mx\/wordpress\/marketing-sensorial-de-la-vista-nace-el-amor\/#breadcrumb","itemListElement":[{"@type":"ListItem","position":1,"name":"Inicio","item":"https:\/\/infosol.com.mx\/wordpress\/"},{"@type":"ListItem","position":2,"name":"Marketing Digital","item":"https:\/\/infosol.com.mx\/wordpress\/category\/marketing-digital\/"},{"@type":"ListItem","position":3,"name":"Marketing Sensorial: De la Vista Nace el Amor"}]},{"@type":"WebSite","@id":"https:\/\/infosol.com.mx\/wordpress\/#website","url":"https:\/\/infosol.com.mx\/wordpress\/","name":"Charlas de Caf\u00e9 de Comunicaci\u00f3n y Otras Pasiones","description":"Comunicaci\u00f3n, Relaciones P\u00fablicas, Redes Sociales y algo m\u00e1s...","publisher":{"@id":"https:\/\/infosol.com.mx\/wordpress\/#organization"},"potentialAction":[{"@type":"SearchAction","target":{"@type":"EntryPoint","urlTemplate":"https:\/\/infosol.com.mx\/wordpress\/?s={search_term_string}"},"query-input":{"@type":"PropertyValueSpecification","valueRequired":true,"valueName":"search_term_string"}}],"inLanguage":"es"},{"@type":"Organization","@id":"https:\/\/infosol.com.mx\/wordpress\/#organization","name":"InfoSol","url":"https:\/\/infosol.com.mx\/wordpress\/","logo":{"@type":"ImageObject","inLanguage":"es","@id":"https:\/\/infosol.com.mx\/wordpress\/#\/schema\/logo\/image\/","url":"https:\/\/infosol.com.mx\/wordpress\/wp-content\/uploads\/InfoSol-6.0-160x46-1.webp","contentUrl":"https:\/\/infosol.com.mx\/wordpress\/wp-content\/uploads\/InfoSol-6.0-160x46-1.webp","width":160,"height":46,"caption":"InfoSol"},"image":{"@id":"https:\/\/infosol.com.mx\/wordpress\/#\/schema\/logo\/image\/"},"sameAs":["https:\/\/www.facebook.com\/infosol\/","https:\/\/x.com\/EspacioInfoSol","https:\/\/www.linkedin.com\/company\/grupoinfosol\/","https:\/\/www.pinterest.com.mx\/GrupoInfoSol\/","https:\/\/www.youtube.com\/user\/InfoSolMiEspacio"]},{"@type":"Person","@id":"https:\/\/infosol.com.mx\/wordpress\/#\/schema\/person\/c844cf1649e28a097c30ae82683f2542","name":"Adriana M. Bravo","image":{"@type":"ImageObject","inLanguage":"es","@id":"http:\/\/infosol.com.mx\/wordpress\/wp-content\/uploads\/adriana-m-bravo-96x96.jpg","url":"http:\/\/infosol.com.mx\/wordpress\/wp-content\/uploads\/adriana-m-bravo-96x96.jpg","contentUrl":"http:\/\/infosol.com.mx\/wordpress\/wp-content\/uploads\/adriana-m-bravo-96x96.jpg","caption":"Adriana M. Bravo"},"description":"Gerente de Comunicaci\u00f3n y Capital Intelectual en InfoSol. Coordina las estrategias Marketing de Contenidos para apoyar su Inbound Marketing \u2013a trav\u00e9s de CECREA\u00ae y las Redes Sociales para nuestros clientes.","url":"https:\/\/infosol.com.mx\/wordpress\/author\/a-meza\/"}]}},"_links":{"self":[{"href":"https:\/\/infosol.com.mx\/wordpress\/wp-json\/wp\/v2\/posts\/788","targetHints":{"allow":["GET"]}}],"collection":[{"href":"https:\/\/infosol.com.mx\/wordpress\/wp-json\/wp\/v2\/posts"}],"about":[{"href":"https:\/\/infosol.com.mx\/wordpress\/wp-json\/wp\/v2\/types\/post"}],"author":[{"embeddable":true,"href":"https:\/\/infosol.com.mx\/wordpress\/wp-json\/wp\/v2\/users\/8"}],"replies":[{"embeddable":true,"href":"https:\/\/infosol.com.mx\/wordpress\/wp-json\/wp\/v2\/comments?post=788"}],"version-history":[{"count":28,"href":"https:\/\/infosol.com.mx\/wordpress\/wp-json\/wp\/v2\/posts\/788\/revisions"}],"predecessor-version":[{"id":18491,"href":"https:\/\/infosol.com.mx\/wordpress\/wp-json\/wp\/v2\/posts\/788\/revisions\/18491"}],"wp:featuredmedia":[{"embeddable":true,"href":"https:\/\/infosol.com.mx\/wordpress\/wp-json\/wp\/v2\/media\/18488"}],"wp:attachment":[{"href":"https:\/\/infosol.com.mx\/wordpress\/wp-json\/wp\/v2\/media?parent=788"}],"wp:term":[{"taxonomy":"category","embeddable":true,"href":"https:\/\/infosol.com.mx\/wordpress\/wp-json\/wp\/v2\/categories?post=788"},{"taxonomy":"post_tag","embeddable":true,"href":"https:\/\/infosol.com.mx\/wordpress\/wp-json\/wp\/v2\/tags?post=788"}],"curies":[{"name":"wp","href":"https:\/\/api.w.org\/{rel}","templated":true}]}}