{"id":6911,"date":"2022-02-04T11:40:53","date_gmt":"2022-02-04T17:40:53","guid":{"rendered":"http:\/\/infosol.com.mx\/wordpress\/?p=6911"},"modified":"2025-07-07T14:36:03","modified_gmt":"2025-07-07T20:36:03","slug":"facebook-sigue-siendo-relevante-para-mi-estrategia-de-marketing","status":"publish","type":"post","link":"https:\/\/infosol.com.mx\/wordpress\/facebook-sigue-siendo-relevante-para-mi-estrategia-de-marketing\/","title":{"rendered":"\u00bfFacebook sigue siendo relevante para mi estrategia de marketing?"},"content":{"rendered":"<p><\/p>\n<p>Esta es, quiz\u00e1, una pregunta constante en la mente de muchos estrategas de marketing. Y es que con el alcance y n\u00famero de suscriptores que est\u00e1n logrando otras redes sociales como Instagram o Tik Tok, y el boom generado por los influenciadores digitales en \u00e9stas y otros espacios; es l\u00f3gico preguntarse si a\u00fan vale el esfuerzo invertir en una estrategia de marketing en Facebook.<\/p>\n<p><\/p>\n<p><\/p>\n<p>Desde mi punto de vista; Facebook, al igual que <a href=\"https:\/\/www.igniciondigital.com.mx\/como-elegir-las-redes-sociales-mas-redituables-para-tu-empresa\/\" target=\"_blank\" rel=\"noreferrer noopener\"><strong>otras redes sociales<\/strong><\/a>, sigue siendo relevante para las estrategias de marketing, y por muy buenas razones. Por ejemplo, es la red social m\u00e1s utilizada a nivel mundial, con 2,910M de usuarios activos mensuales, y M\u00e9xico ocupa la posici\u00f3n n\u00famero 5 en el ranking mundial de usuarios, con 98M (Hootsuite\/We Are Social); adem\u00e1s, 48.5% de los tomadores de decisi\u00f3n B2B la utilizan para buscar proveedores (Hootsuite); y 2.14 billones de personas pueden ser alcanzadas a trav\u00e9s de anuncios sociales (Hootsuite).<\/p>\n<p><\/p>\n<p><\/p>\n<p>\u00bfPor qu\u00e9 hablo espec\u00edficamente de Facebook? Porque este 4 de febrero celebra su 18\u00b0 aniversario, as\u00ed que aprovechando el momento, me gustar\u00eda compartir algunas maneras en que las marcas pueden sacar el m\u00e1ximo provecho a esta red social.<\/p>\n<p><\/p>\n<p><\/p>\n<div id=\"ez-toc-container\" class=\"ez-toc-v2_0_82_2 counter-hierarchy ez-toc-counter ez-toc-custom ez-toc-container-direction\">\n<span class=\"ez-toc-title\" style=\"cursor:inherit\">\u00cdndice de Contenidos<\/span>\n<label for=\"ez-toc-cssicon-toggle-item-69f00ea415cd8\" class=\"ez-toc-cssicon-toggle-label\"><span class=\"ez-toc-cssicon\"><span class=\"eztoc-hide\" style=\"display:none;\">Toggle<\/span><span class=\"ez-toc-icon-toggle-span\"><svg style=\"fill: #081116;color:#081116\" xmlns=\"http:\/\/www.w3.org\/2000\/svg\" class=\"list-377408\" width=\"20px\" height=\"20px\" viewBox=\"0 0 24 24\" fill=\"none\"><path d=\"M6 6H4v2h2V6zm14 0H8v2h12V6zM4 11h2v2H4v-2zm16 0H8v2h12v-2zM4 16h2v2H4v-2zm16 0H8v2h12v-2z\" fill=\"currentColor\"><\/path><\/svg><svg style=\"fill: #081116;color:#081116\" class=\"arrow-unsorted-368013\" xmlns=\"http:\/\/www.w3.org\/2000\/svg\" width=\"10px\" height=\"10px\" viewBox=\"0 0 24 24\" version=\"1.2\" baseProfile=\"tiny\"><path d=\"M18.2 9.3l-6.2-6.3-6.2 6.3c-.2.2-.3.4-.3.7s.1.5.3.7c.2.2.4.3.7.3h11c.3 0 .5-.1.7-.3.2-.2.3-.5.3-.7s-.1-.5-.3-.7zM5.8 14.7l6.2 6.3 6.2-6.3c.2-.2.3-.5.3-.7s-.1-.5-.3-.7c-.2-.2-.4-.3-.7-.3h-11c-.3 0-.5.1-.7.3-.2.2-.3.5-.3.7s.1.5.3.7z\"\/><\/svg><\/span><\/span><\/label><input type=\"checkbox\"  id=\"ez-toc-cssicon-toggle-item-69f00ea415cd8\"  aria-label=\"Alternar\" \/><nav><ul class='ez-toc-list ez-toc-list-level-1 ' ><li class='ez-toc-page-1 ez-toc-heading-level-2'><a class=\"ez-toc-link ez-toc-heading-1\" href=\"https:\/\/infosol.com.mx\/wordpress\/facebook-sigue-siendo-relevante-para-mi-estrategia-de-marketing\/#Define_objetivos_concretos\" >Define objetivos concretos<\/a><\/li><li class='ez-toc-page-1 ez-toc-heading-level-2'><a class=\"ez-toc-link ez-toc-heading-2\" href=\"https:\/\/infosol.com.mx\/wordpress\/facebook-sigue-siendo-relevante-para-mi-estrategia-de-marketing\/#Conoce_tu_marca\" >Conoce tu marca<\/a><\/li><li class='ez-toc-page-1 ez-toc-heading-level-2'><a class=\"ez-toc-link ez-toc-heading-3\" href=\"https:\/\/infosol.com.mx\/wordpress\/facebook-sigue-siendo-relevante-para-mi-estrategia-de-marketing\/#Conoce_a_tu_audiencia\" >Conoce a tu audiencia<\/a><\/li><li class='ez-toc-page-1 ez-toc-heading-level-2'><a class=\"ez-toc-link ez-toc-heading-4\" href=\"https:\/\/infosol.com.mx\/wordpress\/facebook-sigue-siendo-relevante-para-mi-estrategia-de-marketing\/#Publica_contenido_de_interes_para_tu_audiencia_objetivo\" >Publica contenido de inter\u00e9s para tu audiencia objetivo<\/a><\/li><li class='ez-toc-page-1 ez-toc-heading-level-2'><a class=\"ez-toc-link ez-toc-heading-5\" href=\"https:\/\/infosol.com.mx\/wordpress\/facebook-sigue-siendo-relevante-para-mi-estrategia-de-marketing\/#Utiliza_contenido_multimedia\" >Utiliza contenido multimedia<\/a><\/li><li class='ez-toc-page-1 ez-toc-heading-level-2'><a class=\"ez-toc-link ez-toc-heading-6\" href=\"https:\/\/infosol.com.mx\/wordpress\/facebook-sigue-siendo-relevante-para-mi-estrategia-de-marketing\/#Unete_a_grupos_relevantes_de_Facebook\" >\u00danete a grupos relevantes de Facebook<\/a><\/li><li class='ez-toc-page-1 ez-toc-heading-level-2'><a class=\"ez-toc-link ez-toc-heading-7\" href=\"https:\/\/infosol.com.mx\/wordpress\/facebook-sigue-siendo-relevante-para-mi-estrategia-de-marketing\/#Utiliza_SEO_social\" >Utiliza SEO social<\/a><\/li><li class='ez-toc-page-1 ez-toc-heading-level-2'><a class=\"ez-toc-link ez-toc-heading-8\" href=\"https:\/\/infosol.com.mx\/wordpress\/facebook-sigue-siendo-relevante-para-mi-estrategia-de-marketing\/#Beneficiate_de_los_medios_pagados\" >Benef\u00edciate de los medios pagados<\/a><\/li><\/ul><\/nav><\/div>\n<h2 class=\"wp-block-heading\" id=\"define-objetivos-concretos\"><span class=\"ez-toc-section\" id=\"Define_objetivos_concretos\"><\/span>Define objetivos concretos<span class=\"ez-toc-section-end\"><\/span><\/h2>\n<p><\/p>\n<p><\/p>\n<p>Esto te ayudar\u00e1 a visualizar los pasos que deber\u00e1s seguir para llegar all\u00ed m\u00e1s f\u00e1cilmente y dise\u00f1ar la campa\u00f1a social m\u00e1s efectiva. Por ejemplo, puedes impulsar el tr\u00e1fico hacia tu sitio web, aumentar la credibilidad y la reputaci\u00f3n de la marca, compartir el liderazgo de pensamiento, educar a tus audiencias, fortalecer la interacci\u00f3n con ellas para incrementar su lealtad y brindar servicio al cliente. No importa cu\u00e1l sea el objetivo final, lo importante es que lo tengas en mente en todo momento.<\/p>\n<p><\/p>\n<p><\/p>\n<h2 class=\"wp-block-heading\" id=\"conoce-tu-marca\"><span class=\"ez-toc-section\" id=\"Conoce_tu_marca\"><\/span>Conoce tu marca<span class=\"ez-toc-section-end\"><\/span><\/h2>\n<p><\/p>\n<p><\/p>\n<p>Aunque parezca obvio, conocer bien tu marca es un tema esencial. Ten en claro los mensajes que quieres comunicar, la voz de la marca y el tono de la voz. Por ejemplo, la personalidad de tu marca puede ser seria, informativa, humor\u00edstica o extravagante. Mantener el mismo estilo y tono a trav\u00e9s de tu contenido, ayudar\u00e1 a que tu audiencia objetivo conozca tu marca m\u00e1s f\u00e1cilmente, la identifique, conecte con ella, la tenga en mente y le genere lealtad.<\/p>\n<p><\/p>\n<p><\/p>\n<h2 class=\"wp-block-heading\" id=\"conoce-a-tu-audiencia\"><span class=\"ez-toc-section\" id=\"Conoce_a_tu_audiencia\"><\/span>Conoce a tu audiencia<span class=\"ez-toc-section-end\"><\/span><\/h2>\n<p><\/p>\n<p><\/p>\n<p>Conocer las necesidades, gustos y desaf\u00edos de tus clientes potenciales, ayudar\u00e1 a atraer la atenci\u00f3n de tu audiencia, generar\u00e1 inter\u00e9s por seguir la marca e impulsar\u00e1 la interacci\u00f3n con el contenido que compartas. Conocer tu cliente potencial, puede llevarte, incluso, a definir si Facebook es la red social que m\u00e1s utiliza tu audiencia y qu\u00e9 tipo de contenidos crear.<\/p>\n<p><\/p>\n<p><\/p>\n<h2 class=\"wp-block-heading\" id=\"publica-contenido-de-interes-para-tu-audiencia-objetivo\"><span class=\"ez-toc-section\" id=\"Publica_contenido_de_interes_para_tu_audiencia_objetivo\"><\/span>Publica contenido de inter\u00e9s para tu audiencia objetivo<span class=\"ez-toc-section-end\"><\/span><\/h2>\n<p><\/p>\n<p><\/p>\n<p>Antes de decidir qu\u00e9 contenido publicar, primero necesitas determinar si \u00e9ste es relevante para tu audiencia objetivo, es decir, si responde a sus dudas, necesidades y gustos. Ten en cuenta que la audiencia no sigue a tu marca en las redes sociales porque quieren que les vendan, sino porque les aporta valor, las entretiene, las informa y les ayuda a resolver su vida.<\/p>\n<p><\/p>\n<p><\/p>\n<h2 class=\"wp-block-heading\" id=\"utiliza-contenido-multimedia\"><span class=\"ez-toc-section\" id=\"Utiliza_contenido_multimedia\"><\/span>Utiliza contenido multimedia<span class=\"ez-toc-section-end\"><\/span><\/h2>\n<p><\/p>\n<p><\/p>\n<p>Facebook es una plataforma que ofrece la flexibilidad para publicar una diversidad de contenidos: textos, fotos, video, video en vivo (Facebook <em>lives<\/em>), <em>links<\/em>, <em>Stories<\/em>, posteos anclados, entre otros. Lo realmente importante es utilizarlo de manera estrat\u00e9gica, es decir, conociendo los formatos que m\u00e1s prefiere tu audiencia, los que m\u00e1s generan <em>engagement<\/em> y que te ayudan a lograr tus objetivos.<\/p>\n<p><\/p>\n<p><\/p>\n<h2 class=\"wp-block-heading\" id=\"unete-a-grupos-relevantes-de-facebook\"><span class=\"ez-toc-section\" id=\"Unete_a_grupos_relevantes_de_Facebook\"><\/span>\u00danete a grupos relevantes de Facebook<span class=\"ez-toc-section-end\"><\/span><\/h2>\n<p><\/p>\n<p><\/p>\n<p>Los grupos de Facebook, especialmente los de nichos de mercado, ofrecen una amplia posibilidad de promover tu marca compartiendo contenido que responda a las dudas de la audiencia. Acceder a estos grupos te ayudar\u00e1, adem\u00e1s, a conocer cu\u00e1les son las necesidades actuales y principales desaf\u00edos de tus clientes potenciales.<\/p>\n<p><\/p>\n<p><\/p>\n<h2 class=\"wp-block-heading\" id=\"utiliza-seo-social\"><span class=\"ez-toc-section\" id=\"Utiliza_SEO_social\"><\/span>Utiliza SEO social<span class=\"ez-toc-section-end\"><\/span><\/h2>\n<p><\/p>\n<p><\/p>\n<p>Si bien las redes sociales no influyen directamente en el ranking de SEO, s\u00ed pueden impactar en los factores que afectan las clasificaciones. Aunque tu contenido puede ser encontrado de forma org\u00e1nica en buscadores, puedes <strong><a href=\"https:\/\/www.igniciondigital.com.mx\/mayor-descubrimiento-y-visibilidad-de-marca-con-marketing-en-redes-sociales\/\" target=\"_blank\" rel=\"noreferrer noopener\">usar las redes sociales para impulsar el descubrimiento<\/a><\/strong> del contenido y atraer tr\u00e1fico. Emplear palabras clave de intenci\u00f3n de b\u00fasqueda en los textos, incluyendo hashtags; as\u00ed como la utilizaci\u00f3n de v\u00ednculos de retroceso son elementos indispensables de tu estrategia.<\/p>\n<p><\/p>\n<p><\/p>\n<h2 class=\"wp-block-heading\" id=\"beneficiate-de-los-medios-pagados\"><span class=\"ez-toc-section\" id=\"Beneficiate_de_los_medios_pagados\"><\/span>Benef\u00edciate de los medios pagados<span class=\"ez-toc-section-end\"><\/span><\/h2>\n<p><\/p>\n<p><\/p>\n<p>A menudo se considera que el <em>inbound<\/em> se trata solo de medios ganados; sin embargo, para que las audiencias puedan beneficiarse del contenido de una campa\u00f1a <em>inbound<\/em>, primero necesitan verlo. Los medios pagados son un canal valioso para obtener ese alcance inicial para tu contenido, y Facebook Ads ofrece varias alternativas para tu estrategia.<\/p>\n<p><\/p>\t\t\n\t\t\t\t\t\t\t\t<figure>\n\t\t\t\t\t<img loading=\"lazy\" width=\"800\" height=\"2286\" src=\"https:\/\/infosol.com.mx\/wordpress\/wp-content\/uploads\/como-aprovechar-facebook-1.png\" alt=\"8 maneras de aprovechar Facebook al m\u00e1ximo\" decoding=\"async\" srcset=\"https:\/\/infosol.com.mx\/wordpress\/wp-content\/uploads\/como-aprovechar-facebook-1.png 800w, https:\/\/infosol.com.mx\/wordpress\/wp-content\/uploads\/como-aprovechar-facebook-1-538x1536.png 538w, https:\/\/infosol.com.mx\/wordpress\/wp-content\/uploads\/como-aprovechar-facebook-1-717x2048.png 717w, https:\/\/infosol.com.mx\/wordpress\/wp-content\/uploads\/como-aprovechar-facebook-1-600x1715.png 600w\" sizes=\"(max-width: 800px) 100vw, 800px\" \/>\t\t\t\t\t\t\t\t\t\t\t\t\t\t\t\t\t\t\t\t\t\t\t\t\t\t\t\t\t<\/figure>\n\t\t<p><\/p>\n<p><\/p>\n<p><\/p>\n<p><\/p>\n<p>Como puedes darte cuenta, a sus 18 a\u00f1os de edad, Facebook sigue siendo relevante para estrategias de <strong><a href=\"https:\/\/www.igniciondigital.com.mx\/10-beneficios-de-las-redes-sociales-para-los-negocios\/\" target=\"_blank\" rel=\"noreferrer noopener\">social media marketing<\/a><\/strong>. Desde luego, la clave para decidir si tu marca debe o no estar all\u00ed, o en cualquier otra red social; depende de otros factores como el tipo de audiencia o los objetivos a lograr. De lo que no cabe duda, es que esta red social est\u00e1 m\u00e1s vigente que nunca y puede ser de gran impacto para tu estrategia de marketing.<\/p>\n<p><\/p>\n<p><\/p>\n<p>Este contenido apareci\u00f3 por primera vez en <a href=\"https:\/\/soy.marketing\/facebook-sigue-siendo-relevante-para-mi-estrategia-de-marketing%ef%bf%bc\/\" target=\"_blank\" rel=\"noreferrer noopener\"><strong>Soy.Marketing<\/strong><\/a>.<\/p>\n<p><\/p>\n<p><\/p>\n<p>Conoce m\u00e1s contenido del autor en <a href=\"https:\/\/soy.marketing\/columnista\/hector-meza\/\" target=\"_blank\" rel=\"noreferrer noopener\"><strong>Soy.Marketing<\/strong><\/a>.<\/p>\n<p><\/p>","protected":false},"excerpt":{"rendered":"<p>Descubre c\u00f3mo aprovechar Facebook al m\u00e1ximo para potenciar tu estrategia de marketing.<\/p>\n","protected":false},"author":2,"featured_media":21894,"comment_status":"open","ping_status":"open","sticky":false,"template":"","format":"standard","meta":{"_et_pb_use_builder":"","_et_pb_old_content":"","_et_gb_content_width":"","content-type":"","_joinchat":[],"footnotes":""},"categories":[80],"tags":[1973,1974,2905],"class_list":["post-6911","post","type-post","status-publish","format-standard","has-post-thumbnail","hentry","category-marketing-digital","tag-facebook-estrategia-de-marketing","tag-como-aprovechar-facebook-para-marketing","tag-articulos"],"yoast_head":"<!-- This site is optimized with the Yoast SEO plugin v27.2 - https:\/\/yoast.com\/product\/yoast-seo-wordpress\/ -->\n<title>\u00bfFacebook sigue siendo relevante para mi estrategia de marketing? - Charlas de Caf\u00e9 de Comunicaci\u00f3n y Otras Pasiones<\/title>\n<meta name=\"description\" content=\"Descubre c\u00f3mo aprovechar Facebook al m\u00e1ximo para potenciar tu estrategia de marketing.\" \/>\n<meta name=\"robots\" content=\"index, follow, max-snippet:-1, max-image-preview:large, max-video-preview:-1\" \/>\n<link rel=\"canonical\" href=\"https:\/\/infosol.com.mx\/wordpress\/facebook-sigue-siendo-relevante-para-mi-estrategia-de-marketing\/\" \/>\n<meta property=\"og:locale\" content=\"es_ES\" \/>\n<meta property=\"og:type\" content=\"article\" \/>\n<meta property=\"og:title\" content=\"\u00bfFacebook sigue siendo relevante para mi estrategia de marketing?\" \/>\n<meta property=\"og:description\" content=\"Descubre c\u00f3mo aprovechar Facebook al m\u00e1ximo para potenciar tu estrategia de marketing.\" \/>\n<meta property=\"og:url\" content=\"https:\/\/infosol.com.mx\/wordpress\/facebook-sigue-siendo-relevante-para-mi-estrategia-de-marketing\/\" \/>\n<meta property=\"og:site_name\" content=\"Charlas de Caf\u00e9 de Comunicaci\u00f3n y Otras Pasiones\" \/>\n<meta property=\"article:publisher\" content=\"https:\/\/www.facebook.com\/infosol\/\" \/>\n<meta property=\"article:author\" content=\"https:\/\/www.facebook.com\/HectorM.MezaC?ref=br_rs_WyJrZXl3b3Jkc191c2VycyJd\" \/>\n<meta property=\"article:published_time\" content=\"2022-02-04T17:40:53+00:00\" \/>\n<meta property=\"article:modified_time\" content=\"2025-07-07T20:36:03+00:00\" \/>\n<meta property=\"og:image\" content=\"https:\/\/infosol.com.mx\/wordpress\/wp-content\/uploads\/facebook-sigue-siendo-relevante-para-mi-estrategia-de-marketing.png\" \/>\n\t<meta property=\"og:image:width\" content=\"1791\" \/>\n\t<meta property=\"og:image:height\" content=\"768\" \/>\n\t<meta property=\"og:image:type\" content=\"image\/png\" \/>\n<meta name=\"author\" content=\"H\u00e9ctor M. Meza\" \/>\n<meta name=\"twitter:card\" content=\"summary_large_image\" \/>\n<meta name=\"twitter:title\" content=\"\u00bfFacebook sigue siendo relevante para mi estrategia de marketing?\" \/>\n<meta name=\"twitter:description\" content=\"Descubre c\u00f3mo aprovechar Facebook al m\u00e1ximo para potenciar tu estrategia de marketing.\" \/>\n<meta name=\"twitter:image\" content=\"https:\/\/infosol.com.mx\/wordpress\/wp-content\/uploads\/facebook-sigue-siendo-relevante-para-mi-estrategia-de-marketing.png\" \/>\n<meta name=\"twitter:creator\" content=\"@https:\/\/twitter.com\/HectorMezaC\" \/>\n<meta name=\"twitter:site\" content=\"@EspacioInfoSol\" \/>\n<meta name=\"twitter:label1\" content=\"Escrito por\" \/>\n\t<meta name=\"twitter:data1\" content=\"H\u00e9ctor M. Meza\" \/>\n\t<meta name=\"twitter:label2\" content=\"Tiempo de lectura\" \/>\n\t<meta name=\"twitter:data2\" content=\"5 minutos\" \/>\n<script type=\"application\/ld+json\" class=\"yoast-schema-graph\">{\"@context\":\"https:\/\/schema.org\",\"@graph\":[{\"@type\":\"Article\",\"@id\":\"https:\/\/infosol.com.mx\/wordpress\/facebook-sigue-siendo-relevante-para-mi-estrategia-de-marketing\/#article\",\"isPartOf\":{\"@id\":\"https:\/\/infosol.com.mx\/wordpress\/facebook-sigue-siendo-relevante-para-mi-estrategia-de-marketing\/\"},\"author\":{\"name\":\"H\u00e9ctor M. Meza\",\"@id\":\"https:\/\/infosol.com.mx\/wordpress\/#\/schema\/person\/bb70f136abbd7e36b1f997a14c53ac3a\"},\"headline\":\"\u00bfFacebook sigue siendo relevante para mi estrategia de marketing?\",\"datePublished\":\"2022-02-04T17:40:53+00:00\",\"dateModified\":\"2025-07-07T20:36:03+00:00\",\"mainEntityOfPage\":{\"@id\":\"https:\/\/infosol.com.mx\/wordpress\/facebook-sigue-siendo-relevante-para-mi-estrategia-de-marketing\/\"},\"wordCount\":898,\"commentCount\":0,\"publisher\":{\"@id\":\"https:\/\/infosol.com.mx\/wordpress\/#organization\"},\"image\":{\"@id\":\"https:\/\/infosol.com.mx\/wordpress\/facebook-sigue-siendo-relevante-para-mi-estrategia-de-marketing\/#primaryimage\"},\"thumbnailUrl\":\"https:\/\/infosol.com.mx\/wordpress\/wp-content\/uploads\/estrategia-de-redes-facebook.webp\",\"keywords\":[\"Facebook estrategia de marketing\",\"C\u00f3mo aprovechar Facebook para marketing\",\"Art\u00edculos\"],\"articleSection\":[\"Marketing Digital\"],\"inLanguage\":\"es\",\"potentialAction\":[{\"@type\":\"CommentAction\",\"name\":\"Comment\",\"target\":[\"https:\/\/infosol.com.mx\/wordpress\/facebook-sigue-siendo-relevante-para-mi-estrategia-de-marketing\/#respond\"]}]},{\"@type\":[\"WebPage\",\"ItemPage\"],\"@id\":\"https:\/\/infosol.com.mx\/wordpress\/facebook-sigue-siendo-relevante-para-mi-estrategia-de-marketing\/\",\"url\":\"https:\/\/infosol.com.mx\/wordpress\/facebook-sigue-siendo-relevante-para-mi-estrategia-de-marketing\/\",\"name\":\"\u00bfFacebook sigue siendo relevante para mi estrategia de marketing? - Charlas de Caf\u00e9 de Comunicaci\u00f3n y Otras Pasiones\",\"isPartOf\":{\"@id\":\"https:\/\/infosol.com.mx\/wordpress\/#website\"},\"primaryImageOfPage\":{\"@id\":\"https:\/\/infosol.com.mx\/wordpress\/facebook-sigue-siendo-relevante-para-mi-estrategia-de-marketing\/#primaryimage\"},\"image\":{\"@id\":\"https:\/\/infosol.com.mx\/wordpress\/facebook-sigue-siendo-relevante-para-mi-estrategia-de-marketing\/#primaryimage\"},\"thumbnailUrl\":\"https:\/\/infosol.com.mx\/wordpress\/wp-content\/uploads\/estrategia-de-redes-facebook.webp\",\"datePublished\":\"2022-02-04T17:40:53+00:00\",\"dateModified\":\"2025-07-07T20:36:03+00:00\",\"description\":\"Descubre c\u00f3mo aprovechar Facebook al m\u00e1ximo para potenciar tu estrategia de marketing.\",\"breadcrumb\":{\"@id\":\"https:\/\/infosol.com.mx\/wordpress\/facebook-sigue-siendo-relevante-para-mi-estrategia-de-marketing\/#breadcrumb\"},\"inLanguage\":\"es\",\"potentialAction\":[{\"@type\":\"ReadAction\",\"target\":[\"https:\/\/infosol.com.mx\/wordpress\/facebook-sigue-siendo-relevante-para-mi-estrategia-de-marketing\/\"]}]},{\"@type\":\"ImageObject\",\"inLanguage\":\"es\",\"@id\":\"https:\/\/infosol.com.mx\/wordpress\/facebook-sigue-siendo-relevante-para-mi-estrategia-de-marketing\/#primaryimage\",\"url\":\"https:\/\/infosol.com.mx\/wordpress\/wp-content\/uploads\/estrategia-de-redes-facebook.webp\",\"contentUrl\":\"https:\/\/infosol.com.mx\/wordpress\/wp-content\/uploads\/estrategia-de-redes-facebook.webp\",\"width\":1200,\"height\":675},{\"@type\":\"BreadcrumbList\",\"@id\":\"https:\/\/infosol.com.mx\/wordpress\/facebook-sigue-siendo-relevante-para-mi-estrategia-de-marketing\/#breadcrumb\",\"itemListElement\":[{\"@type\":\"ListItem\",\"position\":1,\"name\":\"Inicio\",\"item\":\"https:\/\/infosol.com.mx\/wordpress\/\"},{\"@type\":\"ListItem\",\"position\":2,\"name\":\"Marketing Digital\",\"item\":\"https:\/\/infosol.com.mx\/wordpress\/category\/marketing-digital\/\"},{\"@type\":\"ListItem\",\"position\":3,\"name\":\"\u00bfFacebook sigue siendo relevante para mi estrategia de marketing?\"}]},{\"@type\":\"WebSite\",\"@id\":\"https:\/\/infosol.com.mx\/wordpress\/#website\",\"url\":\"https:\/\/infosol.com.mx\/wordpress\/\",\"name\":\"Charlas de Caf\u00e9 de Comunicaci\u00f3n y Otras Pasiones\",\"description\":\"Comunicaci\u00f3n, Relaciones P\u00fablicas, Redes Sociales y algo m\u00e1s...\",\"publisher\":{\"@id\":\"https:\/\/infosol.com.mx\/wordpress\/#organization\"},\"potentialAction\":[{\"@type\":\"SearchAction\",\"target\":{\"@type\":\"EntryPoint\",\"urlTemplate\":\"https:\/\/infosol.com.mx\/wordpress\/?s={search_term_string}\"},\"query-input\":{\"@type\":\"PropertyValueSpecification\",\"valueRequired\":true,\"valueName\":\"search_term_string\"}}],\"inLanguage\":\"es\"},{\"@type\":\"Organization\",\"@id\":\"https:\/\/infosol.com.mx\/wordpress\/#organization\",\"name\":\"InfoSol\",\"url\":\"https:\/\/infosol.com.mx\/wordpress\/\",\"logo\":{\"@type\":\"ImageObject\",\"inLanguage\":\"es\",\"@id\":\"https:\/\/infosol.com.mx\/wordpress\/#\/schema\/logo\/image\/\",\"url\":\"https:\/\/infosol.com.mx\/wordpress\/wp-content\/uploads\/InfoSol-6.0-160x46-1.webp\",\"contentUrl\":\"https:\/\/infosol.com.mx\/wordpress\/wp-content\/uploads\/InfoSol-6.0-160x46-1.webp\",\"width\":160,\"height\":46,\"caption\":\"InfoSol\"},\"image\":{\"@id\":\"https:\/\/infosol.com.mx\/wordpress\/#\/schema\/logo\/image\/\"},\"sameAs\":[\"https:\/\/www.facebook.com\/infosol\/\",\"https:\/\/x.com\/EspacioInfoSol\",\"https:\/\/www.linkedin.com\/company\/grupoinfosol\/\",\"https:\/\/www.pinterest.com.mx\/GrupoInfoSol\/\",\"https:\/\/www.youtube.com\/user\/InfoSolMiEspacio\"]},{\"@type\":\"Person\",\"@id\":\"https:\/\/infosol.com.mx\/wordpress\/#\/schema\/person\/bb70f136abbd7e36b1f997a14c53ac3a\",\"name\":\"H\u00e9ctor M. Meza\",\"image\":{\"@type\":\"ImageObject\",\"inLanguage\":\"es\",\"@id\":\"http:\/\/infosol.com.mx\/wordpress\/wp-content\/uploads\/cropped-h-meza-96x96.png\",\"url\":\"http:\/\/infosol.com.mx\/wordpress\/wp-content\/uploads\/cropped-h-meza-96x96.png\",\"contentUrl\":\"http:\/\/infosol.com.mx\/wordpress\/wp-content\/uploads\/cropped-h-meza-96x96.png\",\"caption\":\"H\u00e9ctor M. Meza\"},\"description\":\"Director General de InfoSol. MBA, Consultor y Catedr\u00e1tico en Estrategias de Comunicaci\u00f3n Integradas a la Mercadotecnia. Fue Vicepresidente en IBM de M\u00e9xico y Presidente de Motorola para M\u00e9xico, Centroam\u00e9rica y el Caribe y VP de la Corporaci\u00f3n.\",\"sameAs\":[\"http:\/\/www.infosol.com.mx\",\"https:\/\/www.facebook.com\/HectorM.MezaC?ref=br_rs_WyJrZXl3b3Jkc191c2VycyJd\",\"https:\/\/www.linkedin.com\/in\/h\u00e9ctor-meza-curiel\/\",\"https:\/\/x.com\/https:\/\/twitter.com\/HectorMezaC\"],\"url\":\"https:\/\/infosol.com.mx\/wordpress\/author\/h-meza\/\"}]}<\/script>\n<!-- \/ Yoast SEO plugin. -->","yoast_head_json":{"title":"\u00bfFacebook sigue siendo relevante para mi estrategia de marketing? - Charlas de Caf\u00e9 de Comunicaci\u00f3n y Otras Pasiones","description":"Descubre c\u00f3mo aprovechar Facebook al m\u00e1ximo para potenciar tu estrategia de marketing.","robots":{"index":"index","follow":"follow","max-snippet":"max-snippet:-1","max-image-preview":"max-image-preview:large","max-video-preview":"max-video-preview:-1"},"canonical":"https:\/\/infosol.com.mx\/wordpress\/facebook-sigue-siendo-relevante-para-mi-estrategia-de-marketing\/","og_locale":"es_ES","og_type":"article","og_title":"\u00bfFacebook sigue siendo relevante para mi estrategia de marketing?","og_description":"Descubre c\u00f3mo aprovechar Facebook al m\u00e1ximo para potenciar tu estrategia de marketing.","og_url":"https:\/\/infosol.com.mx\/wordpress\/facebook-sigue-siendo-relevante-para-mi-estrategia-de-marketing\/","og_site_name":"Charlas de Caf\u00e9 de Comunicaci\u00f3n y Otras Pasiones","article_publisher":"https:\/\/www.facebook.com\/infosol\/","article_author":"https:\/\/www.facebook.com\/HectorM.MezaC?ref=br_rs_WyJrZXl3b3Jkc191c2VycyJd","article_published_time":"2022-02-04T17:40:53+00:00","article_modified_time":"2025-07-07T20:36:03+00:00","og_image":[{"width":1791,"height":768,"url":"https:\/\/infosol.com.mx\/wordpress\/wp-content\/uploads\/facebook-sigue-siendo-relevante-para-mi-estrategia-de-marketing.png","type":"image\/png"}],"author":"H\u00e9ctor M. Meza","twitter_card":"summary_large_image","twitter_title":"\u00bfFacebook sigue siendo relevante para mi estrategia de marketing?","twitter_description":"Descubre c\u00f3mo aprovechar Facebook al m\u00e1ximo para potenciar tu estrategia de marketing.","twitter_image":"https:\/\/infosol.com.mx\/wordpress\/wp-content\/uploads\/facebook-sigue-siendo-relevante-para-mi-estrategia-de-marketing.png","twitter_creator":"@https:\/\/twitter.com\/HectorMezaC","twitter_site":"@EspacioInfoSol","twitter_misc":{"Escrito por":"H\u00e9ctor M. Meza","Tiempo de lectura":"5 minutos"},"schema":{"@context":"https:\/\/schema.org","@graph":[{"@type":"Article","@id":"https:\/\/infosol.com.mx\/wordpress\/facebook-sigue-siendo-relevante-para-mi-estrategia-de-marketing\/#article","isPartOf":{"@id":"https:\/\/infosol.com.mx\/wordpress\/facebook-sigue-siendo-relevante-para-mi-estrategia-de-marketing\/"},"author":{"name":"H\u00e9ctor M. Meza","@id":"https:\/\/infosol.com.mx\/wordpress\/#\/schema\/person\/bb70f136abbd7e36b1f997a14c53ac3a"},"headline":"\u00bfFacebook sigue siendo relevante para mi estrategia de marketing?","datePublished":"2022-02-04T17:40:53+00:00","dateModified":"2025-07-07T20:36:03+00:00","mainEntityOfPage":{"@id":"https:\/\/infosol.com.mx\/wordpress\/facebook-sigue-siendo-relevante-para-mi-estrategia-de-marketing\/"},"wordCount":898,"commentCount":0,"publisher":{"@id":"https:\/\/infosol.com.mx\/wordpress\/#organization"},"image":{"@id":"https:\/\/infosol.com.mx\/wordpress\/facebook-sigue-siendo-relevante-para-mi-estrategia-de-marketing\/#primaryimage"},"thumbnailUrl":"https:\/\/infosol.com.mx\/wordpress\/wp-content\/uploads\/estrategia-de-redes-facebook.webp","keywords":["Facebook estrategia de marketing","C\u00f3mo aprovechar Facebook para marketing","Art\u00edculos"],"articleSection":["Marketing Digital"],"inLanguage":"es","potentialAction":[{"@type":"CommentAction","name":"Comment","target":["https:\/\/infosol.com.mx\/wordpress\/facebook-sigue-siendo-relevante-para-mi-estrategia-de-marketing\/#respond"]}]},{"@type":["WebPage","ItemPage"],"@id":"https:\/\/infosol.com.mx\/wordpress\/facebook-sigue-siendo-relevante-para-mi-estrategia-de-marketing\/","url":"https:\/\/infosol.com.mx\/wordpress\/facebook-sigue-siendo-relevante-para-mi-estrategia-de-marketing\/","name":"\u00bfFacebook sigue siendo relevante para mi estrategia de marketing? - Charlas de Caf\u00e9 de Comunicaci\u00f3n y Otras Pasiones","isPartOf":{"@id":"https:\/\/infosol.com.mx\/wordpress\/#website"},"primaryImageOfPage":{"@id":"https:\/\/infosol.com.mx\/wordpress\/facebook-sigue-siendo-relevante-para-mi-estrategia-de-marketing\/#primaryimage"},"image":{"@id":"https:\/\/infosol.com.mx\/wordpress\/facebook-sigue-siendo-relevante-para-mi-estrategia-de-marketing\/#primaryimage"},"thumbnailUrl":"https:\/\/infosol.com.mx\/wordpress\/wp-content\/uploads\/estrategia-de-redes-facebook.webp","datePublished":"2022-02-04T17:40:53+00:00","dateModified":"2025-07-07T20:36:03+00:00","description":"Descubre c\u00f3mo aprovechar Facebook al m\u00e1ximo para potenciar tu estrategia de marketing.","breadcrumb":{"@id":"https:\/\/infosol.com.mx\/wordpress\/facebook-sigue-siendo-relevante-para-mi-estrategia-de-marketing\/#breadcrumb"},"inLanguage":"es","potentialAction":[{"@type":"ReadAction","target":["https:\/\/infosol.com.mx\/wordpress\/facebook-sigue-siendo-relevante-para-mi-estrategia-de-marketing\/"]}]},{"@type":"ImageObject","inLanguage":"es","@id":"https:\/\/infosol.com.mx\/wordpress\/facebook-sigue-siendo-relevante-para-mi-estrategia-de-marketing\/#primaryimage","url":"https:\/\/infosol.com.mx\/wordpress\/wp-content\/uploads\/estrategia-de-redes-facebook.webp","contentUrl":"https:\/\/infosol.com.mx\/wordpress\/wp-content\/uploads\/estrategia-de-redes-facebook.webp","width":1200,"height":675},{"@type":"BreadcrumbList","@id":"https:\/\/infosol.com.mx\/wordpress\/facebook-sigue-siendo-relevante-para-mi-estrategia-de-marketing\/#breadcrumb","itemListElement":[{"@type":"ListItem","position":1,"name":"Inicio","item":"https:\/\/infosol.com.mx\/wordpress\/"},{"@type":"ListItem","position":2,"name":"Marketing Digital","item":"https:\/\/infosol.com.mx\/wordpress\/category\/marketing-digital\/"},{"@type":"ListItem","position":3,"name":"\u00bfFacebook sigue siendo relevante para mi estrategia de marketing?"}]},{"@type":"WebSite","@id":"https:\/\/infosol.com.mx\/wordpress\/#website","url":"https:\/\/infosol.com.mx\/wordpress\/","name":"Charlas de Caf\u00e9 de Comunicaci\u00f3n y Otras Pasiones","description":"Comunicaci\u00f3n, Relaciones P\u00fablicas, Redes Sociales y algo m\u00e1s...","publisher":{"@id":"https:\/\/infosol.com.mx\/wordpress\/#organization"},"potentialAction":[{"@type":"SearchAction","target":{"@type":"EntryPoint","urlTemplate":"https:\/\/infosol.com.mx\/wordpress\/?s={search_term_string}"},"query-input":{"@type":"PropertyValueSpecification","valueRequired":true,"valueName":"search_term_string"}}],"inLanguage":"es"},{"@type":"Organization","@id":"https:\/\/infosol.com.mx\/wordpress\/#organization","name":"InfoSol","url":"https:\/\/infosol.com.mx\/wordpress\/","logo":{"@type":"ImageObject","inLanguage":"es","@id":"https:\/\/infosol.com.mx\/wordpress\/#\/schema\/logo\/image\/","url":"https:\/\/infosol.com.mx\/wordpress\/wp-content\/uploads\/InfoSol-6.0-160x46-1.webp","contentUrl":"https:\/\/infosol.com.mx\/wordpress\/wp-content\/uploads\/InfoSol-6.0-160x46-1.webp","width":160,"height":46,"caption":"InfoSol"},"image":{"@id":"https:\/\/infosol.com.mx\/wordpress\/#\/schema\/logo\/image\/"},"sameAs":["https:\/\/www.facebook.com\/infosol\/","https:\/\/x.com\/EspacioInfoSol","https:\/\/www.linkedin.com\/company\/grupoinfosol\/","https:\/\/www.pinterest.com.mx\/GrupoInfoSol\/","https:\/\/www.youtube.com\/user\/InfoSolMiEspacio"]},{"@type":"Person","@id":"https:\/\/infosol.com.mx\/wordpress\/#\/schema\/person\/bb70f136abbd7e36b1f997a14c53ac3a","name":"H\u00e9ctor M. Meza","image":{"@type":"ImageObject","inLanguage":"es","@id":"http:\/\/infosol.com.mx\/wordpress\/wp-content\/uploads\/cropped-h-meza-96x96.png","url":"http:\/\/infosol.com.mx\/wordpress\/wp-content\/uploads\/cropped-h-meza-96x96.png","contentUrl":"http:\/\/infosol.com.mx\/wordpress\/wp-content\/uploads\/cropped-h-meza-96x96.png","caption":"H\u00e9ctor M. Meza"},"description":"Director General de InfoSol. MBA, Consultor y Catedr\u00e1tico en Estrategias de Comunicaci\u00f3n Integradas a la Mercadotecnia. Fue Vicepresidente en IBM de M\u00e9xico y Presidente de Motorola para M\u00e9xico, Centroam\u00e9rica y el Caribe y VP de la Corporaci\u00f3n.","sameAs":["http:\/\/www.infosol.com.mx","https:\/\/www.facebook.com\/HectorM.MezaC?ref=br_rs_WyJrZXl3b3Jkc191c2VycyJd","https:\/\/www.linkedin.com\/in\/h\u00e9ctor-meza-curiel\/","https:\/\/x.com\/https:\/\/twitter.com\/HectorMezaC"],"url":"https:\/\/infosol.com.mx\/wordpress\/author\/h-meza\/"}]}},"_links":{"self":[{"href":"https:\/\/infosol.com.mx\/wordpress\/wp-json\/wp\/v2\/posts\/6911","targetHints":{"allow":["GET"]}}],"collection":[{"href":"https:\/\/infosol.com.mx\/wordpress\/wp-json\/wp\/v2\/posts"}],"about":[{"href":"https:\/\/infosol.com.mx\/wordpress\/wp-json\/wp\/v2\/types\/post"}],"author":[{"embeddable":true,"href":"https:\/\/infosol.com.mx\/wordpress\/wp-json\/wp\/v2\/users\/2"}],"replies":[{"embeddable":true,"href":"https:\/\/infosol.com.mx\/wordpress\/wp-json\/wp\/v2\/comments?post=6911"}],"version-history":[{"count":20,"href":"https:\/\/infosol.com.mx\/wordpress\/wp-json\/wp\/v2\/posts\/6911\/revisions"}],"predecessor-version":[{"id":24690,"href":"https:\/\/infosol.com.mx\/wordpress\/wp-json\/wp\/v2\/posts\/6911\/revisions\/24690"}],"wp:featuredmedia":[{"embeddable":true,"href":"https:\/\/infosol.com.mx\/wordpress\/wp-json\/wp\/v2\/media\/21894"}],"wp:attachment":[{"href":"https:\/\/infosol.com.mx\/wordpress\/wp-json\/wp\/v2\/media?parent=6911"}],"wp:term":[{"taxonomy":"category","embeddable":true,"href":"https:\/\/infosol.com.mx\/wordpress\/wp-json\/wp\/v2\/categories?post=6911"},{"taxonomy":"post_tag","embeddable":true,"href":"https:\/\/infosol.com.mx\/wordpress\/wp-json\/wp\/v2\/tags?post=6911"}],"curies":[{"name":"wp","href":"https:\/\/api.w.org\/{rel}","templated":true}]}}