{"id":6898,"date":"2022-03-01T14:14:00","date_gmt":"2022-03-01T20:14:00","guid":{"rendered":"http:\/\/infosol.com.mx\/wordpress\/?p=6898"},"modified":"2025-07-07T14:49:58","modified_gmt":"2025-07-07T20:49:58","slug":"grandes-retos-para-el-lider-de-negocio-en-2022","status":"publish","type":"post","link":"https:\/\/infosol.com.mx\/wordpress\/grandes-retos-para-el-lider-de-negocio-en-2022\/","title":{"rendered":"Grandes retos para el l\u00edder de negocio en 2022"},"content":{"rendered":"\n<p>Desde hace dos a\u00f1os, cuando la OMS declar\u00f3 al COVID-19 una pandemia mundial, nuestra forma normal de vida y trabajo ha cambiado dr\u00e1sticamente. Los l\u00edderes han trabajado duro durante este tiempo para adaptarse a los nuevos retos y apoyar a la fuerza laboral.<\/p>\n\n\n<p>Durante 2022, llegar\u00e1 otra oportunidad de abordar nuevos desaf\u00edos y hacer crecer nuestros negocios.\u00a0Revisemos algunas de las corrientes clave en las que nos debemos centrar para insertarnos de manera saludable en el paradigma para 2022:\u00a0<\/p>\n\n\n<ol class=\"wp-block-list\" type=\"1\">\n<li><strong>Sustentabilidad:\u00a0<\/strong>A medida que el mundo mira m\u00e1s all\u00e1 de la pandemia de COVID-19, est\u00e1 surgiendo un consenso: ciertas medidas para frenar el crecimiento de las emisiones de gases de efecto invernadero ser\u00e1n fundamentales para la recuperaci\u00f3n econ\u00f3mica mundial. Tambi\u00e9n est\u00e1 creciendo la conciencia sobre la necesidad urgente de frenar la destrucci\u00f3n del mundo natural, y cada vez est\u00e1 m\u00e1s claro que las dos crisis ambientales (el clima cambiante y la p\u00e9rdida de la naturaleza), est\u00e1n inextricablemente vinculadas y se agravan.<\/li>\n<\/ol>\n\n\n<p>Muchas empresas han tomado medidas serias en este respecto porque as\u00ed lo han querido; sin embargo, en un futuro muy cercano, los consumidores y los reguladores insistir\u00e1n en ello. En este contexto,\u00a0<a href=\"https:\/\/infosol.com.mx\/wordpress\/marcas-sustentables-mas-alla-de-la-causa-ambiental-2\/\" target=\"_blank\" rel=\"noreferrer noopener\"><strong>la sustentabilidad<\/strong><\/a> debe realizarse de forma tan sistem\u00e1tica como la digitalizaci\u00f3n o el desarrollo de estrategias porque ser\u00e1 una fuente importante de ventaja competitiva a largo plazo.<\/p>\n\n\n<ol class=\"wp-block-list\" start=\"2\" type=\"1\">\n<li><strong>Integraci\u00f3n de equipos h\u00edbridos:\u00a0<\/strong>La pandemia cambi\u00f3 la forma en que interactuamos en el trabajo, haciendo que los modelos h\u00edbridos y la oficina en casa sean una realidad viable para muchos. Seg\u00fan un informe de Microsoft, el 81% de los trabajadores quiere que se mantengan las opciones de trabajo remoto flexible, mientras que el 75% quiere m\u00e1s tiempo en persona con su equipo despu\u00e9s de la pandemia.<\/li>\n<\/ol>\n\n\n<p>Lo anterior nos demuestra que el modelo h\u00edbrido es algo que podr\u00eda mantenerse en la nueva normalidad y a nivel de liderazgo representa un gran desaf\u00edo, sobre todo en el sentido de poder gestionar e integrar equipos de manera eficaz. Una gran alternativa para trabajar en esto es\u00a0<strong><a href=\"https:\/\/infosol.com.mx\/wordpress\/cultura-organizacional-como-fortalecerla-a-a-distancia\/\" target=\"_blank\" rel=\"noreferrer noopener\">fortalecer la cultura organizacional<\/a><\/strong>\u00a0y promover la autonom\u00eda laboral, ya que esto permite construir equipos independientes que favorezcan el trabajo presencial y remoto.<\/p>\n\n\n<ol class=\"wp-block-list\" start=\"3\" type=\"1\">\n<li><strong>Prop\u00f3sito en el trabajo:\u00a0<\/strong>Seg\u00fan un informe de McKinsey, casi siete de cada diez empleados est\u00e1n reflexionando sobre su prop\u00f3sito de vida debido a COVID-19. El tema es intensamente personal y aparentemente inaccesible para los l\u00edderes, a menos que adopten un enfoque apropiado.\u00a0<\/li>\n<\/ol>\n\n\n<p>Una investigaci\u00f3n de McKinsey encontr\u00f3 que el 70% de los empleados dijo que su sentido de prop\u00f3sito est\u00e1 definido por su trabajo y los l\u00edderes juegan un papel importante en ayudar a los colaboradores a encontrar su prop\u00f3sito y vivirlo.\u00a0Este es un momento perfecto para revisar y recordar a los colaboradores la misi\u00f3n y los valores de la empresa, y se\u00f1alar c\u00f3mo contribuye cada individuo\u00a0\u00a0a la estrategia de la empresa.\u00a0<\/p>\n\n\n<ol class=\"wp-block-list\" start=\"4\" type=\"1\">\n<li><strong>Salud mental y bienestar de los colaboradores:\u00a0<\/strong>Otra \u00e1rea en la que deber\u00e1s enfocarte es en el apoyo al\u00a0<strong><a href=\"https:\/\/infosol.com.mx\/wordpress\/trastornos-psicologicos-causados-por-la-cuarentena-que-afectan-la-productividad-en-el-trabajo\/\" target=\"_blank\" rel=\"noreferrer noopener\">cuidado y bienestar<\/a><\/strong>\u00a0de los trabajadores. Durante los \u00faltimos dos a\u00f1os, los l\u00edderes se han centrado en desarrollar y brindar apoyo a la salud mental a sus trabajadores.\u00a0<\/li>\n<\/ol>\n\n\n<p>El Consejo Nacional de Salud Mental prev\u00e9 que la incorporaci\u00f3n a la nueva normalidad, tras el aislamiento, puede generar trastornos de adaptaci\u00f3n o estr\u00e9s. Con tantos cambios en nuestra vida y en la de nuestros colaboradores de trabajo, es necesario que los l\u00edderes de las organizaciones tomemos un rol muy activo para ayudar a nuestro equipo de trabajo a evitar o mitigar estos trastornos emocionales, procurando el bienestar y evitando un impacto negativo en el trabajo cotidiano.<\/p>\n\n\n<ol class=\"wp-block-list\" start=\"5\" type=\"1\">\n<li><strong>Adopci\u00f3n de tecnolog\u00eda<\/strong>: Durante los \u00faltimos a\u00f1os, muchas organizaciones tuvieron que adoptar nuevos programas y aplicaciones para mantenerse activas. La b\u00fasqueda de nuevas tecnolog\u00edas y el uso de datos como una forma de obtener mejores resultados y decisiones debe convertirse en una actividad permanente.<\/li>\n<\/ol>\n\n\n<p>Cuando las personas aprenden algo nuevo, a menudo descubren en los primeros d\u00edas que requiere mucho esfuerzo y atenci\u00f3n, se sienten dif\u00edciles y ofrecen pocas recompensas porque a\u00fan no son buenos en eso. Es por eso que la adopci\u00f3n de tecnolog\u00eda no se trata solo de implementaci\u00f3n. Tambi\u00e9n se trata de aprender a usar esa tecnolog\u00eda, convertirse en un experto en su aplicaci\u00f3n y aprovecharla de nuevas formas que mejoren la eficacia y la eficiencia. Esto pone un \u00e9nfasis en la creaci\u00f3n de una organizaci\u00f3n de aprendizaje que se adapte a medida que evolucionan las capacidades tecnol\u00f3gicas.<\/p>\n\n\n<p>Durante 2022 ser\u00e1 fundamental gestionar el capital humano de forma diferente, gestionar equipos h\u00edbridos, tener culturas organizacionales m\u00e1s estrat\u00e9gicas y cuidar la salud mental en los empleados; sin duda estas tendencias representan una oportunidad para reinventarnos y ser m\u00e1s competitivos. Adem\u00e1s, no debemos olvidar que una de las principales caracter\u00edsticas del liderazgo es su capacidad de adaptaci\u00f3n al entorno, disfrutemos del camino y de los retos que nos traer\u00e1 el pr\u00f3ximo a\u00f1o.<\/p>\n\n\n<p>Este contenido apareci\u00f3 por primera vez en\u00a0<strong>Mundo Ejecutivo<\/strong>.<\/p>\n\n\n<p>Conoce m\u00e1s contenido del autor en\u00a0<strong>Mundo Ejecutivo<\/strong>.<\/p>\n","protected":false},"excerpt":{"rendered":"<p>Conoce algunos consejos para que los l\u00edderes de negocio puedan superar los retos de 2022.<\/p>\n","protected":false},"author":2,"featured_media":18153,"comment_status":"open","ping_status":"open","sticky":false,"template":"","format":"standard","meta":{"_et_pb_use_builder":"","_et_pb_old_content":"","_et_gb_content_width":"","content-type":"","_joinchat":[],"footnotes":""},"categories":[491],"tags":[1970,1971,2905],"class_list":["post-6898","post","type-post","status-publish","format-standard","has-post-thumbnail","hentry","category-mangement","tag-lideres-de-negocio","tag-retos-de-un-lider","tag-articulos"],"yoast_head":"<!-- This site is optimized with the Yoast SEO plugin v27.2 - https:\/\/yoast.com\/product\/yoast-seo-wordpress\/ -->\n<title>Grandes retos para el l\u00edder de negocio en 2022 - Charlas de Caf\u00e9 de Comunicaci\u00f3n y Otras Pasiones<\/title>\n<meta name=\"description\" content=\"Conoce algunos consejos para que los l\u00edderes de negocio puedan superar los retos de 2022.\" \/>\n<meta name=\"robots\" content=\"index, follow, max-snippet:-1, max-image-preview:large, max-video-preview:-1\" \/>\n<link rel=\"canonical\" href=\"https:\/\/infosol.com.mx\/wordpress\/grandes-retos-para-el-lider-de-negocio-en-2022\/\" \/>\n<meta property=\"og:locale\" content=\"es_ES\" \/>\n<meta property=\"og:type\" content=\"article\" \/>\n<meta property=\"og:title\" content=\"Grandes retos para el l\u00edder de negocio en 2022\" \/>\n<meta property=\"og:description\" content=\"Conoce algunos consejos para que los l\u00edderes de negocio puedan superar los retos de 2022.\" \/>\n<meta property=\"og:url\" content=\"https:\/\/infosol.com.mx\/wordpress\/grandes-retos-para-el-lider-de-negocio-en-2022\/\" \/>\n<meta property=\"og:site_name\" content=\"Charlas de Caf\u00e9 de Comunicaci\u00f3n y Otras Pasiones\" \/>\n<meta property=\"article:publisher\" content=\"https:\/\/www.facebook.com\/infosol\/\" \/>\n<meta property=\"article:author\" content=\"https:\/\/www.facebook.com\/HectorM.MezaC?ref=br_rs_WyJrZXl3b3Jkc191c2VycyJd\" \/>\n<meta property=\"article:published_time\" content=\"2022-03-01T20:14:00+00:00\" \/>\n<meta property=\"article:modified_time\" content=\"2025-07-07T20:49:58+00:00\" \/>\n<meta name=\"author\" content=\"H\u00e9ctor M. Meza\" \/>\n<meta name=\"twitter:card\" content=\"summary_large_image\" \/>\n<meta name=\"twitter:title\" content=\"Grandes retos para el l\u00edder de negocio en 2022\" \/>\n<meta name=\"twitter:description\" content=\"Conoce algunos consejos para que los l\u00edderes de negocio puedan superar los retos de 2022.\" \/>\n<meta name=\"twitter:creator\" content=\"@https:\/\/twitter.com\/HectorMezaC\" \/>\n<meta name=\"twitter:site\" content=\"@EspacioInfoSol\" \/>\n<meta name=\"twitter:label1\" content=\"Escrito por\" \/>\n\t<meta name=\"twitter:data1\" content=\"H\u00e9ctor M. Meza\" \/>\n\t<meta name=\"twitter:label2\" content=\"Tiempo de lectura\" \/>\n\t<meta name=\"twitter:data2\" content=\"4 minutos\" \/>\n<script type=\"application\/ld+json\" class=\"yoast-schema-graph\">{\"@context\":\"https:\/\/schema.org\",\"@graph\":[{\"@type\":\"Article\",\"@id\":\"https:\/\/infosol.com.mx\/wordpress\/grandes-retos-para-el-lider-de-negocio-en-2022\/#article\",\"isPartOf\":{\"@id\":\"https:\/\/infosol.com.mx\/wordpress\/grandes-retos-para-el-lider-de-negocio-en-2022\/\"},\"author\":{\"name\":\"H\u00e9ctor M. Meza\",\"@id\":\"https:\/\/infosol.com.mx\/wordpress\/#\/schema\/person\/bb70f136abbd7e36b1f997a14c53ac3a\"},\"headline\":\"Grandes retos para el l\u00edder de negocio en 2022\",\"datePublished\":\"2022-03-01T20:14:00+00:00\",\"dateModified\":\"2025-07-07T20:49:58+00:00\",\"mainEntityOfPage\":{\"@id\":\"https:\/\/infosol.com.mx\/wordpress\/grandes-retos-para-el-lider-de-negocio-en-2022\/\"},\"wordCount\":902,\"commentCount\":0,\"publisher\":{\"@id\":\"https:\/\/infosol.com.mx\/wordpress\/#organization\"},\"image\":{\"@id\":\"https:\/\/infosol.com.mx\/wordpress\/grandes-retos-para-el-lider-de-negocio-en-2022\/#primaryimage\"},\"thumbnailUrl\":\"https:\/\/infosol.com.mx\/wordpress\/wp-content\/uploads\/lideres-de-negocio.webp\",\"keywords\":[\"L\u00edderes de negocio\",\"Retos de un l\u00edder\",\"Art\u00edculos\"],\"articleSection\":[\"Management\"],\"inLanguage\":\"es\",\"potentialAction\":[{\"@type\":\"CommentAction\",\"name\":\"Comment\",\"target\":[\"https:\/\/infosol.com.mx\/wordpress\/grandes-retos-para-el-lider-de-negocio-en-2022\/#respond\"]}]},{\"@type\":[\"WebPage\",\"ItemPage\"],\"@id\":\"https:\/\/infosol.com.mx\/wordpress\/grandes-retos-para-el-lider-de-negocio-en-2022\/\",\"url\":\"https:\/\/infosol.com.mx\/wordpress\/grandes-retos-para-el-lider-de-negocio-en-2022\/\",\"name\":\"Grandes retos para el l\u00edder de negocio en 2022 - Charlas de Caf\u00e9 de Comunicaci\u00f3n y Otras Pasiones\",\"isPartOf\":{\"@id\":\"https:\/\/infosol.com.mx\/wordpress\/#website\"},\"primaryImageOfPage\":{\"@id\":\"https:\/\/infosol.com.mx\/wordpress\/grandes-retos-para-el-lider-de-negocio-en-2022\/#primaryimage\"},\"image\":{\"@id\":\"https:\/\/infosol.com.mx\/wordpress\/grandes-retos-para-el-lider-de-negocio-en-2022\/#primaryimage\"},\"thumbnailUrl\":\"https:\/\/infosol.com.mx\/wordpress\/wp-content\/uploads\/lideres-de-negocio.webp\",\"datePublished\":\"2022-03-01T20:14:00+00:00\",\"dateModified\":\"2025-07-07T20:49:58+00:00\",\"description\":\"Conoce algunos consejos para que los l\u00edderes de negocio puedan superar los retos de 2022.\",\"breadcrumb\":{\"@id\":\"https:\/\/infosol.com.mx\/wordpress\/grandes-retos-para-el-lider-de-negocio-en-2022\/#breadcrumb\"},\"inLanguage\":\"es\",\"potentialAction\":[{\"@type\":\"ReadAction\",\"target\":[\"https:\/\/infosol.com.mx\/wordpress\/grandes-retos-para-el-lider-de-negocio-en-2022\/\"]}]},{\"@type\":\"ImageObject\",\"inLanguage\":\"es\",\"@id\":\"https:\/\/infosol.com.mx\/wordpress\/grandes-retos-para-el-lider-de-negocio-en-2022\/#primaryimage\",\"url\":\"https:\/\/infosol.com.mx\/wordpress\/wp-content\/uploads\/lideres-de-negocio.webp\",\"contentUrl\":\"https:\/\/infosol.com.mx\/wordpress\/wp-content\/uploads\/lideres-de-negocio.webp\",\"width\":1200,\"height\":675},{\"@type\":\"BreadcrumbList\",\"@id\":\"https:\/\/infosol.com.mx\/wordpress\/grandes-retos-para-el-lider-de-negocio-en-2022\/#breadcrumb\",\"itemListElement\":[{\"@type\":\"ListItem\",\"position\":1,\"name\":\"Inicio\",\"item\":\"https:\/\/infosol.com.mx\/wordpress\/\"},{\"@type\":\"ListItem\",\"position\":2,\"name\":\"Management\",\"item\":\"https:\/\/infosol.com.mx\/wordpress\/category\/mangement\/\"},{\"@type\":\"ListItem\",\"position\":3,\"name\":\"Grandes retos para el l\u00edder de negocio en 2022\"}]},{\"@type\":\"WebSite\",\"@id\":\"https:\/\/infosol.com.mx\/wordpress\/#website\",\"url\":\"https:\/\/infosol.com.mx\/wordpress\/\",\"name\":\"Charlas de Caf\u00e9 de Comunicaci\u00f3n y Otras Pasiones\",\"description\":\"Comunicaci\u00f3n, Relaciones P\u00fablicas, Redes Sociales y algo m\u00e1s...\",\"publisher\":{\"@id\":\"https:\/\/infosol.com.mx\/wordpress\/#organization\"},\"potentialAction\":[{\"@type\":\"SearchAction\",\"target\":{\"@type\":\"EntryPoint\",\"urlTemplate\":\"https:\/\/infosol.com.mx\/wordpress\/?s={search_term_string}\"},\"query-input\":{\"@type\":\"PropertyValueSpecification\",\"valueRequired\":true,\"valueName\":\"search_term_string\"}}],\"inLanguage\":\"es\"},{\"@type\":\"Organization\",\"@id\":\"https:\/\/infosol.com.mx\/wordpress\/#organization\",\"name\":\"InfoSol\",\"url\":\"https:\/\/infosol.com.mx\/wordpress\/\",\"logo\":{\"@type\":\"ImageObject\",\"inLanguage\":\"es\",\"@id\":\"https:\/\/infosol.com.mx\/wordpress\/#\/schema\/logo\/image\/\",\"url\":\"https:\/\/infosol.com.mx\/wordpress\/wp-content\/uploads\/InfoSol-6.0-160x46-1.webp\",\"contentUrl\":\"https:\/\/infosol.com.mx\/wordpress\/wp-content\/uploads\/InfoSol-6.0-160x46-1.webp\",\"width\":160,\"height\":46,\"caption\":\"InfoSol\"},\"image\":{\"@id\":\"https:\/\/infosol.com.mx\/wordpress\/#\/schema\/logo\/image\/\"},\"sameAs\":[\"https:\/\/www.facebook.com\/infosol\/\",\"https:\/\/x.com\/EspacioInfoSol\",\"https:\/\/www.linkedin.com\/company\/grupoinfosol\/\",\"https:\/\/www.pinterest.com.mx\/GrupoInfoSol\/\",\"https:\/\/www.youtube.com\/user\/InfoSolMiEspacio\"]},{\"@type\":\"Person\",\"@id\":\"https:\/\/infosol.com.mx\/wordpress\/#\/schema\/person\/bb70f136abbd7e36b1f997a14c53ac3a\",\"name\":\"H\u00e9ctor M. Meza\",\"image\":{\"@type\":\"ImageObject\",\"inLanguage\":\"es\",\"@id\":\"http:\/\/infosol.com.mx\/wordpress\/wp-content\/uploads\/cropped-h-meza-96x96.png\",\"url\":\"http:\/\/infosol.com.mx\/wordpress\/wp-content\/uploads\/cropped-h-meza-96x96.png\",\"contentUrl\":\"http:\/\/infosol.com.mx\/wordpress\/wp-content\/uploads\/cropped-h-meza-96x96.png\",\"caption\":\"H\u00e9ctor M. Meza\"},\"description\":\"Director General de InfoSol. MBA, Consultor y Catedr\u00e1tico en Estrategias de Comunicaci\u00f3n Integradas a la Mercadotecnia. Fue Vicepresidente en IBM de M\u00e9xico y Presidente de Motorola para M\u00e9xico, Centroam\u00e9rica y el Caribe y VP de la Corporaci\u00f3n.\",\"sameAs\":[\"http:\/\/www.infosol.com.mx\",\"https:\/\/www.facebook.com\/HectorM.MezaC?ref=br_rs_WyJrZXl3b3Jkc191c2VycyJd\",\"https:\/\/www.linkedin.com\/in\/h\u00e9ctor-meza-curiel\/\",\"https:\/\/x.com\/https:\/\/twitter.com\/HectorMezaC\"],\"url\":\"https:\/\/infosol.com.mx\/wordpress\/author\/h-meza\/\"}]}<\/script>\n<!-- \/ Yoast SEO plugin. -->","yoast_head_json":{"title":"Grandes retos para el l\u00edder de negocio en 2022 - Charlas de Caf\u00e9 de Comunicaci\u00f3n y Otras Pasiones","description":"Conoce algunos consejos para que los l\u00edderes de negocio puedan superar los retos de 2022.","robots":{"index":"index","follow":"follow","max-snippet":"max-snippet:-1","max-image-preview":"max-image-preview:large","max-video-preview":"max-video-preview:-1"},"canonical":"https:\/\/infosol.com.mx\/wordpress\/grandes-retos-para-el-lider-de-negocio-en-2022\/","og_locale":"es_ES","og_type":"article","og_title":"Grandes retos para el l\u00edder de negocio en 2022","og_description":"Conoce algunos consejos para que los l\u00edderes de negocio puedan superar los retos de 2022.","og_url":"https:\/\/infosol.com.mx\/wordpress\/grandes-retos-para-el-lider-de-negocio-en-2022\/","og_site_name":"Charlas de Caf\u00e9 de Comunicaci\u00f3n y Otras Pasiones","article_publisher":"https:\/\/www.facebook.com\/infosol\/","article_author":"https:\/\/www.facebook.com\/HectorM.MezaC?ref=br_rs_WyJrZXl3b3Jkc191c2VycyJd","article_published_time":"2022-03-01T20:14:00+00:00","article_modified_time":"2025-07-07T20:49:58+00:00","author":"H\u00e9ctor M. Meza","twitter_card":"summary_large_image","twitter_title":"Grandes retos para el l\u00edder de negocio en 2022","twitter_description":"Conoce algunos consejos para que los l\u00edderes de negocio puedan superar los retos de 2022.","twitter_creator":"@https:\/\/twitter.com\/HectorMezaC","twitter_site":"@EspacioInfoSol","twitter_misc":{"Escrito por":"H\u00e9ctor M. Meza","Tiempo de lectura":"4 minutos"},"schema":{"@context":"https:\/\/schema.org","@graph":[{"@type":"Article","@id":"https:\/\/infosol.com.mx\/wordpress\/grandes-retos-para-el-lider-de-negocio-en-2022\/#article","isPartOf":{"@id":"https:\/\/infosol.com.mx\/wordpress\/grandes-retos-para-el-lider-de-negocio-en-2022\/"},"author":{"name":"H\u00e9ctor M. Meza","@id":"https:\/\/infosol.com.mx\/wordpress\/#\/schema\/person\/bb70f136abbd7e36b1f997a14c53ac3a"},"headline":"Grandes retos para el l\u00edder de negocio en 2022","datePublished":"2022-03-01T20:14:00+00:00","dateModified":"2025-07-07T20:49:58+00:00","mainEntityOfPage":{"@id":"https:\/\/infosol.com.mx\/wordpress\/grandes-retos-para-el-lider-de-negocio-en-2022\/"},"wordCount":902,"commentCount":0,"publisher":{"@id":"https:\/\/infosol.com.mx\/wordpress\/#organization"},"image":{"@id":"https:\/\/infosol.com.mx\/wordpress\/grandes-retos-para-el-lider-de-negocio-en-2022\/#primaryimage"},"thumbnailUrl":"https:\/\/infosol.com.mx\/wordpress\/wp-content\/uploads\/lideres-de-negocio.webp","keywords":["L\u00edderes de negocio","Retos de un l\u00edder","Art\u00edculos"],"articleSection":["Management"],"inLanguage":"es","potentialAction":[{"@type":"CommentAction","name":"Comment","target":["https:\/\/infosol.com.mx\/wordpress\/grandes-retos-para-el-lider-de-negocio-en-2022\/#respond"]}]},{"@type":["WebPage","ItemPage"],"@id":"https:\/\/infosol.com.mx\/wordpress\/grandes-retos-para-el-lider-de-negocio-en-2022\/","url":"https:\/\/infosol.com.mx\/wordpress\/grandes-retos-para-el-lider-de-negocio-en-2022\/","name":"Grandes retos para el l\u00edder de negocio en 2022 - Charlas de Caf\u00e9 de Comunicaci\u00f3n y Otras Pasiones","isPartOf":{"@id":"https:\/\/infosol.com.mx\/wordpress\/#website"},"primaryImageOfPage":{"@id":"https:\/\/infosol.com.mx\/wordpress\/grandes-retos-para-el-lider-de-negocio-en-2022\/#primaryimage"},"image":{"@id":"https:\/\/infosol.com.mx\/wordpress\/grandes-retos-para-el-lider-de-negocio-en-2022\/#primaryimage"},"thumbnailUrl":"https:\/\/infosol.com.mx\/wordpress\/wp-content\/uploads\/lideres-de-negocio.webp","datePublished":"2022-03-01T20:14:00+00:00","dateModified":"2025-07-07T20:49:58+00:00","description":"Conoce algunos consejos para que los l\u00edderes de negocio puedan superar los retos de 2022.","breadcrumb":{"@id":"https:\/\/infosol.com.mx\/wordpress\/grandes-retos-para-el-lider-de-negocio-en-2022\/#breadcrumb"},"inLanguage":"es","potentialAction":[{"@type":"ReadAction","target":["https:\/\/infosol.com.mx\/wordpress\/grandes-retos-para-el-lider-de-negocio-en-2022\/"]}]},{"@type":"ImageObject","inLanguage":"es","@id":"https:\/\/infosol.com.mx\/wordpress\/grandes-retos-para-el-lider-de-negocio-en-2022\/#primaryimage","url":"https:\/\/infosol.com.mx\/wordpress\/wp-content\/uploads\/lideres-de-negocio.webp","contentUrl":"https:\/\/infosol.com.mx\/wordpress\/wp-content\/uploads\/lideres-de-negocio.webp","width":1200,"height":675},{"@type":"BreadcrumbList","@id":"https:\/\/infosol.com.mx\/wordpress\/grandes-retos-para-el-lider-de-negocio-en-2022\/#breadcrumb","itemListElement":[{"@type":"ListItem","position":1,"name":"Inicio","item":"https:\/\/infosol.com.mx\/wordpress\/"},{"@type":"ListItem","position":2,"name":"Management","item":"https:\/\/infosol.com.mx\/wordpress\/category\/mangement\/"},{"@type":"ListItem","position":3,"name":"Grandes retos para el l\u00edder de negocio en 2022"}]},{"@type":"WebSite","@id":"https:\/\/infosol.com.mx\/wordpress\/#website","url":"https:\/\/infosol.com.mx\/wordpress\/","name":"Charlas de Caf\u00e9 de Comunicaci\u00f3n y Otras Pasiones","description":"Comunicaci\u00f3n, Relaciones P\u00fablicas, Redes Sociales y algo m\u00e1s...","publisher":{"@id":"https:\/\/infosol.com.mx\/wordpress\/#organization"},"potentialAction":[{"@type":"SearchAction","target":{"@type":"EntryPoint","urlTemplate":"https:\/\/infosol.com.mx\/wordpress\/?s={search_term_string}"},"query-input":{"@type":"PropertyValueSpecification","valueRequired":true,"valueName":"search_term_string"}}],"inLanguage":"es"},{"@type":"Organization","@id":"https:\/\/infosol.com.mx\/wordpress\/#organization","name":"InfoSol","url":"https:\/\/infosol.com.mx\/wordpress\/","logo":{"@type":"ImageObject","inLanguage":"es","@id":"https:\/\/infosol.com.mx\/wordpress\/#\/schema\/logo\/image\/","url":"https:\/\/infosol.com.mx\/wordpress\/wp-content\/uploads\/InfoSol-6.0-160x46-1.webp","contentUrl":"https:\/\/infosol.com.mx\/wordpress\/wp-content\/uploads\/InfoSol-6.0-160x46-1.webp","width":160,"height":46,"caption":"InfoSol"},"image":{"@id":"https:\/\/infosol.com.mx\/wordpress\/#\/schema\/logo\/image\/"},"sameAs":["https:\/\/www.facebook.com\/infosol\/","https:\/\/x.com\/EspacioInfoSol","https:\/\/www.linkedin.com\/company\/grupoinfosol\/","https:\/\/www.pinterest.com.mx\/GrupoInfoSol\/","https:\/\/www.youtube.com\/user\/InfoSolMiEspacio"]},{"@type":"Person","@id":"https:\/\/infosol.com.mx\/wordpress\/#\/schema\/person\/bb70f136abbd7e36b1f997a14c53ac3a","name":"H\u00e9ctor M. Meza","image":{"@type":"ImageObject","inLanguage":"es","@id":"http:\/\/infosol.com.mx\/wordpress\/wp-content\/uploads\/cropped-h-meza-96x96.png","url":"http:\/\/infosol.com.mx\/wordpress\/wp-content\/uploads\/cropped-h-meza-96x96.png","contentUrl":"http:\/\/infosol.com.mx\/wordpress\/wp-content\/uploads\/cropped-h-meza-96x96.png","caption":"H\u00e9ctor M. Meza"},"description":"Director General de InfoSol. MBA, Consultor y Catedr\u00e1tico en Estrategias de Comunicaci\u00f3n Integradas a la Mercadotecnia. Fue Vicepresidente en IBM de M\u00e9xico y Presidente de Motorola para M\u00e9xico, Centroam\u00e9rica y el Caribe y VP de la Corporaci\u00f3n.","sameAs":["http:\/\/www.infosol.com.mx","https:\/\/www.facebook.com\/HectorM.MezaC?ref=br_rs_WyJrZXl3b3Jkc191c2VycyJd","https:\/\/www.linkedin.com\/in\/h\u00e9ctor-meza-curiel\/","https:\/\/x.com\/https:\/\/twitter.com\/HectorMezaC"],"url":"https:\/\/infosol.com.mx\/wordpress\/author\/h-meza\/"}]}},"_links":{"self":[{"href":"https:\/\/infosol.com.mx\/wordpress\/wp-json\/wp\/v2\/posts\/6898","targetHints":{"allow":["GET"]}}],"collection":[{"href":"https:\/\/infosol.com.mx\/wordpress\/wp-json\/wp\/v2\/posts"}],"about":[{"href":"https:\/\/infosol.com.mx\/wordpress\/wp-json\/wp\/v2\/types\/post"}],"author":[{"embeddable":true,"href":"https:\/\/infosol.com.mx\/wordpress\/wp-json\/wp\/v2\/users\/2"}],"replies":[{"embeddable":true,"href":"https:\/\/infosol.com.mx\/wordpress\/wp-json\/wp\/v2\/comments?post=6898"}],"version-history":[{"count":28,"href":"https:\/\/infosol.com.mx\/wordpress\/wp-json\/wp\/v2\/posts\/6898\/revisions"}],"predecessor-version":[{"id":20192,"href":"https:\/\/infosol.com.mx\/wordpress\/wp-json\/wp\/v2\/posts\/6898\/revisions\/20192"}],"wp:featuredmedia":[{"embeddable":true,"href":"https:\/\/infosol.com.mx\/wordpress\/wp-json\/wp\/v2\/media\/18153"}],"wp:attachment":[{"href":"https:\/\/infosol.com.mx\/wordpress\/wp-json\/wp\/v2\/media?parent=6898"}],"wp:term":[{"taxonomy":"category","embeddable":true,"href":"https:\/\/infosol.com.mx\/wordpress\/wp-json\/wp\/v2\/categories?post=6898"},{"taxonomy":"post_tag","embeddable":true,"href":"https:\/\/infosol.com.mx\/wordpress\/wp-json\/wp\/v2\/tags?post=6898"}],"curies":[{"name":"wp","href":"https:\/\/api.w.org\/{rel}","templated":true}]}}