{"id":6028,"date":"2021-01-13T13:24:00","date_gmt":"2021-01-13T19:24:00","guid":{"rendered":"http:\/\/infosol.com.mx\/wordpress\/?p=6028"},"modified":"2025-07-07T14:50:28","modified_gmt":"2025-07-07T20:50:28","slug":"6-propositos-que-todo-lider-empresarial-necesita-considerar-para-2021","status":"publish","type":"post","link":"https:\/\/infosol.com.mx\/wordpress\/6-propositos-que-todo-lider-empresarial-necesita-considerar-para-2021\/","title":{"rendered":"6 prop\u00f3sitos que todo l\u00edder empresarial necesita considerar para 2021"},"content":{"rendered":"<p><\/p>\n<p>La llegada de un nuevo a\u00f1o es el momento en que muchos de nosotros reflexionamos acerca de nuestra vida personal y profesional; y nos planteamos prop\u00f3sitos, nuevas acciones que, consideramos, nos est\u00e1n haciendo falta.<\/p>\n<p><\/p>\n<p><\/p>\n<p>Como l\u00edderes empresariales, tenemos mucho que hacer al respecto, tomando en cuenta lo sucedido en 2020. Y este es el mejor momento para analizar la situaci\u00f3n actual de nuestras empresas, y plantearnos nuevas acciones que nos est\u00e9n haciendo falta o necesitamos fortalecer para enfrenar con \u00e9xito el 2021.<\/p>\n<p><\/p>\n<p><\/p>\n<p>Si a\u00fan no tienes tus prop\u00f3sitos de negocio para 2021, te comparto algunas sugerencias que podr\u00edas incluir en tu listado.<\/p>\n<p><\/p>\n<p><\/p>\n<h4 class=\"wp-block-heading\">Prop\u00f3sito No. 1: Fortalecer las habilidades para la comunicaci\u00f3n virtual<\/h4>\n<p><\/p>\n<p><\/p>\n<p>La crisis que estamos viviendo ha convertido a los canales online como los puntos de contacto preferidos para la comunicaci\u00f3n con las audiencias objetivo. Como l\u00edderes empresariales, nos estamos enfrentado a nuevas maneras de comunicar nuestros mensajes tanto a colaboradores y socios, como a representantes de medios de comunicaci\u00f3n. Si a\u00fan no hemos fortalecido <strong><a href=\"https:\/\/infosol.com.mx\/wordpress\/necesitas-un-entrenamiento-en-medios\/\" target=\"_blank\" rel=\"noreferrer noopener\">nuestras habilidades para la comunicaci\u00f3n virtual<\/a><\/strong>, es importante que lo incluyamos en nuestra lista de prop\u00f3sitos, porque en 2021 las vamos a necesitar.<\/p>\n<p><\/p>\n<p><\/p>\n<h4 class=\"wp-block-heading\">Prop\u00f3sito No. 2: Ser l\u00edder de pensamiento y promover el prop\u00f3sito de marca<\/h4>\n<p><\/p>\n<p><\/p>\n<p>Los consumidores est\u00e1n demostrando un gran compromiso hacia los negocios que se esfuerzan por contribuir a enriquecer y mejorar el mundo en que vivimos. Por esto las empresas est\u00e1n cambiando su estrategia de negocio para integrar de manera efectiva el prop\u00f3sito de marca. Los l\u00edderes de negocio somos los principales embajadores de marca, y como tal, tenemos la labor de comunicar su prop\u00f3sito. El 2021 es una buena oportunidad para aprovechar nuestro talento, experiencia y pasi\u00f3n para <strong><a href=\"https:\/\/infosol.com.mx\/wordpress\/tips-para-ser-un-lider-de-pensamiento-los-si-y-los-no-para-el-ejecutivo-que-quiere-serlo-2\/\" target=\"_blank\" rel=\"noreferrer noopener\">convertirnos en l\u00edderes de pensamiento<\/a><\/strong> capaces de comunicar el prop\u00f3sito de marca, y construir la confianza, transparencia y colaboraci\u00f3n necesaria para impulsar el crecimiento del negocio.<\/p>\n<p><\/p>\n<p><\/p>\n<h4 class=\"wp-block-heading\">Prop\u00f3sito No. 3: Mantener la transformaci\u00f3n digital de la organizaci\u00f3n<\/h4>\n<p><\/p>\n<p><\/p>\n<p>La transformaci\u00f3n digital creci\u00f3 en importancia luego del aislamiento ocasionado por COVID-19, y las previsiones indican que continuar\u00e1 creciendo en 2021. Sin duda, \u00e9sta debe estar presente en nuestra lista de prop\u00f3sitos para el nuevo a\u00f1o; ya que es un elemento esencial para enfrentar el entorno actual, pues adem\u00e1s de optimizar los procesos, tambi\u00e9n genera nuevos modelos de negocio de econom\u00eda digital. Como parte de esta digitalizaci\u00f3n, es necesario tener presente la ciberseguridad, pues ambas est\u00e1n intr\u00ednsecamente vinculadas; para aprovechar el potencial de la primera necesitaremos fortalecer la segunda.<\/p>\n<p><\/p>\n<p><\/p>\n<h4 class=\"wp-block-heading\">Prop\u00f3sito No. 4: Impulsar estrategias de \u201cdescubrimiento\u201d del negocio<\/h4>\n<p><\/p>\n<p><\/p>\n<p>Con las personas aisladas en sus hogares, ha habido un aumento considerable en el tiempo dedicado a los canales online; lo que est\u00e1 impulsando a muchas empresas a centrar sus esfuerzos en el \u201cdescubrimiento\u201d online del negocio, aumentando las posibilidades de que \u00e9ste sea encontrado en la web por quienes buscan productos o servicios que satisfagan sus gustos y necesidades. Esta es una oportunidad de oro que nuestro negocio puede aprovechar a trav\u00e9s de <strong><a href=\"https:\/\/infosol.com.mx\/wordpress\/acelera-el-posicionamiento-de-tu-marca-con-comunicacion-integrada\/\" target=\"_blank\" rel=\"noreferrer noopener\">estrategias integrales de marketing<\/a><\/strong> basadas en SEO, que maximizar\u00e1n la capacidad de descubrimiento en los puntos de contacto con clientes y clientes potenciales.\u00a0 As\u00ed que anot\u00e9moslo en la lista.<\/p>\n<p><\/p>\n<p><\/p>\n<h4 class=\"wp-block-heading\">Prop\u00f3sito No. 5: Ser un l\u00edder emp\u00e1tico<\/h4>\n<p><\/p>\n<p><\/p>\n<p>En el entorno laboral actual, donde las personas experimentan cambios en sus rutinas y presentan situaciones de impacto emocional, es fundamental que los l\u00edderes de negocio demostremos empat\u00eda y mantengamos el \u00e1nimo de nuestros colaboradores. En nuestra posici\u00f3n de l\u00edder de negocio, aprovechemos las v\u00edas de comunicaci\u00f3n interna para transmitir mensajes que los hagan sentir comprendidos. Ayud\u00e9moslos renovando su sentido de prop\u00f3sito, record\u00e1ndoles su misi\u00f3n y los valores de la empresa; y dici\u00e9ndoles lo importante que son cada uno para contribuir a la estrategia de la organizaci\u00f3n y al \u00e9xito del negocio.<\/p>\n<p><\/p>\n<p><\/p>\n<h4 class=\"wp-block-heading\">Prop\u00f3sito No. 6. Expandir la red de contactos<\/h4>\n<p><\/p>\n<p><\/p>\n<p>Continuar expandiendo nuestra red es importante para mejorar las probabilidades de encontrar nuevos clientes potenciales, acceder a informaci\u00f3n comercial valiosa o crear relaciones s\u00f3lidas profesionales. Mientras m\u00e1s contactos establezcamos, m\u00e1s y mejores resultados obtendremos. Si bien las reuniones f\u00edsicas podr\u00edan estar limitadas, podemos aprovechar al m\u00e1ximo los canales online, como las redes sociales; y tomar parte en las conversaciones a trav\u00e9s de esfuerzos en los tres tipos de medios: propios, ganados, compartidos.<\/p>\n<p><\/p>\n<p><\/p>\n<p>Una conocida frase del fil\u00f3sofo alem\u00e1n Arthur Schopenhauer, dice: \u201cNo hay ning\u00fan viento favorable para el que no sabe a qu\u00e9 puerto se dirige\u201d.<\/p>\n<p><\/p>\n<p><\/p>\n<p>Espero que estas seis recomendaciones te ayuden a plantear tus prop\u00f3sitos de A\u00f1o Nuevo, a esbozar tu ruta profesional y de negocio, y a convertir 2021 en el mejor a\u00f1o para ti y tu organizaci\u00f3n.<\/p>\n<p><\/p>\n<p><\/p>\n<p>Este contenido apareci\u00f3 por primera vez en <a href=\"https:\/\/www.altonivel.com.mx\/6-propositos-que-todo-lider-empresarial-necesita-considerar-para-2021\/\" target=\"_blank\" rel=\"noreferrer noopener\"><strong>Alto Nivel<\/strong><\/a>.<\/p>\n<p><\/p>\n<p><\/p>\n<p>Conoce m\u00e1s contenido del autor en <a href=\"https:\/\/www.altonivel.com.mx\/author\/hector-m-meza\/\" target=\"_blank\" rel=\"noreferrer noopener\"><strong>Alto Nivel<\/strong><\/a>.<\/p>\n<p><\/p>","protected":false},"excerpt":{"rendered":"<p>Establece nuevos prop\u00f3sitos para potenciar tu estrategia de marketing. Aqu\u00ed te damos algunas ideas.<\/p>\n","protected":false},"author":2,"featured_media":18133,"comment_status":"open","ping_status":"open","sticky":false,"template":"","format":"standard","meta":{"_et_pb_use_builder":"","_et_pb_old_content":"","_et_gb_content_width":"","content-type":"","_joinchat":[],"footnotes":""},"categories":[491],"tags":[364,505,1258,1661,2905],"class_list":["post-6028","post","type-post","status-publish","format-standard","has-post-thumbnail","hentry","category-mangement","tag-transformacion-digital","tag-liderazgo-de-pensamiento","tag-estrategia-de-marketing","tag-propositos-lider-empresarial","tag-articulos"],"yoast_head":"<!-- This site is optimized with the Yoast SEO plugin v27.2 - https:\/\/yoast.com\/product\/yoast-seo-wordpress\/ -->\n<title>6 prop\u00f3sitos que todo l\u00edder empresarial necesita considerar para 2021 - Charlas de Caf\u00e9 de Comunicaci\u00f3n y Otras Pasiones<\/title>\n<meta name=\"description\" content=\"Establece nuevos prop\u00f3sitos para potenciar tu estrategia de marketing. Aqu\u00ed te damos algunas ideas.\" \/>\n<meta name=\"robots\" content=\"index, follow, max-snippet:-1, max-image-preview:large, max-video-preview:-1\" \/>\n<link rel=\"canonical\" href=\"https:\/\/infosol.com.mx\/wordpress\/6-propositos-que-todo-lider-empresarial-necesita-considerar-para-2021\/\" \/>\n<meta property=\"og:locale\" content=\"es_ES\" \/>\n<meta property=\"og:type\" content=\"article\" \/>\n<meta property=\"og:title\" content=\"6 prop\u00f3sitos que todo l\u00edder empresarial necesita considerar para 2021\" \/>\n<meta property=\"og:description\" content=\"Establece nuevos prop\u00f3sitos para potenciar tu estrategia de marketing. Aqu\u00ed te damos algunas ideas.\" \/>\n<meta property=\"og:url\" content=\"https:\/\/infosol.com.mx\/wordpress\/6-propositos-que-todo-lider-empresarial-necesita-considerar-para-2021\/\" \/>\n<meta property=\"og:site_name\" content=\"Charlas de Caf\u00e9 de Comunicaci\u00f3n y Otras Pasiones\" \/>\n<meta property=\"article:publisher\" content=\"https:\/\/www.facebook.com\/infosol\/\" \/>\n<meta property=\"article:author\" content=\"https:\/\/www.facebook.com\/HectorM.MezaC?ref=br_rs_WyJrZXl3b3Jkc191c2VycyJd\" \/>\n<meta property=\"article:published_time\" content=\"2021-01-13T19:24:00+00:00\" \/>\n<meta property=\"article:modified_time\" content=\"2025-07-07T20:50:28+00:00\" \/>\n<meta name=\"author\" content=\"H\u00e9ctor M. Meza\" \/>\n<meta name=\"twitter:card\" content=\"summary_large_image\" \/>\n<meta name=\"twitter:title\" content=\"6 prop\u00f3sitos que todo l\u00edder empresarial necesita considerar para 2021\" \/>\n<meta name=\"twitter:description\" content=\"Establece nuevos prop\u00f3sitos para potenciar tu estrategia de marketing. Aqu\u00ed te damos algunas ideas.\" \/>\n<meta name=\"twitter:creator\" content=\"@https:\/\/twitter.com\/HectorMezaC\" \/>\n<meta name=\"twitter:site\" content=\"@EspacioInfoSol\" \/>\n<meta name=\"twitter:label1\" content=\"Escrito por\" \/>\n\t<meta name=\"twitter:data1\" content=\"H\u00e9ctor M. Meza\" \/>\n\t<meta name=\"twitter:label2\" content=\"Tiempo de lectura\" \/>\n\t<meta name=\"twitter:data2\" content=\"4 minutos\" \/>\n<script type=\"application\/ld+json\" class=\"yoast-schema-graph\">{\"@context\":\"https:\/\/schema.org\",\"@graph\":[{\"@type\":\"Article\",\"@id\":\"https:\/\/infosol.com.mx\/wordpress\/6-propositos-que-todo-lider-empresarial-necesita-considerar-para-2021\/#article\",\"isPartOf\":{\"@id\":\"https:\/\/infosol.com.mx\/wordpress\/6-propositos-que-todo-lider-empresarial-necesita-considerar-para-2021\/\"},\"author\":{\"name\":\"H\u00e9ctor M. Meza\",\"@id\":\"https:\/\/infosol.com.mx\/wordpress\/#\/schema\/person\/bb70f136abbd7e36b1f997a14c53ac3a\"},\"headline\":\"6 prop\u00f3sitos que todo l\u00edder empresarial necesita considerar para 2021\",\"datePublished\":\"2021-01-13T19:24:00+00:00\",\"dateModified\":\"2025-07-07T20:50:28+00:00\",\"mainEntityOfPage\":{\"@id\":\"https:\/\/infosol.com.mx\/wordpress\/6-propositos-que-todo-lider-empresarial-necesita-considerar-para-2021\/\"},\"wordCount\":845,\"commentCount\":0,\"publisher\":{\"@id\":\"https:\/\/infosol.com.mx\/wordpress\/#organization\"},\"image\":{\"@id\":\"https:\/\/infosol.com.mx\/wordpress\/6-propositos-que-todo-lider-empresarial-necesita-considerar-para-2021\/#primaryimage\"},\"thumbnailUrl\":\"https:\/\/infosol.com.mx\/wordpress\/wp-content\/uploads\/propositos-lider-empresarial.webp\",\"keywords\":[\"Transformaci\u00f3n Digital\",\"liderazgo de pensamiento\",\"Estrategia de Marketing\",\"Prop\u00f3sitos l\u00edder empresarial\",\"Art\u00edculos\"],\"articleSection\":[\"Management\"],\"inLanguage\":\"es\",\"potentialAction\":[{\"@type\":\"CommentAction\",\"name\":\"Comment\",\"target\":[\"https:\/\/infosol.com.mx\/wordpress\/6-propositos-que-todo-lider-empresarial-necesita-considerar-para-2021\/#respond\"]}]},{\"@type\":[\"WebPage\",\"ItemPage\"],\"@id\":\"https:\/\/infosol.com.mx\/wordpress\/6-propositos-que-todo-lider-empresarial-necesita-considerar-para-2021\/\",\"url\":\"https:\/\/infosol.com.mx\/wordpress\/6-propositos-que-todo-lider-empresarial-necesita-considerar-para-2021\/\",\"name\":\"6 prop\u00f3sitos que todo l\u00edder empresarial necesita considerar para 2021 - Charlas de Caf\u00e9 de Comunicaci\u00f3n y Otras Pasiones\",\"isPartOf\":{\"@id\":\"https:\/\/infosol.com.mx\/wordpress\/#website\"},\"primaryImageOfPage\":{\"@id\":\"https:\/\/infosol.com.mx\/wordpress\/6-propositos-que-todo-lider-empresarial-necesita-considerar-para-2021\/#primaryimage\"},\"image\":{\"@id\":\"https:\/\/infosol.com.mx\/wordpress\/6-propositos-que-todo-lider-empresarial-necesita-considerar-para-2021\/#primaryimage\"},\"thumbnailUrl\":\"https:\/\/infosol.com.mx\/wordpress\/wp-content\/uploads\/propositos-lider-empresarial.webp\",\"datePublished\":\"2021-01-13T19:24:00+00:00\",\"dateModified\":\"2025-07-07T20:50:28+00:00\",\"description\":\"Establece nuevos prop\u00f3sitos para potenciar tu estrategia de marketing. Aqu\u00ed te damos algunas ideas.\",\"breadcrumb\":{\"@id\":\"https:\/\/infosol.com.mx\/wordpress\/6-propositos-que-todo-lider-empresarial-necesita-considerar-para-2021\/#breadcrumb\"},\"inLanguage\":\"es\",\"potentialAction\":[{\"@type\":\"ReadAction\",\"target\":[\"https:\/\/infosol.com.mx\/wordpress\/6-propositos-que-todo-lider-empresarial-necesita-considerar-para-2021\/\"]}]},{\"@type\":\"ImageObject\",\"inLanguage\":\"es\",\"@id\":\"https:\/\/infosol.com.mx\/wordpress\/6-propositos-que-todo-lider-empresarial-necesita-considerar-para-2021\/#primaryimage\",\"url\":\"https:\/\/infosol.com.mx\/wordpress\/wp-content\/uploads\/propositos-lider-empresarial.webp\",\"contentUrl\":\"https:\/\/infosol.com.mx\/wordpress\/wp-content\/uploads\/propositos-lider-empresarial.webp\",\"width\":1200,\"height\":675},{\"@type\":\"BreadcrumbList\",\"@id\":\"https:\/\/infosol.com.mx\/wordpress\/6-propositos-que-todo-lider-empresarial-necesita-considerar-para-2021\/#breadcrumb\",\"itemListElement\":[{\"@type\":\"ListItem\",\"position\":1,\"name\":\"Inicio\",\"item\":\"https:\/\/infosol.com.mx\/wordpress\/\"},{\"@type\":\"ListItem\",\"position\":2,\"name\":\"Management\",\"item\":\"https:\/\/infosol.com.mx\/wordpress\/category\/mangement\/\"},{\"@type\":\"ListItem\",\"position\":3,\"name\":\"6 prop\u00f3sitos que todo l\u00edder empresarial necesita considerar para 2021\"}]},{\"@type\":\"WebSite\",\"@id\":\"https:\/\/infosol.com.mx\/wordpress\/#website\",\"url\":\"https:\/\/infosol.com.mx\/wordpress\/\",\"name\":\"Charlas de Caf\u00e9 de Comunicaci\u00f3n y Otras Pasiones\",\"description\":\"Comunicaci\u00f3n, Relaciones P\u00fablicas, Redes Sociales y algo m\u00e1s...\",\"publisher\":{\"@id\":\"https:\/\/infosol.com.mx\/wordpress\/#organization\"},\"potentialAction\":[{\"@type\":\"SearchAction\",\"target\":{\"@type\":\"EntryPoint\",\"urlTemplate\":\"https:\/\/infosol.com.mx\/wordpress\/?s={search_term_string}\"},\"query-input\":{\"@type\":\"PropertyValueSpecification\",\"valueRequired\":true,\"valueName\":\"search_term_string\"}}],\"inLanguage\":\"es\"},{\"@type\":\"Organization\",\"@id\":\"https:\/\/infosol.com.mx\/wordpress\/#organization\",\"name\":\"InfoSol\",\"url\":\"https:\/\/infosol.com.mx\/wordpress\/\",\"logo\":{\"@type\":\"ImageObject\",\"inLanguage\":\"es\",\"@id\":\"https:\/\/infosol.com.mx\/wordpress\/#\/schema\/logo\/image\/\",\"url\":\"https:\/\/infosol.com.mx\/wordpress\/wp-content\/uploads\/InfoSol-6.0-160x46-1.webp\",\"contentUrl\":\"https:\/\/infosol.com.mx\/wordpress\/wp-content\/uploads\/InfoSol-6.0-160x46-1.webp\",\"width\":160,\"height\":46,\"caption\":\"InfoSol\"},\"image\":{\"@id\":\"https:\/\/infosol.com.mx\/wordpress\/#\/schema\/logo\/image\/\"},\"sameAs\":[\"https:\/\/www.facebook.com\/infosol\/\",\"https:\/\/x.com\/EspacioInfoSol\",\"https:\/\/www.linkedin.com\/company\/grupoinfosol\/\",\"https:\/\/www.pinterest.com.mx\/GrupoInfoSol\/\",\"https:\/\/www.youtube.com\/user\/InfoSolMiEspacio\"]},{\"@type\":\"Person\",\"@id\":\"https:\/\/infosol.com.mx\/wordpress\/#\/schema\/person\/bb70f136abbd7e36b1f997a14c53ac3a\",\"name\":\"H\u00e9ctor M. Meza\",\"image\":{\"@type\":\"ImageObject\",\"inLanguage\":\"es\",\"@id\":\"http:\/\/infosol.com.mx\/wordpress\/wp-content\/uploads\/cropped-h-meza-96x96.png\",\"url\":\"http:\/\/infosol.com.mx\/wordpress\/wp-content\/uploads\/cropped-h-meza-96x96.png\",\"contentUrl\":\"http:\/\/infosol.com.mx\/wordpress\/wp-content\/uploads\/cropped-h-meza-96x96.png\",\"caption\":\"H\u00e9ctor M. Meza\"},\"description\":\"Director General de InfoSol. MBA, Consultor y Catedr\u00e1tico en Estrategias de Comunicaci\u00f3n Integradas a la Mercadotecnia. Fue Vicepresidente en IBM de M\u00e9xico y Presidente de Motorola para M\u00e9xico, Centroam\u00e9rica y el Caribe y VP de la Corporaci\u00f3n.\",\"sameAs\":[\"http:\/\/www.infosol.com.mx\",\"https:\/\/www.facebook.com\/HectorM.MezaC?ref=br_rs_WyJrZXl3b3Jkc191c2VycyJd\",\"https:\/\/www.linkedin.com\/in\/h\u00e9ctor-meza-curiel\/\",\"https:\/\/x.com\/https:\/\/twitter.com\/HectorMezaC\"],\"url\":\"https:\/\/infosol.com.mx\/wordpress\/author\/h-meza\/\"}]}<\/script>\n<!-- \/ Yoast SEO plugin. -->","yoast_head_json":{"title":"6 prop\u00f3sitos que todo l\u00edder empresarial necesita considerar para 2021 - Charlas de Caf\u00e9 de Comunicaci\u00f3n y Otras Pasiones","description":"Establece nuevos prop\u00f3sitos para potenciar tu estrategia de marketing. Aqu\u00ed te damos algunas ideas.","robots":{"index":"index","follow":"follow","max-snippet":"max-snippet:-1","max-image-preview":"max-image-preview:large","max-video-preview":"max-video-preview:-1"},"canonical":"https:\/\/infosol.com.mx\/wordpress\/6-propositos-que-todo-lider-empresarial-necesita-considerar-para-2021\/","og_locale":"es_ES","og_type":"article","og_title":"6 prop\u00f3sitos que todo l\u00edder empresarial necesita considerar para 2021","og_description":"Establece nuevos prop\u00f3sitos para potenciar tu estrategia de marketing. Aqu\u00ed te damos algunas ideas.","og_url":"https:\/\/infosol.com.mx\/wordpress\/6-propositos-que-todo-lider-empresarial-necesita-considerar-para-2021\/","og_site_name":"Charlas de Caf\u00e9 de Comunicaci\u00f3n y Otras Pasiones","article_publisher":"https:\/\/www.facebook.com\/infosol\/","article_author":"https:\/\/www.facebook.com\/HectorM.MezaC?ref=br_rs_WyJrZXl3b3Jkc191c2VycyJd","article_published_time":"2021-01-13T19:24:00+00:00","article_modified_time":"2025-07-07T20:50:28+00:00","author":"H\u00e9ctor M. Meza","twitter_card":"summary_large_image","twitter_title":"6 prop\u00f3sitos que todo l\u00edder empresarial necesita considerar para 2021","twitter_description":"Establece nuevos prop\u00f3sitos para potenciar tu estrategia de marketing. Aqu\u00ed te damos algunas ideas.","twitter_creator":"@https:\/\/twitter.com\/HectorMezaC","twitter_site":"@EspacioInfoSol","twitter_misc":{"Escrito por":"H\u00e9ctor M. Meza","Tiempo de lectura":"4 minutos"},"schema":{"@context":"https:\/\/schema.org","@graph":[{"@type":"Article","@id":"https:\/\/infosol.com.mx\/wordpress\/6-propositos-que-todo-lider-empresarial-necesita-considerar-para-2021\/#article","isPartOf":{"@id":"https:\/\/infosol.com.mx\/wordpress\/6-propositos-que-todo-lider-empresarial-necesita-considerar-para-2021\/"},"author":{"name":"H\u00e9ctor M. Meza","@id":"https:\/\/infosol.com.mx\/wordpress\/#\/schema\/person\/bb70f136abbd7e36b1f997a14c53ac3a"},"headline":"6 prop\u00f3sitos que todo l\u00edder empresarial necesita considerar para 2021","datePublished":"2021-01-13T19:24:00+00:00","dateModified":"2025-07-07T20:50:28+00:00","mainEntityOfPage":{"@id":"https:\/\/infosol.com.mx\/wordpress\/6-propositos-que-todo-lider-empresarial-necesita-considerar-para-2021\/"},"wordCount":845,"commentCount":0,"publisher":{"@id":"https:\/\/infosol.com.mx\/wordpress\/#organization"},"image":{"@id":"https:\/\/infosol.com.mx\/wordpress\/6-propositos-que-todo-lider-empresarial-necesita-considerar-para-2021\/#primaryimage"},"thumbnailUrl":"https:\/\/infosol.com.mx\/wordpress\/wp-content\/uploads\/propositos-lider-empresarial.webp","keywords":["Transformaci\u00f3n Digital","liderazgo de pensamiento","Estrategia de Marketing","Prop\u00f3sitos l\u00edder empresarial","Art\u00edculos"],"articleSection":["Management"],"inLanguage":"es","potentialAction":[{"@type":"CommentAction","name":"Comment","target":["https:\/\/infosol.com.mx\/wordpress\/6-propositos-que-todo-lider-empresarial-necesita-considerar-para-2021\/#respond"]}]},{"@type":["WebPage","ItemPage"],"@id":"https:\/\/infosol.com.mx\/wordpress\/6-propositos-que-todo-lider-empresarial-necesita-considerar-para-2021\/","url":"https:\/\/infosol.com.mx\/wordpress\/6-propositos-que-todo-lider-empresarial-necesita-considerar-para-2021\/","name":"6 prop\u00f3sitos que todo l\u00edder empresarial necesita considerar para 2021 - Charlas de Caf\u00e9 de Comunicaci\u00f3n y Otras Pasiones","isPartOf":{"@id":"https:\/\/infosol.com.mx\/wordpress\/#website"},"primaryImageOfPage":{"@id":"https:\/\/infosol.com.mx\/wordpress\/6-propositos-que-todo-lider-empresarial-necesita-considerar-para-2021\/#primaryimage"},"image":{"@id":"https:\/\/infosol.com.mx\/wordpress\/6-propositos-que-todo-lider-empresarial-necesita-considerar-para-2021\/#primaryimage"},"thumbnailUrl":"https:\/\/infosol.com.mx\/wordpress\/wp-content\/uploads\/propositos-lider-empresarial.webp","datePublished":"2021-01-13T19:24:00+00:00","dateModified":"2025-07-07T20:50:28+00:00","description":"Establece nuevos prop\u00f3sitos para potenciar tu estrategia de marketing. Aqu\u00ed te damos algunas ideas.","breadcrumb":{"@id":"https:\/\/infosol.com.mx\/wordpress\/6-propositos-que-todo-lider-empresarial-necesita-considerar-para-2021\/#breadcrumb"},"inLanguage":"es","potentialAction":[{"@type":"ReadAction","target":["https:\/\/infosol.com.mx\/wordpress\/6-propositos-que-todo-lider-empresarial-necesita-considerar-para-2021\/"]}]},{"@type":"ImageObject","inLanguage":"es","@id":"https:\/\/infosol.com.mx\/wordpress\/6-propositos-que-todo-lider-empresarial-necesita-considerar-para-2021\/#primaryimage","url":"https:\/\/infosol.com.mx\/wordpress\/wp-content\/uploads\/propositos-lider-empresarial.webp","contentUrl":"https:\/\/infosol.com.mx\/wordpress\/wp-content\/uploads\/propositos-lider-empresarial.webp","width":1200,"height":675},{"@type":"BreadcrumbList","@id":"https:\/\/infosol.com.mx\/wordpress\/6-propositos-que-todo-lider-empresarial-necesita-considerar-para-2021\/#breadcrumb","itemListElement":[{"@type":"ListItem","position":1,"name":"Inicio","item":"https:\/\/infosol.com.mx\/wordpress\/"},{"@type":"ListItem","position":2,"name":"Management","item":"https:\/\/infosol.com.mx\/wordpress\/category\/mangement\/"},{"@type":"ListItem","position":3,"name":"6 prop\u00f3sitos que todo l\u00edder empresarial necesita considerar para 2021"}]},{"@type":"WebSite","@id":"https:\/\/infosol.com.mx\/wordpress\/#website","url":"https:\/\/infosol.com.mx\/wordpress\/","name":"Charlas de Caf\u00e9 de Comunicaci\u00f3n y Otras Pasiones","description":"Comunicaci\u00f3n, Relaciones P\u00fablicas, Redes Sociales y algo m\u00e1s...","publisher":{"@id":"https:\/\/infosol.com.mx\/wordpress\/#organization"},"potentialAction":[{"@type":"SearchAction","target":{"@type":"EntryPoint","urlTemplate":"https:\/\/infosol.com.mx\/wordpress\/?s={search_term_string}"},"query-input":{"@type":"PropertyValueSpecification","valueRequired":true,"valueName":"search_term_string"}}],"inLanguage":"es"},{"@type":"Organization","@id":"https:\/\/infosol.com.mx\/wordpress\/#organization","name":"InfoSol","url":"https:\/\/infosol.com.mx\/wordpress\/","logo":{"@type":"ImageObject","inLanguage":"es","@id":"https:\/\/infosol.com.mx\/wordpress\/#\/schema\/logo\/image\/","url":"https:\/\/infosol.com.mx\/wordpress\/wp-content\/uploads\/InfoSol-6.0-160x46-1.webp","contentUrl":"https:\/\/infosol.com.mx\/wordpress\/wp-content\/uploads\/InfoSol-6.0-160x46-1.webp","width":160,"height":46,"caption":"InfoSol"},"image":{"@id":"https:\/\/infosol.com.mx\/wordpress\/#\/schema\/logo\/image\/"},"sameAs":["https:\/\/www.facebook.com\/infosol\/","https:\/\/x.com\/EspacioInfoSol","https:\/\/www.linkedin.com\/company\/grupoinfosol\/","https:\/\/www.pinterest.com.mx\/GrupoInfoSol\/","https:\/\/www.youtube.com\/user\/InfoSolMiEspacio"]},{"@type":"Person","@id":"https:\/\/infosol.com.mx\/wordpress\/#\/schema\/person\/bb70f136abbd7e36b1f997a14c53ac3a","name":"H\u00e9ctor M. Meza","image":{"@type":"ImageObject","inLanguage":"es","@id":"http:\/\/infosol.com.mx\/wordpress\/wp-content\/uploads\/cropped-h-meza-96x96.png","url":"http:\/\/infosol.com.mx\/wordpress\/wp-content\/uploads\/cropped-h-meza-96x96.png","contentUrl":"http:\/\/infosol.com.mx\/wordpress\/wp-content\/uploads\/cropped-h-meza-96x96.png","caption":"H\u00e9ctor M. Meza"},"description":"Director General de InfoSol. MBA, Consultor y Catedr\u00e1tico en Estrategias de Comunicaci\u00f3n Integradas a la Mercadotecnia. Fue Vicepresidente en IBM de M\u00e9xico y Presidente de Motorola para M\u00e9xico, Centroam\u00e9rica y el Caribe y VP de la Corporaci\u00f3n.","sameAs":["http:\/\/www.infosol.com.mx","https:\/\/www.facebook.com\/HectorM.MezaC?ref=br_rs_WyJrZXl3b3Jkc191c2VycyJd","https:\/\/www.linkedin.com\/in\/h\u00e9ctor-meza-curiel\/","https:\/\/x.com\/https:\/\/twitter.com\/HectorMezaC"],"url":"https:\/\/infosol.com.mx\/wordpress\/author\/h-meza\/"}]}},"_links":{"self":[{"href":"https:\/\/infosol.com.mx\/wordpress\/wp-json\/wp\/v2\/posts\/6028","targetHints":{"allow":["GET"]}}],"collection":[{"href":"https:\/\/infosol.com.mx\/wordpress\/wp-json\/wp\/v2\/posts"}],"about":[{"href":"https:\/\/infosol.com.mx\/wordpress\/wp-json\/wp\/v2\/types\/post"}],"author":[{"embeddable":true,"href":"https:\/\/infosol.com.mx\/wordpress\/wp-json\/wp\/v2\/users\/2"}],"replies":[{"embeddable":true,"href":"https:\/\/infosol.com.mx\/wordpress\/wp-json\/wp\/v2\/comments?post=6028"}],"version-history":[{"count":10,"href":"https:\/\/infosol.com.mx\/wordpress\/wp-json\/wp\/v2\/posts\/6028\/revisions"}],"predecessor-version":[{"id":19923,"href":"https:\/\/infosol.com.mx\/wordpress\/wp-json\/wp\/v2\/posts\/6028\/revisions\/19923"}],"wp:featuredmedia":[{"embeddable":true,"href":"https:\/\/infosol.com.mx\/wordpress\/wp-json\/wp\/v2\/media\/18133"}],"wp:attachment":[{"href":"https:\/\/infosol.com.mx\/wordpress\/wp-json\/wp\/v2\/media?parent=6028"}],"wp:term":[{"taxonomy":"category","embeddable":true,"href":"https:\/\/infosol.com.mx\/wordpress\/wp-json\/wp\/v2\/categories?post=6028"},{"taxonomy":"post_tag","embeddable":true,"href":"https:\/\/infosol.com.mx\/wordpress\/wp-json\/wp\/v2\/tags?post=6028"}],"curies":[{"name":"wp","href":"https:\/\/api.w.org\/{rel}","templated":true}]}}