{"id":5706,"date":"2020-09-18T13:15:14","date_gmt":"2020-09-18T18:15:14","guid":{"rendered":"http:\/\/infosol.com.mx\/wordpress\/?p=5706"},"modified":"2025-07-07T14:51:02","modified_gmt":"2025-07-07T20:51:02","slug":"networking-virtual-como-construir-conexiones-en-la-era-digital","status":"publish","type":"post","link":"https:\/\/infosol.com.mx\/wordpress\/networking-virtual-como-construir-conexiones-en-la-era-digital\/","title":{"rendered":"Networking virtual: C\u00f3mo construir conexiones en la era digital"},"content":{"rendered":"\n<p>A pesar de que la transformaci\u00f3n digital ha impulsado considerables avances en la comunicaci\u00f3n online en los \u00faltimos a\u00f1os, una cantidad significativa de nuestras interacciones de networking de negocio todav\u00eda se llevan a cabo de forma f\u00edsica.<\/p>\n\n\n<p>Sin embargo, la crisis sanitaria cambi\u00f3 s\u00fabitamente la manera de construir y alimentar estas redes de contactos, oblig\u00e1ndonos a dejar atr\u00e1s los encuentros cara y cara, las reuniones de grupos y los eventos de industria presenciales; y forz\u00e1ndonos a <strong><a href=\"https:\/\/infosol.com.mx\/wordpress\/beneficios-de-los-eventos-virtuales-de-negocios\/\" target=\"_blank\" rel=\"noreferrer noopener\">conectar de manera virtual<\/a><\/strong>.<\/p>\n\n\n<p>Si bien la tecnolog\u00eda nos ha ofrecido una puerta de entrada a la conexi\u00f3n humana, no reemplaza del todo el sentimiento de uni\u00f3n de persona a persona. Ante la nueva normalidad, en la que los encuentros f\u00edsicos todav\u00eda no son una buena opci\u00f3n, la comunicaci\u00f3n digital nos ofrece muchas formas de generar y ampliar nuestra red de contactos, incluyendo potenciales clientes, socios, proveedores e inversores; para encontrar puntos en com\u00fan y generar oportunidades de negocio.<\/p>\n\n\n<p>Conoce algunas ideas que nos pueden ayudar a lograr un networking virtual efectivo en este nuevo entorno:<\/p>\n\n\n<ul class=\"wp-block-list\"><li><strong>Capitalizar nuestra presencia digital<\/strong><\/li><li><strong>Aprovechar las herramientas tecnol\u00f3gicas<\/strong><\/li><li><strong>Interactuar en eventos virtuales<\/strong><\/li><li><strong>Realizar nuestros propios eventos<\/strong><\/li><li><strong>Tener presente la esencia del networking<\/strong><\/li><\/ul>\n\n\n<p>Lee nuestro art\u00edculo completo en <a href=\"https:\/\/www.altonivel.com.mx\/opinion\/networking-virtual-como-construir-conexiones-en-la-era-digital\/\"><strong>Alto Nivel<\/strong><\/a>. <\/p>\n\n\n<p>Conoce m\u00e1s contenido del autor en <a href=\"https:\/\/www.altonivel.com.mx\/author\/hector-m-meza\/\"><strong>Alto Nivel<\/strong><\/a>.<\/p>\n","protected":false},"excerpt":{"rendered":"<p>Que Covid-19 no te detenga. Descubre c\u00f3mo construir valiosas relaciones empresariales en el entorno virtual.<\/p>\n","protected":false},"author":2,"featured_media":18117,"comment_status":"open","ping_status":"open","sticky":false,"template":"","format":"standard","meta":{"_et_pb_use_builder":"","_et_pb_old_content":"","_et_gb_content_width":"","content-type":"","_joinchat":[],"footnotes":""},"categories":[491],"tags":[170,1455,1530,2905],"class_list":["post-5706","post","type-post","status-publish","format-standard","has-post-thumbnail","hentry","category-mangement","tag-era-digital","tag-nueva-normalidad","tag-networking-virtual","tag-articulos"],"yoast_head":"<!-- This site is optimized with the Yoast SEO plugin v27.2 - https:\/\/yoast.com\/product\/yoast-seo-wordpress\/ -->\n<title>Networking virtual: C\u00f3mo construir conexiones en la era digital - Charlas de Caf\u00e9 de Comunicaci\u00f3n y Otras Pasiones<\/title>\n<meta name=\"description\" content=\"Que Covid-19 no te detenga. Descubre c\u00f3mo construir valiosas relaciones empresariales en el entorno virtual.\" \/>\n<meta name=\"robots\" content=\"index, follow, max-snippet:-1, max-image-preview:large, max-video-preview:-1\" \/>\n<link rel=\"canonical\" href=\"https:\/\/infosol.com.mx\/wordpress\/networking-virtual-como-construir-conexiones-en-la-era-digital\/\" \/>\n<meta property=\"og:locale\" content=\"es_ES\" \/>\n<meta property=\"og:type\" content=\"article\" \/>\n<meta property=\"og:title\" content=\"Networking virtual: C\u00f3mo construir conexiones en la era digital\" \/>\n<meta property=\"og:description\" content=\"Que Covid-19 no te detenga. Descubre c\u00f3mo construir valiosas relaciones empresariales en el entorno virtual.\" \/>\n<meta property=\"og:url\" content=\"https:\/\/infosol.com.mx\/wordpress\/networking-virtual-como-construir-conexiones-en-la-era-digital\/\" \/>\n<meta property=\"og:site_name\" content=\"Charlas de Caf\u00e9 de Comunicaci\u00f3n y Otras Pasiones\" \/>\n<meta property=\"article:publisher\" content=\"https:\/\/www.facebook.com\/infosol\/\" \/>\n<meta property=\"article:author\" content=\"https:\/\/www.facebook.com\/HectorM.MezaC?ref=br_rs_WyJrZXl3b3Jkc191c2VycyJd\" \/>\n<meta property=\"article:published_time\" content=\"2020-09-18T18:15:14+00:00\" \/>\n<meta property=\"article:modified_time\" content=\"2025-07-07T20:51:02+00:00\" \/>\n<meta name=\"author\" content=\"H\u00e9ctor M. Meza\" \/>\n<meta name=\"twitter:card\" content=\"summary_large_image\" \/>\n<meta name=\"twitter:title\" content=\"Networking virtual: C\u00f3mo construir conexiones en la era digital\" \/>\n<meta name=\"twitter:description\" content=\"Que Covid-19 no te detenga. Descubre c\u00f3mo construir valiosas relaciones empresariales en el entorno virtual.\" \/>\n<meta name=\"twitter:creator\" content=\"@https:\/\/twitter.com\/HectorMezaC\" \/>\n<meta name=\"twitter:site\" content=\"@EspacioInfoSol\" \/>\n<meta name=\"twitter:label1\" content=\"Escrito por\" \/>\n\t<meta name=\"twitter:data1\" content=\"H\u00e9ctor M. Meza\" \/>\n\t<meta name=\"twitter:label2\" content=\"Tiempo de lectura\" \/>\n\t<meta name=\"twitter:data2\" content=\"1 minuto\" \/>\n<script type=\"application\/ld+json\" class=\"yoast-schema-graph\">{\"@context\":\"https:\/\/schema.org\",\"@graph\":[{\"@type\":\"Article\",\"@id\":\"https:\/\/infosol.com.mx\/wordpress\/networking-virtual-como-construir-conexiones-en-la-era-digital\/#article\",\"isPartOf\":{\"@id\":\"https:\/\/infosol.com.mx\/wordpress\/networking-virtual-como-construir-conexiones-en-la-era-digital\/\"},\"author\":{\"name\":\"H\u00e9ctor M. Meza\",\"@id\":\"https:\/\/infosol.com.mx\/wordpress\/#\/schema\/person\/bb70f136abbd7e36b1f997a14c53ac3a\"},\"headline\":\"Networking virtual: C\u00f3mo construir conexiones en la era digital\",\"datePublished\":\"2020-09-18T18:15:14+00:00\",\"dateModified\":\"2025-07-07T20:51:02+00:00\",\"mainEntityOfPage\":{\"@id\":\"https:\/\/infosol.com.mx\/wordpress\/networking-virtual-como-construir-conexiones-en-la-era-digital\/\"},\"wordCount\":239,\"commentCount\":0,\"publisher\":{\"@id\":\"https:\/\/infosol.com.mx\/wordpress\/#organization\"},\"image\":{\"@id\":\"https:\/\/infosol.com.mx\/wordpress\/networking-virtual-como-construir-conexiones-en-la-era-digital\/#primaryimage\"},\"thumbnailUrl\":\"https:\/\/infosol.com.mx\/wordpress\/wp-content\/uploads\/networking-virtual.webp\",\"keywords\":[\"Era Digital\",\"Nueva normalidad\",\"Networking virtual\",\"Art\u00edculos\"],\"articleSection\":[\"Management\"],\"inLanguage\":\"es\",\"potentialAction\":[{\"@type\":\"CommentAction\",\"name\":\"Comment\",\"target\":[\"https:\/\/infosol.com.mx\/wordpress\/networking-virtual-como-construir-conexiones-en-la-era-digital\/#respond\"]}]},{\"@type\":[\"WebPage\",\"ItemPage\"],\"@id\":\"https:\/\/infosol.com.mx\/wordpress\/networking-virtual-como-construir-conexiones-en-la-era-digital\/\",\"url\":\"https:\/\/infosol.com.mx\/wordpress\/networking-virtual-como-construir-conexiones-en-la-era-digital\/\",\"name\":\"Networking virtual: C\u00f3mo construir conexiones en la era digital - Charlas de Caf\u00e9 de Comunicaci\u00f3n y Otras Pasiones\",\"isPartOf\":{\"@id\":\"https:\/\/infosol.com.mx\/wordpress\/#website\"},\"primaryImageOfPage\":{\"@id\":\"https:\/\/infosol.com.mx\/wordpress\/networking-virtual-como-construir-conexiones-en-la-era-digital\/#primaryimage\"},\"image\":{\"@id\":\"https:\/\/infosol.com.mx\/wordpress\/networking-virtual-como-construir-conexiones-en-la-era-digital\/#primaryimage\"},\"thumbnailUrl\":\"https:\/\/infosol.com.mx\/wordpress\/wp-content\/uploads\/networking-virtual.webp\",\"datePublished\":\"2020-09-18T18:15:14+00:00\",\"dateModified\":\"2025-07-07T20:51:02+00:00\",\"description\":\"Que Covid-19 no te detenga. Descubre c\u00f3mo construir valiosas relaciones empresariales en el entorno virtual.\",\"breadcrumb\":{\"@id\":\"https:\/\/infosol.com.mx\/wordpress\/networking-virtual-como-construir-conexiones-en-la-era-digital\/#breadcrumb\"},\"inLanguage\":\"es\",\"potentialAction\":[{\"@type\":\"ReadAction\",\"target\":[\"https:\/\/infosol.com.mx\/wordpress\/networking-virtual-como-construir-conexiones-en-la-era-digital\/\"]}]},{\"@type\":\"ImageObject\",\"inLanguage\":\"es\",\"@id\":\"https:\/\/infosol.com.mx\/wordpress\/networking-virtual-como-construir-conexiones-en-la-era-digital\/#primaryimage\",\"url\":\"https:\/\/infosol.com.mx\/wordpress\/wp-content\/uploads\/networking-virtual.webp\",\"contentUrl\":\"https:\/\/infosol.com.mx\/wordpress\/wp-content\/uploads\/networking-virtual.webp\",\"width\":1200,\"height\":675},{\"@type\":\"BreadcrumbList\",\"@id\":\"https:\/\/infosol.com.mx\/wordpress\/networking-virtual-como-construir-conexiones-en-la-era-digital\/#breadcrumb\",\"itemListElement\":[{\"@type\":\"ListItem\",\"position\":1,\"name\":\"Inicio\",\"item\":\"https:\/\/infosol.com.mx\/wordpress\/\"},{\"@type\":\"ListItem\",\"position\":2,\"name\":\"Management\",\"item\":\"https:\/\/infosol.com.mx\/wordpress\/category\/mangement\/\"},{\"@type\":\"ListItem\",\"position\":3,\"name\":\"Networking virtual: C\u00f3mo construir conexiones en la era digital\"}]},{\"@type\":\"WebSite\",\"@id\":\"https:\/\/infosol.com.mx\/wordpress\/#website\",\"url\":\"https:\/\/infosol.com.mx\/wordpress\/\",\"name\":\"Charlas de Caf\u00e9 de Comunicaci\u00f3n y Otras Pasiones\",\"description\":\"Comunicaci\u00f3n, Relaciones P\u00fablicas, Redes Sociales y algo m\u00e1s...\",\"publisher\":{\"@id\":\"https:\/\/infosol.com.mx\/wordpress\/#organization\"},\"potentialAction\":[{\"@type\":\"SearchAction\",\"target\":{\"@type\":\"EntryPoint\",\"urlTemplate\":\"https:\/\/infosol.com.mx\/wordpress\/?s={search_term_string}\"},\"query-input\":{\"@type\":\"PropertyValueSpecification\",\"valueRequired\":true,\"valueName\":\"search_term_string\"}}],\"inLanguage\":\"es\"},{\"@type\":\"Organization\",\"@id\":\"https:\/\/infosol.com.mx\/wordpress\/#organization\",\"name\":\"InfoSol\",\"url\":\"https:\/\/infosol.com.mx\/wordpress\/\",\"logo\":{\"@type\":\"ImageObject\",\"inLanguage\":\"es\",\"@id\":\"https:\/\/infosol.com.mx\/wordpress\/#\/schema\/logo\/image\/\",\"url\":\"https:\/\/infosol.com.mx\/wordpress\/wp-content\/uploads\/InfoSol-6.0-160x46-1.webp\",\"contentUrl\":\"https:\/\/infosol.com.mx\/wordpress\/wp-content\/uploads\/InfoSol-6.0-160x46-1.webp\",\"width\":160,\"height\":46,\"caption\":\"InfoSol\"},\"image\":{\"@id\":\"https:\/\/infosol.com.mx\/wordpress\/#\/schema\/logo\/image\/\"},\"sameAs\":[\"https:\/\/www.facebook.com\/infosol\/\",\"https:\/\/x.com\/EspacioInfoSol\",\"https:\/\/www.linkedin.com\/company\/grupoinfosol\/\",\"https:\/\/www.pinterest.com.mx\/GrupoInfoSol\/\",\"https:\/\/www.youtube.com\/user\/InfoSolMiEspacio\"]},{\"@type\":\"Person\",\"@id\":\"https:\/\/infosol.com.mx\/wordpress\/#\/schema\/person\/bb70f136abbd7e36b1f997a14c53ac3a\",\"name\":\"H\u00e9ctor M. Meza\",\"image\":{\"@type\":\"ImageObject\",\"inLanguage\":\"es\",\"@id\":\"http:\/\/infosol.com.mx\/wordpress\/wp-content\/uploads\/cropped-h-meza-96x96.png\",\"url\":\"http:\/\/infosol.com.mx\/wordpress\/wp-content\/uploads\/cropped-h-meza-96x96.png\",\"contentUrl\":\"http:\/\/infosol.com.mx\/wordpress\/wp-content\/uploads\/cropped-h-meza-96x96.png\",\"caption\":\"H\u00e9ctor M. Meza\"},\"description\":\"Director General de InfoSol. MBA, Consultor y Catedr\u00e1tico en Estrategias de Comunicaci\u00f3n Integradas a la Mercadotecnia. Fue Vicepresidente en IBM de M\u00e9xico y Presidente de Motorola para M\u00e9xico, Centroam\u00e9rica y el Caribe y VP de la Corporaci\u00f3n.\",\"sameAs\":[\"http:\/\/www.infosol.com.mx\",\"https:\/\/www.facebook.com\/HectorM.MezaC?ref=br_rs_WyJrZXl3b3Jkc191c2VycyJd\",\"https:\/\/www.linkedin.com\/in\/h\u00e9ctor-meza-curiel\/\",\"https:\/\/x.com\/https:\/\/twitter.com\/HectorMezaC\"],\"url\":\"https:\/\/infosol.com.mx\/wordpress\/author\/h-meza\/\"}]}<\/script>\n<!-- \/ Yoast SEO plugin. -->","yoast_head_json":{"title":"Networking virtual: C\u00f3mo construir conexiones en la era digital - Charlas de Caf\u00e9 de Comunicaci\u00f3n y Otras Pasiones","description":"Que Covid-19 no te detenga. Descubre c\u00f3mo construir valiosas relaciones empresariales en el entorno virtual.","robots":{"index":"index","follow":"follow","max-snippet":"max-snippet:-1","max-image-preview":"max-image-preview:large","max-video-preview":"max-video-preview:-1"},"canonical":"https:\/\/infosol.com.mx\/wordpress\/networking-virtual-como-construir-conexiones-en-la-era-digital\/","og_locale":"es_ES","og_type":"article","og_title":"Networking virtual: C\u00f3mo construir conexiones en la era digital","og_description":"Que Covid-19 no te detenga. Descubre c\u00f3mo construir valiosas relaciones empresariales en el entorno virtual.","og_url":"https:\/\/infosol.com.mx\/wordpress\/networking-virtual-como-construir-conexiones-en-la-era-digital\/","og_site_name":"Charlas de Caf\u00e9 de Comunicaci\u00f3n y Otras Pasiones","article_publisher":"https:\/\/www.facebook.com\/infosol\/","article_author":"https:\/\/www.facebook.com\/HectorM.MezaC?ref=br_rs_WyJrZXl3b3Jkc191c2VycyJd","article_published_time":"2020-09-18T18:15:14+00:00","article_modified_time":"2025-07-07T20:51:02+00:00","author":"H\u00e9ctor M. Meza","twitter_card":"summary_large_image","twitter_title":"Networking virtual: C\u00f3mo construir conexiones en la era digital","twitter_description":"Que Covid-19 no te detenga. Descubre c\u00f3mo construir valiosas relaciones empresariales en el entorno virtual.","twitter_creator":"@https:\/\/twitter.com\/HectorMezaC","twitter_site":"@EspacioInfoSol","twitter_misc":{"Escrito por":"H\u00e9ctor M. Meza","Tiempo de lectura":"1 minuto"},"schema":{"@context":"https:\/\/schema.org","@graph":[{"@type":"Article","@id":"https:\/\/infosol.com.mx\/wordpress\/networking-virtual-como-construir-conexiones-en-la-era-digital\/#article","isPartOf":{"@id":"https:\/\/infosol.com.mx\/wordpress\/networking-virtual-como-construir-conexiones-en-la-era-digital\/"},"author":{"name":"H\u00e9ctor M. Meza","@id":"https:\/\/infosol.com.mx\/wordpress\/#\/schema\/person\/bb70f136abbd7e36b1f997a14c53ac3a"},"headline":"Networking virtual: C\u00f3mo construir conexiones en la era digital","datePublished":"2020-09-18T18:15:14+00:00","dateModified":"2025-07-07T20:51:02+00:00","mainEntityOfPage":{"@id":"https:\/\/infosol.com.mx\/wordpress\/networking-virtual-como-construir-conexiones-en-la-era-digital\/"},"wordCount":239,"commentCount":0,"publisher":{"@id":"https:\/\/infosol.com.mx\/wordpress\/#organization"},"image":{"@id":"https:\/\/infosol.com.mx\/wordpress\/networking-virtual-como-construir-conexiones-en-la-era-digital\/#primaryimage"},"thumbnailUrl":"https:\/\/infosol.com.mx\/wordpress\/wp-content\/uploads\/networking-virtual.webp","keywords":["Era Digital","Nueva normalidad","Networking virtual","Art\u00edculos"],"articleSection":["Management"],"inLanguage":"es","potentialAction":[{"@type":"CommentAction","name":"Comment","target":["https:\/\/infosol.com.mx\/wordpress\/networking-virtual-como-construir-conexiones-en-la-era-digital\/#respond"]}]},{"@type":["WebPage","ItemPage"],"@id":"https:\/\/infosol.com.mx\/wordpress\/networking-virtual-como-construir-conexiones-en-la-era-digital\/","url":"https:\/\/infosol.com.mx\/wordpress\/networking-virtual-como-construir-conexiones-en-la-era-digital\/","name":"Networking virtual: C\u00f3mo construir conexiones en la era digital - Charlas de Caf\u00e9 de Comunicaci\u00f3n y Otras Pasiones","isPartOf":{"@id":"https:\/\/infosol.com.mx\/wordpress\/#website"},"primaryImageOfPage":{"@id":"https:\/\/infosol.com.mx\/wordpress\/networking-virtual-como-construir-conexiones-en-la-era-digital\/#primaryimage"},"image":{"@id":"https:\/\/infosol.com.mx\/wordpress\/networking-virtual-como-construir-conexiones-en-la-era-digital\/#primaryimage"},"thumbnailUrl":"https:\/\/infosol.com.mx\/wordpress\/wp-content\/uploads\/networking-virtual.webp","datePublished":"2020-09-18T18:15:14+00:00","dateModified":"2025-07-07T20:51:02+00:00","description":"Que Covid-19 no te detenga. Descubre c\u00f3mo construir valiosas relaciones empresariales en el entorno virtual.","breadcrumb":{"@id":"https:\/\/infosol.com.mx\/wordpress\/networking-virtual-como-construir-conexiones-en-la-era-digital\/#breadcrumb"},"inLanguage":"es","potentialAction":[{"@type":"ReadAction","target":["https:\/\/infosol.com.mx\/wordpress\/networking-virtual-como-construir-conexiones-en-la-era-digital\/"]}]},{"@type":"ImageObject","inLanguage":"es","@id":"https:\/\/infosol.com.mx\/wordpress\/networking-virtual-como-construir-conexiones-en-la-era-digital\/#primaryimage","url":"https:\/\/infosol.com.mx\/wordpress\/wp-content\/uploads\/networking-virtual.webp","contentUrl":"https:\/\/infosol.com.mx\/wordpress\/wp-content\/uploads\/networking-virtual.webp","width":1200,"height":675},{"@type":"BreadcrumbList","@id":"https:\/\/infosol.com.mx\/wordpress\/networking-virtual-como-construir-conexiones-en-la-era-digital\/#breadcrumb","itemListElement":[{"@type":"ListItem","position":1,"name":"Inicio","item":"https:\/\/infosol.com.mx\/wordpress\/"},{"@type":"ListItem","position":2,"name":"Management","item":"https:\/\/infosol.com.mx\/wordpress\/category\/mangement\/"},{"@type":"ListItem","position":3,"name":"Networking virtual: C\u00f3mo construir conexiones en la era digital"}]},{"@type":"WebSite","@id":"https:\/\/infosol.com.mx\/wordpress\/#website","url":"https:\/\/infosol.com.mx\/wordpress\/","name":"Charlas de Caf\u00e9 de Comunicaci\u00f3n y Otras Pasiones","description":"Comunicaci\u00f3n, Relaciones P\u00fablicas, Redes Sociales y algo m\u00e1s...","publisher":{"@id":"https:\/\/infosol.com.mx\/wordpress\/#organization"},"potentialAction":[{"@type":"SearchAction","target":{"@type":"EntryPoint","urlTemplate":"https:\/\/infosol.com.mx\/wordpress\/?s={search_term_string}"},"query-input":{"@type":"PropertyValueSpecification","valueRequired":true,"valueName":"search_term_string"}}],"inLanguage":"es"},{"@type":"Organization","@id":"https:\/\/infosol.com.mx\/wordpress\/#organization","name":"InfoSol","url":"https:\/\/infosol.com.mx\/wordpress\/","logo":{"@type":"ImageObject","inLanguage":"es","@id":"https:\/\/infosol.com.mx\/wordpress\/#\/schema\/logo\/image\/","url":"https:\/\/infosol.com.mx\/wordpress\/wp-content\/uploads\/InfoSol-6.0-160x46-1.webp","contentUrl":"https:\/\/infosol.com.mx\/wordpress\/wp-content\/uploads\/InfoSol-6.0-160x46-1.webp","width":160,"height":46,"caption":"InfoSol"},"image":{"@id":"https:\/\/infosol.com.mx\/wordpress\/#\/schema\/logo\/image\/"},"sameAs":["https:\/\/www.facebook.com\/infosol\/","https:\/\/x.com\/EspacioInfoSol","https:\/\/www.linkedin.com\/company\/grupoinfosol\/","https:\/\/www.pinterest.com.mx\/GrupoInfoSol\/","https:\/\/www.youtube.com\/user\/InfoSolMiEspacio"]},{"@type":"Person","@id":"https:\/\/infosol.com.mx\/wordpress\/#\/schema\/person\/bb70f136abbd7e36b1f997a14c53ac3a","name":"H\u00e9ctor M. Meza","image":{"@type":"ImageObject","inLanguage":"es","@id":"http:\/\/infosol.com.mx\/wordpress\/wp-content\/uploads\/cropped-h-meza-96x96.png","url":"http:\/\/infosol.com.mx\/wordpress\/wp-content\/uploads\/cropped-h-meza-96x96.png","contentUrl":"http:\/\/infosol.com.mx\/wordpress\/wp-content\/uploads\/cropped-h-meza-96x96.png","caption":"H\u00e9ctor M. Meza"},"description":"Director General de InfoSol. MBA, Consultor y Catedr\u00e1tico en Estrategias de Comunicaci\u00f3n Integradas a la Mercadotecnia. Fue Vicepresidente en IBM de M\u00e9xico y Presidente de Motorola para M\u00e9xico, Centroam\u00e9rica y el Caribe y VP de la Corporaci\u00f3n.","sameAs":["http:\/\/www.infosol.com.mx","https:\/\/www.facebook.com\/HectorM.MezaC?ref=br_rs_WyJrZXl3b3Jkc191c2VycyJd","https:\/\/www.linkedin.com\/in\/h\u00e9ctor-meza-curiel\/","https:\/\/x.com\/https:\/\/twitter.com\/HectorMezaC"],"url":"https:\/\/infosol.com.mx\/wordpress\/author\/h-meza\/"}]}},"_links":{"self":[{"href":"https:\/\/infosol.com.mx\/wordpress\/wp-json\/wp\/v2\/posts\/5706","targetHints":{"allow":["GET"]}}],"collection":[{"href":"https:\/\/infosol.com.mx\/wordpress\/wp-json\/wp\/v2\/posts"}],"about":[{"href":"https:\/\/infosol.com.mx\/wordpress\/wp-json\/wp\/v2\/types\/post"}],"author":[{"embeddable":true,"href":"https:\/\/infosol.com.mx\/wordpress\/wp-json\/wp\/v2\/users\/2"}],"replies":[{"embeddable":true,"href":"https:\/\/infosol.com.mx\/wordpress\/wp-json\/wp\/v2\/comments?post=5706"}],"version-history":[{"count":7,"href":"https:\/\/infosol.com.mx\/wordpress\/wp-json\/wp\/v2\/posts\/5706\/revisions"}],"predecessor-version":[{"id":18120,"href":"https:\/\/infosol.com.mx\/wordpress\/wp-json\/wp\/v2\/posts\/5706\/revisions\/18120"}],"wp:featuredmedia":[{"embeddable":true,"href":"https:\/\/infosol.com.mx\/wordpress\/wp-json\/wp\/v2\/media\/18117"}],"wp:attachment":[{"href":"https:\/\/infosol.com.mx\/wordpress\/wp-json\/wp\/v2\/media?parent=5706"}],"wp:term":[{"taxonomy":"category","embeddable":true,"href":"https:\/\/infosol.com.mx\/wordpress\/wp-json\/wp\/v2\/categories?post=5706"},{"taxonomy":"post_tag","embeddable":true,"href":"https:\/\/infosol.com.mx\/wordpress\/wp-json\/wp\/v2\/tags?post=5706"}],"curies":[{"name":"wp","href":"https:\/\/api.w.org\/{rel}","templated":true}]}}