{"id":5544,"date":"2020-07-16T18:25:36","date_gmt":"2020-07-16T23:25:36","guid":{"rendered":"http:\/\/infosol.com.mx\/wordpress\/?p=5544"},"modified":"2025-07-07T14:51:53","modified_gmt":"2025-07-07T20:51:53","slug":"desafios-clave-de-los-ceos-hacia-la-nueva-normalidad","status":"publish","type":"post","link":"https:\/\/infosol.com.mx\/wordpress\/desafios-clave-de-los-ceos-hacia-la-nueva-normalidad\/","title":{"rendered":"Desaf\u00edos clave de los CEOs hacia la nueva normalidad"},"content":{"rendered":"<p><\/p>\n<p>Una frase c\u00e9lebre de Napole\u00f3n Bonaparte, dice as\u00ed: \u201c<em>El verdadero car\u00e1cter siempre aparece en las grandes circunstancias<\/em>\u201d.<\/p>\n<p><\/p>\n<p><\/p>\n<p>Como hemos visto, la nueva normalidad en los negocios viene con un fuerte llamado a la acci\u00f3n para que las empresas y sus l\u00edderes se <strong>adapten<\/strong> y se <strong>reinventen<\/strong>, ya no precisamente para tomar la delantera sino para sobrevivir.<\/p>\n<p><\/p>\n<p><\/p>\n<p>La pandemia de Covid-19, con todas sus consecuencias, ha alterado las operaciones de las empresas y muchos de los modelos de negocios se han vuelto obsoletos; el crecimiento del negocio se ve incierto y vol\u00e1til. Una nueva mezcla de generaciones est\u00e1 cambiando el perfil del <em>buyer persona<\/em> con expectativas muy diversas, adem\u00e1s de que <strong>la tecnolog\u00eda, que se ha convertido en una ventaja competitiva<\/strong>, sigue avanzando a pasos agigantados.<\/p>\n<p><\/p>\n<p><\/p>\n<p>La nueva normalidad pinta enormes desaf\u00edos que tendr\u00e1n que enfrentar los CEOs para mantener organizaciones exitosas. Estos son algunos de los principales:<\/p>\n<p><\/p>\n<p><\/p>\n<h4 class=\"wp-block-heading\">Reimaginar el modelo de negocio y adaptarse a las nuevas necesidades<\/h4>\n<p><\/p>\n<p><\/p>\n<p>Para los CEOs, ser\u00e1 demandante ir un paso adelante para reconocer y comprender el panorama de la nueva normalidad, y a partir de all\u00ed, <strong>reconfigurar las ofertas de su negocio<\/strong> de acuerdo con las necesidades actuales. Esto ser\u00e1 primordial, pues de lo contrario, se corre el riesgo de quedar rezagado y terminar por desaparecer del mercado.<\/p>\n<p><\/p>\n<p><\/p>\n<p>El mundo post Covid-19 traer\u00e1 nuevas oportunidades para los productos y servicios de las empresas, pero se requiere que trabajes con tu equipo para <strong>explorar<\/strong> y definir c\u00f3mo expandir o <strong>transformar <\/strong>los productos y servicios para adaptarse a la nueva normalidad.<\/p>\n<p><\/p>\n<p><\/p>\n<p><\/p>\n<p><\/p>\t\t\n\t\t\t\t\t\t\t\t<figure>\n\t\t\t\t\t<img width=\"626\" height=\"416\" src=\"https:\/\/infosol.com.mx\/wordpress\/wp-content\/uploads\/reimaginar-el-modelo-de-negocio.png\" alt=\"\" decoding=\"async\" loading=\"lazy\" srcset=\"https:\/\/i0.wp.com\/infosol.com.mx\/wordpress\/wp-content\/uploads\/reimaginar-el-modelo-de-negocio.png?w=626&amp;ssl=1 626w, https:\/\/i0.wp.com\/infosol.com.mx\/wordpress\/wp-content\/uploads\/reimaginar-el-modelo-de-negocio.png?resize=600%2C399&amp;ssl=1 600w\" sizes=\"(max-width: 626px) 100vw, 626px\" \/>\t\t\t\t\t\t\t\t\t\t\t\t\t\t\t\t\t\t\t\t\t\t\t\t\t\t\t\t\t<\/figure>\n\t\t<p><\/p>\n<p><\/p>\n<p><\/p>\n<p><\/p>\n<h4 class=\"wp-block-heading\">Impulsar una nueva cultura laboral flexible<\/h4>\n<p><\/p>\n<p><\/p>\n<p>La fuerza laboral se ha transformado con la pandemia y se adapt\u00f3 a una nueva forma de trabajar, de manera que tu organizaci\u00f3n tendr\u00e1 que enfocarse en una cultura laboral flexible, que no se trata solo del trabajo remoto, sino de <strong>mantener un balance entre el trabajo y la vida personal<\/strong> que genere una <strong>experiencia positiva<\/strong> capaz de impactar en una <strong>mejor productividad y compromiso<\/strong> hacia la empresa.<\/p>\n<p><\/p>\n<p><\/p>\n<p>La nueva normalidad exige mayor conexi\u00f3n y compromiso mutuos, el reconocimiento al trabajo, la <strong><a href=\"https:\/\/infosol.com.mx\/wordpress\/adapta-tu-liderazgo-post-covid-19-con-la-comunicacion-correcta\/\" target=\"_blank\" rel=\"noreferrer noopener\" aria-label=\"undefined (abre en una nueva pesta\u00f1a)\">retroalimentaci\u00f3n continua<\/a><\/strong>, nuevas formas de medir la productividad (por ejemplo, en base a resultados, y no por asistencia a la oficina), la comunicaci\u00f3n continua para conocer el sentir de los colaboradores. En otras palabras, la nueva normalidad no es necesariamente un mundo de negocios sin trabajar en una oficina, es un mundo donde nos enfocaremos en el trabajo en lugar de la oficina.<\/p>\n<p><\/p>\n<p><\/p>\n<h4 class=\"wp-block-heading\">Conocer al nuevo comprador para conectar con \u00e9l<\/h4>\n<p><\/p>\n<p><\/p>\n<p>Una vez finalizado el aislamiento, tu negocio no se encontrar\u00e1 frente al mismo comprador. Sus necesidades, gustos y preocupaciones seguramente habr\u00e1n cambiado, pero tambi\u00e9n la manera de <strong>buscar respuestas<\/strong> y <strong>atender sus necesidades<\/strong>. Por esto, es vital que tu negocio tenga en claro el <strong><a href=\"https:\/\/www.infosol.com.mx\/miespacio\/3-acciones-de-rp-digital-para-responder-al-comportamiento-del-consumidor-en-la-nueva-normalidad\/\" target=\"_blank\" rel=\"noreferrer noopener\" aria-label=\"undefined (abre en una nueva pesta\u00f1a)\">nuevo perfil del potencial comprador<\/a><\/strong> y pueda mapear el viaje de compra.<\/p>\n<p><\/p>\n<p><\/p>\n<p>Saber adaptar el negocio al nuevo comportamiento y demandas de los consumidores, te ayudar\u00e1 a establecer <strong>estrategias relevantes<\/strong> a largo plazo que aceleren la recuperaci\u00f3n del negocio. Si bien se prev\u00e9 que la toma de decisiones de compra podr\u00eda ser m\u00e1s meticulosa, tambi\u00e9n se espera que se presenten otras oportunidades de negocio que antes no figuraban en tu radar.<\/p>\n<p><\/p>\n<p><\/p>\n<p><\/p>\t\t\n\t\t\t\t\t\t\t\t<figure>\n\t\t\t\t\t<img width=\"623\" height=\"350\" src=\"https:\/\/infosol.com.mx\/wordpress\/wp-content\/uploads\/conocer-al-nuevo-comprador-para-conectar-con-el.png\" alt=\"\" decoding=\"async\" loading=\"lazy\" srcset=\"https:\/\/i0.wp.com\/infosol.com.mx\/wordpress\/wp-content\/uploads\/conocer-al-nuevo-comprador-para-conectar-con-el.png?w=623&amp;ssl=1 623w, https:\/\/i0.wp.com\/infosol.com.mx\/wordpress\/wp-content\/uploads\/conocer-al-nuevo-comprador-para-conectar-con-el.png?resize=600%2C337&amp;ssl=1 600w\" sizes=\"(max-width: 623px) 100vw, 623px\" \/>\t\t\t\t\t\t\t\t\t\t\t\t\t\t\t\t\t\t\t\t\t\t\t\t\t\t\t\t\t<\/figure>\n\t\t<p><\/p>\n<p><\/p>\n<p><\/p>\n<p><\/p>\n<h4 class=\"wp-block-heading\">Acelerar la transformaci\u00f3n digital<\/h4>\n<p><\/p>\n<p><\/p>\n<p>Es muy probable que la crisis de Covid-19 haya generado un cambio significativo hacia todo lo digital, impactando tambi\u00e9n el panorama empresarial. En la nueva normalidad, como nunca antes, las organizaciones <a href=\"https:\/\/infosol.com.mx\/wordpress\/tu-kit-de-relaciones-publicas-para-enfrentar-el-darwinismo-digital-2\/\" target=\"_blank\" rel=\"noreferrer noopener\" aria-label=\"undefined (abre en una nueva pesta\u00f1a)\"><strong>deber\u00e1n apoyarse en las tecnolog\u00edas<\/strong><\/a> para la digitalizaci\u00f3n con el fin de <strong>mantener seguros y productivos<\/strong> a los colaboradores internos, <strong>agilizar<\/strong> las operaciones de negocio, <strong>cumplir las expectativas<\/strong> de los clientes y proteger su posici\u00f3n en el mercado.<\/p>\n<p><\/p>\n<p><\/p>\n<p>Para lograr esto, la transformaci\u00f3n digital necesitar\u00e1 estar presente en todas las agendas de los consejos de administraci\u00f3n y ser una prioridad en los planes estrat\u00e9gicos de los CEOs.<\/p>\n<p><\/p>\n<p><\/p>\n<p><strong>Tambi\u00e9n te podr\u00eda interesar:<\/strong><\/p>\n<p><\/p>\n<p><\/p>\n<p><\/p>\t\t\n\t\t\t<article id=\"post-5373\">\n\t<figure><img width=\"700\" height=\"450\" src=\"https:\/\/infosol.com.mx\/wordpress\/wp-content\/uploads\/repensar-el-marketing-mix-despues-de-la-pandemia-700x450.jpg\" alt=\"Repensar el marketing mix despu\u00e9s de la pandemia\" decoding=\"async\" loading=\"lazy\" srcset=\"https:\/\/i0.wp.com\/infosol.com.mx\/wordpress\/wp-content\/uploads\/repensar-el-marketing-mix-despues-de-la-pandemia.jpg?resize=700%2C450&amp;ssl=1 700w, https:\/\/i0.wp.com\/infosol.com.mx\/wordpress\/wp-content\/uploads\/repensar-el-marketing-mix-despues-de-la-pandemia.jpg?zoom=2&amp;resize=700%2C450&amp;ssl=1 1400w\" sizes=\"(max-width: 700px) 100vw, 700px\" \/><\/figure>\n\t<header>\n\t\t\tTags <ul><li><a href=\"https:\/\/infosol.com.mx\/wordpress\/category\/marketing-digital\/\" rel=\"category\">Marketing Digital<\/a><\/li><\/ul>\t\t\n\t\t<h2><a href=\"https:\/\/infosol.com.mx\/wordpress\/repensar-el-marketing-mix-despues-de-la-pandemia\/\">Repensar el marketing mix despu\u00e9s de la pandemia<\/a><\/h2>\n\t<\/header>\n\t\t\t\tLa pandemia ha cambiado la rutina diaria y las estrategias de marketing tambi\u00e9n deben hacerlo. Descubre c\u00f3mo reinventar los 4&hellip;\t\t\t\n<a  href=\"https:\/\/infosol.com.mx\/wordpress\/repensar-el-marketing-mix-despues-de-la-pandemia\/\"><\/a><\/article><!--\/ .row --><!--\/ .lqd-lp-grid -->\t\t\n\t\t<p><\/p>\n<p><\/p>\n<p><\/p>\n<p><\/p>\n<p><\/p>\n<p><\/p>\n<p><\/p>\n<p><\/p>\n<h4 class=\"wp-block-heading\">Optimizar costos<\/h4>\n<p><\/p>\n<p><\/p>\n<p>Las consecuencias de la pandemia han obligado a muchas empresas a tomar medidas dr\u00e1sticas para asegurar ahorros inmediatos debido a la escasez de flujo. De cara a la nueva normalidad, los CEOs tendr\u00e1n que iniciar manteniendo su estrategia de reducci\u00f3n de costos, pero asegur\u00e1ndose que la empresa <strong>mantenga las operaciones<\/strong> esenciales, con <strong>calidad y buen servicio<\/strong>. Esto ayudar\u00e1 a la supervivencia.<\/p>\n<p><\/p>\n<p><\/p>\n<p>As\u00ed, a medida que la pandemia disminuya y el flujo de efectivo comience a normalizarse, tu empresa podr\u00e1 ir restableciendo otras operaciones que estaban detenidas. La crisis sanitaria ha sido \u00fatil para mostrar d\u00f3nde est\u00e1n las oportunidades para la reducci\u00f3n de costos, as\u00ed que lo mejor es aprender de la circunstancia y aprovecha las oportunidades para ser m\u00e1s competitivos.<\/p>\n<p><\/p>\n<p><\/p>\n<p>Sin duda, asumiste tu rol de liderazgo con grandes planes e ideas sobre lo que quer\u00edas lograr en este 2020, tanto personal como organizacionalmente, pero la pandemia ha cambiado todo. Y la \u201cnueva normalidad\u201d que se avecina es solo un mito, pues en el fondo sabemos que el futuro no ser\u00e1 normal en absoluto y la \u00fanica manera de sobrevivir es <strong>construir<\/strong> una empresa que se <strong>adapte<\/strong> al constante cambio y pueda <strong>prosperar<\/strong> en una turbulencia continua.<\/p>\n<p><\/p>","protected":false},"excerpt":{"rendered":"<p>Para mantener empresas exitosas, los CEOS har\u00e1n frente a cinco enormes retos. Desc\u00fabrelos aqu\u00ed.<\/p>\n","protected":false},"author":2,"featured_media":18101,"comment_status":"open","ping_status":"open","sticky":false,"template":"","format":"standard","meta":{"_et_pb_use_builder":"","_et_pb_old_content":"","_et_gb_content_width":"","content-type":"","_ayudawp_aiss_exclude":false,"_joinchat":[],"footnotes":""},"categories":[491],"tags":[364,1482,1483,2905],"class_list":["post-5544","post","type-post","status-publish","format-standard","has-post-thumbnail","hentry","category-mangement","tag-transformacion-digital","tag-como-adaptarse-a-la-nueva-normalidad","tag-desafios-de-los-ceo","tag-articulos"],"a3_pvc":{"activated":false,"total_views":38,"today_views":0},"yoast_head":"<!-- This site is optimized with the Yoast SEO plugin v27.5 - https:\/\/yoast.com\/product\/yoast-seo-wordpress\/ -->\n<title>Desaf\u00edos clave de los CEOs hacia la nueva normalidad - Charlas de Caf\u00e9 de Comunicaci\u00f3n y Otras Pasiones<\/title>\n<meta name=\"description\" content=\"Para mantener empresas exitosas, los CEOS har\u00e1n frente a cinco enormes retos. Desc\u00fabrelos aqu\u00ed.\" \/>\n<meta name=\"robots\" content=\"index, follow, max-snippet:-1, max-image-preview:large, max-video-preview:-1\" \/>\n<link rel=\"canonical\" href=\"https:\/\/infosol.com.mx\/wordpress\/desafios-clave-de-los-ceos-hacia-la-nueva-normalidad\/\" \/>\n<meta property=\"og:locale\" content=\"es_ES\" \/>\n<meta property=\"og:type\" content=\"article\" \/>\n<meta property=\"og:title\" content=\"Desaf\u00edos clave de los CEOs hacia la nueva normalidad\" \/>\n<meta property=\"og:description\" content=\"Para mantener empresas exitosas, los CEOS har\u00e1n frente a cinco enormes retos. Desc\u00fabrelos aqu\u00ed.\" \/>\n<meta property=\"og:url\" content=\"https:\/\/infosol.com.mx\/wordpress\/desafios-clave-de-los-ceos-hacia-la-nueva-normalidad\/\" \/>\n<meta property=\"og:site_name\" content=\"Charlas de Caf\u00e9 de Comunicaci\u00f3n y Otras Pasiones\" \/>\n<meta property=\"article:publisher\" content=\"https:\/\/www.facebook.com\/infosol\/\" \/>\n<meta property=\"article:author\" content=\"https:\/\/www.facebook.com\/HectorM.MezaC?ref=br_rs_WyJrZXl3b3Jkc191c2VycyJd\" \/>\n<meta property=\"article:published_time\" content=\"2020-07-16T23:25:36+00:00\" \/>\n<meta property=\"article:modified_time\" content=\"2025-07-07T20:51:53+00:00\" \/>\n<meta name=\"author\" content=\"H\u00e9ctor M. Meza\" \/>\n<meta name=\"twitter:card\" content=\"summary_large_image\" \/>\n<meta name=\"twitter:title\" content=\"Desaf\u00edos clave de los CEOs hacia la nueva normalidad\" \/>\n<meta name=\"twitter:description\" content=\"Para mantener empresas exitosas, los CEOS har\u00e1n frente a cinco enormes retos. Desc\u00fabrelos aqu\u00ed.\" \/>\n<meta name=\"twitter:creator\" content=\"@https:\/\/twitter.com\/HectorMezaC\" \/>\n<meta name=\"twitter:site\" content=\"@EspacioInfoSol\" \/>\n<meta name=\"twitter:label1\" content=\"Escrito por\" \/>\n\t<meta name=\"twitter:data1\" content=\"H\u00e9ctor M. Meza\" \/>\n\t<meta name=\"twitter:label2\" content=\"Tiempo de lectura\" \/>\n\t<meta name=\"twitter:data2\" content=\"5 minutos\" \/>\n<script type=\"application\/ld+json\" class=\"yoast-schema-graph\">{\"@context\":\"https:\\\/\\\/schema.org\",\"@graph\":[{\"@type\":\"Article\",\"@id\":\"https:\\\/\\\/infosol.com.mx\\\/wordpress\\\/desafios-clave-de-los-ceos-hacia-la-nueva-normalidad\\\/#article\",\"isPartOf\":{\"@id\":\"https:\\\/\\\/infosol.com.mx\\\/wordpress\\\/desafios-clave-de-los-ceos-hacia-la-nueva-normalidad\\\/\"},\"author\":{\"name\":\"H\u00e9ctor M. Meza\",\"@id\":\"https:\\\/\\\/infosol.com.mx\\\/wordpress\\\/#\\\/schema\\\/person\\\/bb70f136abbd7e36b1f997a14c53ac3a\"},\"headline\":\"Desaf\u00edos clave de los CEOs hacia la nueva normalidad\",\"datePublished\":\"2020-07-16T23:25:36+00:00\",\"dateModified\":\"2025-07-07T20:51:53+00:00\",\"mainEntityOfPage\":{\"@id\":\"https:\\\/\\\/infosol.com.mx\\\/wordpress\\\/desafios-clave-de-los-ceos-hacia-la-nueva-normalidad\\\/\"},\"wordCount\":918,\"commentCount\":0,\"publisher\":{\"@id\":\"https:\\\/\\\/infosol.com.mx\\\/wordpress\\\/#organization\"},\"image\":{\"@id\":\"https:\\\/\\\/infosol.com.mx\\\/wordpress\\\/desafios-clave-de-los-ceos-hacia-la-nueva-normalidad\\\/#primaryimage\"},\"thumbnailUrl\":\"https:\\\/\\\/infosol.com.mx\\\/wordpress\\\/wp-content\\\/uploads\\\/como-adaptarse-a-la-nueva-normalidad.webp\",\"keywords\":[\"Transformaci\u00f3n Digital\",\"C\u00f3mo adaptarse a la nueva normalidad\",\"Desaf\u00edos de los CEO\",\"Art\u00edculos\"],\"articleSection\":[\"Management\"],\"inLanguage\":\"es\",\"potentialAction\":[{\"@type\":\"CommentAction\",\"name\":\"Comment\",\"target\":[\"https:\\\/\\\/infosol.com.mx\\\/wordpress\\\/desafios-clave-de-los-ceos-hacia-la-nueva-normalidad\\\/#respond\"]}]},{\"@type\":\"WebPage\",\"@id\":\"https:\\\/\\\/infosol.com.mx\\\/wordpress\\\/desafios-clave-de-los-ceos-hacia-la-nueva-normalidad\\\/\",\"url\":\"https:\\\/\\\/infosol.com.mx\\\/wordpress\\\/desafios-clave-de-los-ceos-hacia-la-nueva-normalidad\\\/\",\"name\":\"Desaf\u00edos clave de los CEOs hacia la nueva normalidad - Charlas de Caf\u00e9 de Comunicaci\u00f3n y Otras Pasiones\",\"isPartOf\":{\"@id\":\"https:\\\/\\\/infosol.com.mx\\\/wordpress\\\/#website\"},\"primaryImageOfPage\":{\"@id\":\"https:\\\/\\\/infosol.com.mx\\\/wordpress\\\/desafios-clave-de-los-ceos-hacia-la-nueva-normalidad\\\/#primaryimage\"},\"image\":{\"@id\":\"https:\\\/\\\/infosol.com.mx\\\/wordpress\\\/desafios-clave-de-los-ceos-hacia-la-nueva-normalidad\\\/#primaryimage\"},\"thumbnailUrl\":\"https:\\\/\\\/infosol.com.mx\\\/wordpress\\\/wp-content\\\/uploads\\\/como-adaptarse-a-la-nueva-normalidad.webp\",\"datePublished\":\"2020-07-16T23:25:36+00:00\",\"dateModified\":\"2025-07-07T20:51:53+00:00\",\"description\":\"Para mantener empresas exitosas, los CEOS har\u00e1n frente a cinco enormes retos. Desc\u00fabrelos aqu\u00ed.\",\"breadcrumb\":{\"@id\":\"https:\\\/\\\/infosol.com.mx\\\/wordpress\\\/desafios-clave-de-los-ceos-hacia-la-nueva-normalidad\\\/#breadcrumb\"},\"inLanguage\":\"es\",\"potentialAction\":[{\"@type\":\"ReadAction\",\"target\":[\"https:\\\/\\\/infosol.com.mx\\\/wordpress\\\/desafios-clave-de-los-ceos-hacia-la-nueva-normalidad\\\/\"]}]},{\"@type\":\"ImageObject\",\"inLanguage\":\"es\",\"@id\":\"https:\\\/\\\/infosol.com.mx\\\/wordpress\\\/desafios-clave-de-los-ceos-hacia-la-nueva-normalidad\\\/#primaryimage\",\"url\":\"https:\\\/\\\/infosol.com.mx\\\/wordpress\\\/wp-content\\\/uploads\\\/como-adaptarse-a-la-nueva-normalidad.webp\",\"contentUrl\":\"https:\\\/\\\/infosol.com.mx\\\/wordpress\\\/wp-content\\\/uploads\\\/como-adaptarse-a-la-nueva-normalidad.webp\",\"width\":1200,\"height\":675},{\"@type\":\"BreadcrumbList\",\"@id\":\"https:\\\/\\\/infosol.com.mx\\\/wordpress\\\/desafios-clave-de-los-ceos-hacia-la-nueva-normalidad\\\/#breadcrumb\",\"itemListElement\":[{\"@type\":\"ListItem\",\"position\":1,\"name\":\"Inicio\",\"item\":\"https:\\\/\\\/infosol.com.mx\\\/wordpress\\\/\"},{\"@type\":\"ListItem\",\"position\":2,\"name\":\"Management\",\"item\":\"https:\\\/\\\/infosol.com.mx\\\/wordpress\\\/category\\\/mangement\\\/\"},{\"@type\":\"ListItem\",\"position\":3,\"name\":\"Desaf\u00edos clave de los CEOs hacia la nueva normalidad\"}]},{\"@type\":\"WebSite\",\"@id\":\"https:\\\/\\\/infosol.com.mx\\\/wordpress\\\/#website\",\"url\":\"https:\\\/\\\/infosol.com.mx\\\/wordpress\\\/\",\"name\":\"Charlas de Caf\u00e9 de Comunicaci\u00f3n y Otras Pasiones\",\"description\":\"Comunicaci\u00f3n, Relaciones P\u00fablicas, Redes Sociales y algo m\u00e1s...\",\"publisher\":{\"@id\":\"https:\\\/\\\/infosol.com.mx\\\/wordpress\\\/#organization\"},\"potentialAction\":[{\"@type\":\"SearchAction\",\"target\":{\"@type\":\"EntryPoint\",\"urlTemplate\":\"https:\\\/\\\/infosol.com.mx\\\/wordpress\\\/?s={search_term_string}\"},\"query-input\":{\"@type\":\"PropertyValueSpecification\",\"valueRequired\":true,\"valueName\":\"search_term_string\"}}],\"inLanguage\":\"es\"},{\"@type\":\"Organization\",\"@id\":\"https:\\\/\\\/infosol.com.mx\\\/wordpress\\\/#organization\",\"name\":\"InfoSol\",\"url\":\"https:\\\/\\\/infosol.com.mx\\\/wordpress\\\/\",\"logo\":{\"@type\":\"ImageObject\",\"inLanguage\":\"es\",\"@id\":\"https:\\\/\\\/infosol.com.mx\\\/wordpress\\\/#\\\/schema\\\/logo\\\/image\\\/\",\"url\":\"https:\\\/\\\/infosol.com.mx\\\/wordpress\\\/wp-content\\\/uploads\\\/InfoSol-6.0-160x46-1.webp\",\"contentUrl\":\"https:\\\/\\\/infosol.com.mx\\\/wordpress\\\/wp-content\\\/uploads\\\/InfoSol-6.0-160x46-1.webp\",\"width\":160,\"height\":46,\"caption\":\"InfoSol\"},\"image\":{\"@id\":\"https:\\\/\\\/infosol.com.mx\\\/wordpress\\\/#\\\/schema\\\/logo\\\/image\\\/\"},\"sameAs\":[\"https:\\\/\\\/www.facebook.com\\\/infosol\\\/\",\"https:\\\/\\\/x.com\\\/EspacioInfoSol\",\"https:\\\/\\\/www.linkedin.com\\\/company\\\/grupoinfosol\\\/\",\"https:\\\/\\\/www.pinterest.com.mx\\\/GrupoInfoSol\\\/\",\"https:\\\/\\\/www.youtube.com\\\/user\\\/InfoSolMiEspacio\"]},{\"@type\":\"Person\",\"@id\":\"https:\\\/\\\/infosol.com.mx\\\/wordpress\\\/#\\\/schema\\\/person\\\/bb70f136abbd7e36b1f997a14c53ac3a\",\"name\":\"H\u00e9ctor M. Meza\",\"image\":{\"@type\":\"ImageObject\",\"inLanguage\":\"es\",\"@id\":\"http:\\\/\\\/infosol.com.mx\\\/wordpress\\\/wp-content\\\/uploads\\\/cropped-h-meza-96x96.png\",\"url\":\"http:\\\/\\\/infosol.com.mx\\\/wordpress\\\/wp-content\\\/uploads\\\/cropped-h-meza-96x96.png\",\"contentUrl\":\"http:\\\/\\\/infosol.com.mx\\\/wordpress\\\/wp-content\\\/uploads\\\/cropped-h-meza-96x96.png\",\"caption\":\"H\u00e9ctor M. Meza\"},\"description\":\"Director General de InfoSol. MBA, Consultor y Catedr\u00e1tico en Estrategias de Comunicaci\u00f3n Integradas a la Mercadotecnia. Fue Vicepresidente en IBM de M\u00e9xico y Presidente de Motorola para M\u00e9xico, Centroam\u00e9rica y el Caribe y VP de la Corporaci\u00f3n.\",\"sameAs\":[\"http:\\\/\\\/www.infosol.com.mx\",\"https:\\\/\\\/www.facebook.com\\\/HectorM.MezaC?ref=br_rs_WyJrZXl3b3Jkc191c2VycyJd\",\"https:\\\/\\\/www.linkedin.com\\\/in\\\/h\u00e9ctor-meza-curiel\\\/\",\"https:\\\/\\\/x.com\\\/https:\\\/\\\/twitter.com\\\/HectorMezaC\"],\"url\":\"https:\\\/\\\/infosol.com.mx\\\/wordpress\\\/author\\\/h-meza\\\/\"}]}<\/script>\n<!-- \/ Yoast SEO plugin. -->","yoast_head_json":{"title":"Desaf\u00edos clave de los CEOs hacia la nueva normalidad - Charlas de Caf\u00e9 de Comunicaci\u00f3n y Otras Pasiones","description":"Para mantener empresas exitosas, los CEOS har\u00e1n frente a cinco enormes retos. Desc\u00fabrelos aqu\u00ed.","robots":{"index":"index","follow":"follow","max-snippet":"max-snippet:-1","max-image-preview":"max-image-preview:large","max-video-preview":"max-video-preview:-1"},"canonical":"https:\/\/infosol.com.mx\/wordpress\/desafios-clave-de-los-ceos-hacia-la-nueva-normalidad\/","og_locale":"es_ES","og_type":"article","og_title":"Desaf\u00edos clave de los CEOs hacia la nueva normalidad","og_description":"Para mantener empresas exitosas, los CEOS har\u00e1n frente a cinco enormes retos. Desc\u00fabrelos aqu\u00ed.","og_url":"https:\/\/infosol.com.mx\/wordpress\/desafios-clave-de-los-ceos-hacia-la-nueva-normalidad\/","og_site_name":"Charlas de Caf\u00e9 de Comunicaci\u00f3n y Otras Pasiones","article_publisher":"https:\/\/www.facebook.com\/infosol\/","article_author":"https:\/\/www.facebook.com\/HectorM.MezaC?ref=br_rs_WyJrZXl3b3Jkc191c2VycyJd","article_published_time":"2020-07-16T23:25:36+00:00","article_modified_time":"2025-07-07T20:51:53+00:00","author":"H\u00e9ctor M. Meza","twitter_card":"summary_large_image","twitter_title":"Desaf\u00edos clave de los CEOs hacia la nueva normalidad","twitter_description":"Para mantener empresas exitosas, los CEOS har\u00e1n frente a cinco enormes retos. Desc\u00fabrelos aqu\u00ed.","twitter_creator":"@https:\/\/twitter.com\/HectorMezaC","twitter_site":"@EspacioInfoSol","twitter_misc":{"Escrito por":"H\u00e9ctor M. Meza","Tiempo de lectura":"5 minutos"},"schema":{"@context":"https:\/\/schema.org","@graph":[{"@type":"Article","@id":"https:\/\/infosol.com.mx\/wordpress\/desafios-clave-de-los-ceos-hacia-la-nueva-normalidad\/#article","isPartOf":{"@id":"https:\/\/infosol.com.mx\/wordpress\/desafios-clave-de-los-ceos-hacia-la-nueva-normalidad\/"},"author":{"name":"H\u00e9ctor M. Meza","@id":"https:\/\/infosol.com.mx\/wordpress\/#\/schema\/person\/bb70f136abbd7e36b1f997a14c53ac3a"},"headline":"Desaf\u00edos clave de los CEOs hacia la nueva normalidad","datePublished":"2020-07-16T23:25:36+00:00","dateModified":"2025-07-07T20:51:53+00:00","mainEntityOfPage":{"@id":"https:\/\/infosol.com.mx\/wordpress\/desafios-clave-de-los-ceos-hacia-la-nueva-normalidad\/"},"wordCount":918,"commentCount":0,"publisher":{"@id":"https:\/\/infosol.com.mx\/wordpress\/#organization"},"image":{"@id":"https:\/\/infosol.com.mx\/wordpress\/desafios-clave-de-los-ceos-hacia-la-nueva-normalidad\/#primaryimage"},"thumbnailUrl":"https:\/\/infosol.com.mx\/wordpress\/wp-content\/uploads\/como-adaptarse-a-la-nueva-normalidad.webp","keywords":["Transformaci\u00f3n Digital","C\u00f3mo adaptarse a la nueva normalidad","Desaf\u00edos de los CEO","Art\u00edculos"],"articleSection":["Management"],"inLanguage":"es","potentialAction":[{"@type":"CommentAction","name":"Comment","target":["https:\/\/infosol.com.mx\/wordpress\/desafios-clave-de-los-ceos-hacia-la-nueva-normalidad\/#respond"]}]},{"@type":"WebPage","@id":"https:\/\/infosol.com.mx\/wordpress\/desafios-clave-de-los-ceos-hacia-la-nueva-normalidad\/","url":"https:\/\/infosol.com.mx\/wordpress\/desafios-clave-de-los-ceos-hacia-la-nueva-normalidad\/","name":"Desaf\u00edos clave de los CEOs hacia la nueva normalidad - Charlas de Caf\u00e9 de Comunicaci\u00f3n y Otras Pasiones","isPartOf":{"@id":"https:\/\/infosol.com.mx\/wordpress\/#website"},"primaryImageOfPage":{"@id":"https:\/\/infosol.com.mx\/wordpress\/desafios-clave-de-los-ceos-hacia-la-nueva-normalidad\/#primaryimage"},"image":{"@id":"https:\/\/infosol.com.mx\/wordpress\/desafios-clave-de-los-ceos-hacia-la-nueva-normalidad\/#primaryimage"},"thumbnailUrl":"https:\/\/infosol.com.mx\/wordpress\/wp-content\/uploads\/como-adaptarse-a-la-nueva-normalidad.webp","datePublished":"2020-07-16T23:25:36+00:00","dateModified":"2025-07-07T20:51:53+00:00","description":"Para mantener empresas exitosas, los CEOS har\u00e1n frente a cinco enormes retos. Desc\u00fabrelos aqu\u00ed.","breadcrumb":{"@id":"https:\/\/infosol.com.mx\/wordpress\/desafios-clave-de-los-ceos-hacia-la-nueva-normalidad\/#breadcrumb"},"inLanguage":"es","potentialAction":[{"@type":"ReadAction","target":["https:\/\/infosol.com.mx\/wordpress\/desafios-clave-de-los-ceos-hacia-la-nueva-normalidad\/"]}]},{"@type":"ImageObject","inLanguage":"es","@id":"https:\/\/infosol.com.mx\/wordpress\/desafios-clave-de-los-ceos-hacia-la-nueva-normalidad\/#primaryimage","url":"https:\/\/infosol.com.mx\/wordpress\/wp-content\/uploads\/como-adaptarse-a-la-nueva-normalidad.webp","contentUrl":"https:\/\/infosol.com.mx\/wordpress\/wp-content\/uploads\/como-adaptarse-a-la-nueva-normalidad.webp","width":1200,"height":675},{"@type":"BreadcrumbList","@id":"https:\/\/infosol.com.mx\/wordpress\/desafios-clave-de-los-ceos-hacia-la-nueva-normalidad\/#breadcrumb","itemListElement":[{"@type":"ListItem","position":1,"name":"Inicio","item":"https:\/\/infosol.com.mx\/wordpress\/"},{"@type":"ListItem","position":2,"name":"Management","item":"https:\/\/infosol.com.mx\/wordpress\/category\/mangement\/"},{"@type":"ListItem","position":3,"name":"Desaf\u00edos clave de los CEOs hacia la nueva normalidad"}]},{"@type":"WebSite","@id":"https:\/\/infosol.com.mx\/wordpress\/#website","url":"https:\/\/infosol.com.mx\/wordpress\/","name":"Charlas de Caf\u00e9 de Comunicaci\u00f3n y Otras Pasiones","description":"Comunicaci\u00f3n, Relaciones P\u00fablicas, Redes Sociales y algo m\u00e1s...","publisher":{"@id":"https:\/\/infosol.com.mx\/wordpress\/#organization"},"potentialAction":[{"@type":"SearchAction","target":{"@type":"EntryPoint","urlTemplate":"https:\/\/infosol.com.mx\/wordpress\/?s={search_term_string}"},"query-input":{"@type":"PropertyValueSpecification","valueRequired":true,"valueName":"search_term_string"}}],"inLanguage":"es"},{"@type":"Organization","@id":"https:\/\/infosol.com.mx\/wordpress\/#organization","name":"InfoSol","url":"https:\/\/infosol.com.mx\/wordpress\/","logo":{"@type":"ImageObject","inLanguage":"es","@id":"https:\/\/infosol.com.mx\/wordpress\/#\/schema\/logo\/image\/","url":"https:\/\/infosol.com.mx\/wordpress\/wp-content\/uploads\/InfoSol-6.0-160x46-1.webp","contentUrl":"https:\/\/infosol.com.mx\/wordpress\/wp-content\/uploads\/InfoSol-6.0-160x46-1.webp","width":160,"height":46,"caption":"InfoSol"},"image":{"@id":"https:\/\/infosol.com.mx\/wordpress\/#\/schema\/logo\/image\/"},"sameAs":["https:\/\/www.facebook.com\/infosol\/","https:\/\/x.com\/EspacioInfoSol","https:\/\/www.linkedin.com\/company\/grupoinfosol\/","https:\/\/www.pinterest.com.mx\/GrupoInfoSol\/","https:\/\/www.youtube.com\/user\/InfoSolMiEspacio"]},{"@type":"Person","@id":"https:\/\/infosol.com.mx\/wordpress\/#\/schema\/person\/bb70f136abbd7e36b1f997a14c53ac3a","name":"H\u00e9ctor M. Meza","image":{"@type":"ImageObject","inLanguage":"es","@id":"http:\/\/infosol.com.mx\/wordpress\/wp-content\/uploads\/cropped-h-meza-96x96.png","url":"http:\/\/infosol.com.mx\/wordpress\/wp-content\/uploads\/cropped-h-meza-96x96.png","contentUrl":"http:\/\/infosol.com.mx\/wordpress\/wp-content\/uploads\/cropped-h-meza-96x96.png","caption":"H\u00e9ctor M. Meza"},"description":"Director General de InfoSol. MBA, Consultor y Catedr\u00e1tico en Estrategias de Comunicaci\u00f3n Integradas a la Mercadotecnia. Fue Vicepresidente en IBM de M\u00e9xico y Presidente de Motorola para M\u00e9xico, Centroam\u00e9rica y el Caribe y VP de la Corporaci\u00f3n.","sameAs":["http:\/\/www.infosol.com.mx","https:\/\/www.facebook.com\/HectorM.MezaC?ref=br_rs_WyJrZXl3b3Jkc191c2VycyJd","https:\/\/www.linkedin.com\/in\/h\u00e9ctor-meza-curiel\/","https:\/\/x.com\/https:\/\/twitter.com\/HectorMezaC"],"url":"https:\/\/infosol.com.mx\/wordpress\/author\/h-meza\/"}]}},"_links":{"self":[{"href":"https:\/\/infosol.com.mx\/wordpress\/wp-json\/wp\/v2\/posts\/5544","targetHints":{"allow":["GET"]}}],"collection":[{"href":"https:\/\/infosol.com.mx\/wordpress\/wp-json\/wp\/v2\/posts"}],"about":[{"href":"https:\/\/infosol.com.mx\/wordpress\/wp-json\/wp\/v2\/types\/post"}],"author":[{"embeddable":true,"href":"https:\/\/infosol.com.mx\/wordpress\/wp-json\/wp\/v2\/users\/2"}],"replies":[{"embeddable":true,"href":"https:\/\/infosol.com.mx\/wordpress\/wp-json\/wp\/v2\/comments?post=5544"}],"version-history":[{"count":12,"href":"https:\/\/infosol.com.mx\/wordpress\/wp-json\/wp\/v2\/posts\/5544\/revisions"}],"predecessor-version":[{"id":18104,"href":"https:\/\/infosol.com.mx\/wordpress\/wp-json\/wp\/v2\/posts\/5544\/revisions\/18104"}],"wp:featuredmedia":[{"embeddable":true,"href":"https:\/\/infosol.com.mx\/wordpress\/wp-json\/wp\/v2\/media\/18101"}],"wp:attachment":[{"href":"https:\/\/infosol.com.mx\/wordpress\/wp-json\/wp\/v2\/media?parent=5544"}],"wp:term":[{"taxonomy":"category","embeddable":true,"href":"https:\/\/infosol.com.mx\/wordpress\/wp-json\/wp\/v2\/categories?post=5544"},{"taxonomy":"post_tag","embeddable":true,"href":"https:\/\/infosol.com.mx\/wordpress\/wp-json\/wp\/v2\/tags?post=5544"}],"curies":[{"name":"wp","href":"https:\/\/api.w.org\/{rel}","templated":true}]}}