{"id":3598,"date":"2018-10-31T14:15:19","date_gmt":"2018-10-31T20:15:19","guid":{"rendered":"http:\/\/infosol.com.mx\/wordpress\/?p=3598"},"modified":"2025-07-07T12:39:26","modified_gmt":"2025-07-07T18:39:26","slug":"5-historias-de-miedo-para-aterrorizar-a-los-profesionales-de-la-comunicacion","status":"publish","type":"post","link":"https:\/\/infosol.com.mx\/wordpress\/5-historias-de-miedo-para-aterrorizar-a-los-profesionales-de-la-comunicacion\/","title":{"rendered":"5 historias de miedo para aterrorizar a los profesionales de la comunicaci\u00f3n"},"content":{"rendered":"<p><\/p>\n<p>\u00bfTe gustan las historias de miedo? \u00bfAl menos una vez en tu vida has le\u00eddo, visto o, incluso, escuchado una historia de miedo y horror que te haya quitado hasta el sue\u00f1o y provocado pesadillas? Grandes historias del cine y la literatura g\u00f3tica han provocado el miedo y sobresalto de m\u00e1s de uno que, por lo menos, un buen susto s\u00ed se llev\u00f3.<\/p>\n<p><\/p>\n<p><\/p>\n<p>Pero, \u00bfte has puesto a pensar qu\u00e9 suceder\u00eda si te convirtieras en protagonista de una historia como \u00e9stas? Y bueno, a final de cuentas, eso ser\u00eda un hecho casi extraordinario; sin embargo, lo que s\u00ed es bastante normal, es que quienes nos dedicamos a la comunicaci\u00f3n, al igual que debe suceder con el resto de las profesiones, nos enfrentamos a ciertas situaciones cr\u00edticas en el ejercicio de nuestro trabajo, escenarios que podr\u00edan vislumbrarse como verdaderas historias de espanto en las que \u201cacabar con el mal\u201d pareciera ser nuestra misi\u00f3n.<\/p>\n<p><\/p>\n<p><\/p>\n<p>Aprovechando estas celebraciones de D\u00eda de Muertos, quiero compartir contigo algunas historias de p\u00e1nico con la que, estoy seguro, todo profesional de las RP se podr\u00e1 identificar. Y lo mejor: algunas maneras de acabar con el \u201cterrible mal\u201d que nos puede inquietar:<\/p>\n<p><\/p>\n<p><\/p>\n<div id=\"ez-toc-container\" class=\"ez-toc-v2_0_82_2 counter-hierarchy ez-toc-counter ez-toc-custom ez-toc-container-direction\">\n<span class=\"ez-toc-title\" style=\"cursor:inherit\">\u00cdndice de Contenidos<\/span>\n<label for=\"ez-toc-cssicon-toggle-item-69ef47829562b\" class=\"ez-toc-cssicon-toggle-label\"><span class=\"ez-toc-cssicon\"><span class=\"eztoc-hide\" style=\"display:none;\">Toggle<\/span><span class=\"ez-toc-icon-toggle-span\"><svg style=\"fill: #081116;color:#081116\" xmlns=\"http:\/\/www.w3.org\/2000\/svg\" class=\"list-377408\" width=\"20px\" height=\"20px\" viewBox=\"0 0 24 24\" fill=\"none\"><path d=\"M6 6H4v2h2V6zm14 0H8v2h12V6zM4 11h2v2H4v-2zm16 0H8v2h12v-2zM4 16h2v2H4v-2zm16 0H8v2h12v-2z\" fill=\"currentColor\"><\/path><\/svg><svg style=\"fill: #081116;color:#081116\" class=\"arrow-unsorted-368013\" xmlns=\"http:\/\/www.w3.org\/2000\/svg\" width=\"10px\" height=\"10px\" viewBox=\"0 0 24 24\" version=\"1.2\" baseProfile=\"tiny\"><path d=\"M18.2 9.3l-6.2-6.3-6.2 6.3c-.2.2-.3.4-.3.7s.1.5.3.7c.2.2.4.3.7.3h11c.3 0 .5-.1.7-.3.2-.2.3-.5.3-.7s-.1-.5-.3-.7zM5.8 14.7l6.2 6.3 6.2-6.3c.2-.2.3-.5.3-.7s-.1-.5-.3-.7c-.2-.2-.4-.3-.7-.3h-11c-.3 0-.5.1-.7.3-.2.2-.3.5-.3.7s.1.5.3.7z\"\/><\/svg><\/span><\/span><\/label><input type=\"checkbox\"  id=\"ez-toc-cssicon-toggle-item-69ef47829562b\"  aria-label=\"Alternar\" \/><nav><ul class='ez-toc-list ez-toc-list-level-1 ' ><li class='ez-toc-page-1 ez-toc-heading-level-2'><a class=\"ez-toc-link ez-toc-heading-1\" href=\"https:\/\/infosol.com.mx\/wordpress\/5-historias-de-miedo-para-aterrorizar-a-los-profesionales-de-la-comunicacion\/#Asistentes_%E2%80%9Cfantasma%E2%80%9D_aterrorizan_tu_evento\" >Asistentes \u201cfantasma\u201d aterrorizan tu evento<\/a><\/li><li class='ez-toc-page-1 ez-toc-heading-level-2'><a class=\"ez-toc-link ez-toc-heading-2\" href=\"https:\/\/infosol.com.mx\/wordpress\/5-historias-de-miedo-para-aterrorizar-a-los-profesionales-de-la-comunicacion\/#La_escalofriante_pesadilla_de_demostrar_los_resultados\" >La escalofriante pesadilla de demostrar los resultados<\/a><\/li><li class='ez-toc-page-1 ez-toc-heading-level-2'><a class=\"ez-toc-link ez-toc-heading-3\" href=\"https:\/\/infosol.com.mx\/wordpress\/5-historias-de-miedo-para-aterrorizar-a-los-profesionales-de-la-comunicacion\/#Cuando_el_%E2%80%9Cerror%E2%80%9D_se_apodera_de_tu_vocero\" >Cuando el \u201cerror\u201d se apodera de tu vocero<\/a><\/li><li class='ez-toc-page-1 ez-toc-heading-level-2'><a class=\"ez-toc-link ez-toc-heading-4\" href=\"https:\/\/infosol.com.mx\/wordpress\/5-historias-de-miedo-para-aterrorizar-a-los-profesionales-de-la-comunicacion\/#El_comunicado_de_prensa_revive\" >El comunicado de prensa revive<\/a><\/li><li class='ez-toc-page-1 ez-toc-heading-level-2'><a class=\"ez-toc-link ez-toc-heading-5\" href=\"https:\/\/infosol.com.mx\/wordpress\/5-historias-de-miedo-para-aterrorizar-a-los-profesionales-de-la-comunicacion\/#Crisis_de_comunicacion_como_la_pesadilla_del_alebrije\" >Crisis de comunicaci\u00f3n: como la pesadilla del alebrije<\/a><\/li><\/ul><\/nav><\/div>\n<h2 class=\"wp-block-heading\"><span class=\"ez-toc-section\" id=\"Asistentes_%E2%80%9Cfantasma%E2%80%9D_aterrorizan_tu_evento\"><\/span>Asistentes \u201cfantasma\u201d aterrorizan tu evento<span class=\"ez-toc-section-end\"><\/span><\/h2>\n<p><\/p>\n<p><\/p>\n<p>\u00bfCrees en los fantasmas? M\u00e1s all\u00e1 de cual sea tu creencia, en lo que seguro s\u00ed crees, es en la escalofriante posibilidad de que tu evento sea invadido por los \u201cfantasmas\u201d, es decir, aqu\u00e9llos que luego de confirmar previamente su asistencia, al final no se dejan ver\u2026 Pues bien, sabemos lo importante que es la presencia de los medios de comunicaci\u00f3n en un evento, sobre todo cuando la marca ha invertido tiempo, esfuerzo y dinero para llevarlo a cabo y dar a conocer alg\u00fan mensaje en especial.<\/p>\n<p><\/p>\n<p><\/p>\n<p>EL REMEDIO<em>:<\/em> Pero esto ya no tiene por qu\u00e9 ser as\u00ed. Aunque la presencia f\u00edsica de los periodistas es clave, hoy podemos impulsar los resultados mediante cobertura digital, es decir, por medio de contenidos que sean compartidos en redes sociales, desde las cuentas de micro influenciadores de nicho, y medios y periodistas que usen redes sociales. Al complementar tu estrategia con <a href=\"https:\/\/www.infosol.com.mx\/proyectos\/ebook-rp-digital\/\" target=\"_blank\" rel=\"noreferrer noopener\"><strong>t\u00e1cticas digitales<\/strong><\/a>, maximizas el valor del tiempo y dinero invertido en tu evento, mitigando el p\u00e1nico por los asistentes \u201cfantasma\u201d.<\/p>\n<p><\/p>\n<p><\/p>\n<h2 class=\"wp-block-heading\"><span class=\"ez-toc-section\" id=\"La_escalofriante_pesadilla_de_demostrar_los_resultados\"><\/span>La escalofriante pesadilla de demostrar los resultados<span class=\"ez-toc-section-end\"><\/span><\/h2>\n<p><\/p>\n<p><\/p>\n<p>Una pesadilla que ha perseguido continuamente a los profesionales de relaciones p\u00fablicas, ha sido demostrar los resultados de una campa\u00f1a, y sobre todo, c\u00f3mo \u00e9stos est\u00e1n impulsando el logro de los objetivos de negocio. Pareciera f\u00e1cil, pero cuando se trata de mostrar a tu CEO o a la Junta directiva que la inversi\u00f3n hecha en RP vali\u00f3 el esfuerzo, las cosas se ponen tan dif\u00edciles como en una historia de horror. Y es que a los hombres de negocio debemos hablar con resultados claros y no con t\u00e9rminos ambiguos para ellos, como n\u00famero de publicaciones o tipos de medios cubiertos.<\/p>\n<p><\/p>\n<p><\/p>\n<p>EL REMEDIO: Las estrategias digitales usadas por RP son el mejor aliado para exterminar la incertidumbre que te acecha, pues adem\u00e1s de acercar tu marca a las personas adecuadas, en el lugar correcto y el momento preciso; generan <a href=\"https:\/\/infosol.com.mx\/wordpress\/metricas-clave-en-las-relaciones-publicas-digitales-como-medir-el-exito-de-tus-esfuerzos-de-rp\/\" target=\"_blank\" rel=\"noopener noreferrer\"><strong>resultados medibles<\/strong><\/a> para conocer el \u00e9xito de tu estrategia y su impacto en el negocio. Deja de ser parte de esta escalofriante historia y convi\u00e9rtete en protagonista de una historia de \u00e9xito.<\/p>\n<p><\/p>\n<p><\/p>\n<h2 class=\"wp-block-heading\"><span class=\"ez-toc-section\" id=\"Cuando_el_%E2%80%9Cerror%E2%80%9D_se_apodera_de_tu_vocero\"><\/span>Cuando el \u201cerror\u201d se apodera de tu vocero<span class=\"ez-toc-section-end\"><\/span><\/h2>\n<p><\/p>\n<p><\/p>\n<p>Los l\u00edderes de pensamiento son uno de los veh\u00edculos para construir la marca, establecer una diferencia competitiva y monetizar la marca; sin embargo, cuando no han desarrollado las habilidades para interactuar con los medios de comunicaci\u00f3n, generan una historia de horror de la que ning\u00fan profesional de RP desear\u00eda ser parte. Personajes de todos los \u00e1mbitos han protagonizado este tipo historias tr\u00e1gicas en las que, cualquier mensaje positivo pierde fuerza ante hechos o palabras err\u00f3neas que marcan de por vida al vocero, como si de una maldici\u00f3n de la catrina se tratara.<\/p>\n<p><\/p>\n<p><\/p>\n<p>EL REMEDIO: Como experto en relaciones p\u00fablicas, tu tarea es recomendar a tu vocero entrenarse y desarrollar las habilidades necesarias para no dejarse poseer por el \u201cesp\u00edritu del error\u201d que lo haga ceder a provocaciones y actuar de manera equivoca ante los medios de comunicaci\u00f3n. Tener un <a href=\"https:\/\/infosol.com.mx\/wordpress\/necesitas-un-entrenamiento-en-medios\/\" target=\"_blank\" rel=\"noopener noreferrer\"><strong>entrenamiento en medios es una necesidad<\/strong><\/a> de los ejecutivos para obtener la confianza y las competencias para expulsar a ese oscuro esp\u00edritu y tener \u00e9xito a luz de su audiencia.<\/p>\n<p><\/p>\n<p><\/p>\n<h2 class=\"wp-block-heading\"><span class=\"ez-toc-section\" id=\"El_comunicado_de_prensa_revive\"><\/span>El comunicado de prensa revive<span class=\"ez-toc-section-end\"><\/span><\/h2>\n<p><\/p>\n<p><\/p>\n<p>Aunque muchos ya lo daban por muerto, y con el alma paseando por caminos oscuros, el comunicado de prensa est\u00e1 demostrando que est\u00e1 m\u00e1s que vivo, y no como un zombie o \u201cmuerto viviente\u201d que deambula sin objetivo claro, sino como una herramienta de valor y utilidad para mejorar los resultados de las estrategias de relaciones p\u00fablicas, impulsar el tr\u00e1fico hacia el sitio web del negocio y difundir los mensajes de la marca.<\/p>\n<p><\/p>\n<p><\/p>\n<p>EL REMEDIO: En un escenario donde los canales digitales imperan como los medios de comunicaci\u00f3n de las audiencias, el comunicado de prensa no podr\u00eda hacer otra cosa sino evolucionar para ser escrito como un elemento de una estrategia de marketing de contenidos m\u00e1s amplia, pensado para proporcionar contenido a micro influenciadores digitales y usuarios de medios sociales. Una t\u00e1ctica como <a href=\"https:\/\/infosol.com.mx\/servicios\/relaciones-publicas\/\" target=\"_blank\" rel=\"noreferrer noopener\" aria-label=\" (abre en una nueva pesta\u00f1a)\"><strong>la nueva versi\u00f3n del comunicado de prensa<\/strong><\/a>, es una manera eficaz de difundir tus mensajes en medios tradicionales y digitales.<\/p>\n<p><\/p>\n<p><\/p>\n<h2 class=\"wp-block-heading\"><span class=\"ez-toc-section\" id=\"Crisis_de_comunicacion_como_la_pesadilla_del_alebrije\"><\/span>Crisis de comunicaci\u00f3n: como la pesadilla del alebrije<span class=\"ez-toc-section-end\"><\/span><\/h2>\n<p><\/p>\n<p><\/p>\n<p>\u00c9sta es, quiz\u00e1, una de las m\u00e1s aterradoras historias que nadie quiere protagonizar\u2026 se trata, sin lugar a dudas, de uno de los peores momentos que puede atravesar una marca u organizaci\u00f3n y que, si no es manejado de manera adecuada, puede ocasionar hasta la desaparici\u00f3n del mismo negocio. Caos y desesperaci\u00f3n\u2026 as\u00ed es como muchas crisis de comunicaci\u00f3n se desarrollan, y pueden conducir a las peores decisiones, y a una p\u00e9rdida de reputaci\u00f3n y confianza de la audiencia.<\/p>\n<p><\/p>\n<p><\/p>\n<p>EL REMEDIO: No obstante, la clave para no vivir una historia tan oscura, es la <a href=\"https:\/\/infosol.com.mx\/wordpress\/si-tu-tambien-necesitas-un-plan-de-manejo-de-crisis\/\" target=\"_blank\" rel=\"noopener noreferrer\"><strong>planeaci\u00f3n<\/strong><\/a>, que puede reducir el riesgo y acelerar las respuestas ante las crisis. Adem\u00e1s, es importante contar con una estrategia efectiva de relaciones p\u00fablicas que ayude a tu marca o empresa a crear un \u201cbanco de confianza\u201d, es decir, crear y fortalecer una buena reputaci\u00f3n en las audiencias, capaz de protegerte de vivir una mala pasada.<\/p>\n<p><\/p>\n<p><\/p>\n<p>Desde luego que a nadie se le desea que tenga que atravesar este tipo de situaciones; sin embargo, la realidad es que estamos expuestos en nuestra labor a toparnos con dificultades como \u00e9stas. Aun con ello, no tenemos que dejar que un acontecimiento adverso se convierta en toda una historia de p\u00e1nico, pues como ves, ante cada amenaza tambi\u00e9n existen oportunidades, y si las sabemos aprovechar, podremos lograr mejores resultados que incluso los esperados.<\/p>\n<p><\/p>\n<p><\/p>\n<p>Las t\u00e1cticas de relaciones p\u00fablicas se han enriquecido con las herramientas digitales, y hoy tenemos muchas m\u00e1s oportunidades a nuestro favor para liberar el potencial de RP y demostrar sus resultados de manera tangible. \u00a1As\u00ed que echemos fuera de nuestra mente el p\u00e1nico a los escenarios \u201coscuros\u201d y amenazadores, y abramos la puerta a nuevas posibilidades para nuestra marca!<\/p>\n<p><\/p>","protected":false},"excerpt":{"rendered":"<p>Disfruta la celebraci\u00f3n del D\u00eda de Muertos leyendo acerca de algunos de los temores m\u00e1s grandes de todo profesional de la comunicaci\u00f3n.<\/p>\n","protected":false},"author":2,"featured_media":21012,"comment_status":"open","ping_status":"open","sticky":false,"template":"","format":"standard","meta":{"_et_pb_use_builder":"","_et_pb_old_content":"","_et_gb_content_width":"","content-type":"","_joinchat":[],"footnotes":""},"categories":[34],"tags":[19,138,469,1120,1121,2905],"class_list":["post-3598","post","type-post","status-publish","format-standard","has-post-thumbnail","hentry","category-relaciones-publicas","tag-relaciones-publicas-2","tag-estrategias-digitales","tag-comunicado-de-prensa","tag-manejo-de-la-reputacion","tag-dia-de-muertos","tag-articulos"],"yoast_head":"<!-- This site is optimized with the Yoast SEO plugin v27.2 - https:\/\/yoast.com\/product\/yoast-seo-wordpress\/ -->\n<title>5 historias de miedo para aterrorizar a los profesionales de la comunicaci\u00f3n - Charlas de Caf\u00e9 de Comunicaci\u00f3n y Otras Pasiones<\/title>\n<meta name=\"description\" content=\"Disfruta la celebraci\u00f3n del D\u00eda de Muertos leyendo acerca de algunos de los temores m\u00e1s grandes de todo profesional de la comunicaci\u00f3n.\" \/>\n<meta name=\"robots\" content=\"index, follow, max-snippet:-1, max-image-preview:large, max-video-preview:-1\" \/>\n<link rel=\"canonical\" href=\"https:\/\/infosol.com.mx\/wordpress\/5-historias-de-miedo-para-aterrorizar-a-los-profesionales-de-la-comunicacion\/\" \/>\n<meta property=\"og:locale\" content=\"es_ES\" \/>\n<meta property=\"og:type\" content=\"article\" \/>\n<meta property=\"og:title\" content=\"5 historias de miedo para aterrorizar a los profesionales de la comunicaci\u00f3n - Charlas de Caf\u00e9 de Comunicaci\u00f3n y Otras Pasiones\" \/>\n<meta property=\"og:description\" content=\"Disfruta la celebraci\u00f3n del D\u00eda de Muertos leyendo acerca de algunos de los temores m\u00e1s grandes de todo profesional de la comunicaci\u00f3n.\" \/>\n<meta property=\"og:url\" content=\"https:\/\/infosol.com.mx\/wordpress\/5-historias-de-miedo-para-aterrorizar-a-los-profesionales-de-la-comunicacion\/\" \/>\n<meta property=\"og:site_name\" content=\"Charlas de Caf\u00e9 de Comunicaci\u00f3n y Otras Pasiones\" \/>\n<meta property=\"article:publisher\" content=\"https:\/\/www.facebook.com\/infosol\/\" \/>\n<meta property=\"article:author\" content=\"https:\/\/www.facebook.com\/HectorM.MezaC?ref=br_rs_WyJrZXl3b3Jkc191c2VycyJd\" \/>\n<meta property=\"article:published_time\" content=\"2018-10-31T20:15:19+00:00\" \/>\n<meta property=\"article:modified_time\" content=\"2025-07-07T18:39:26+00:00\" \/>\n<meta property=\"og:image\" content=\"https:\/\/infosol.com.mx\/wordpress\/wp-content\/uploads\/manejo-de-la-reputacion.webp\" \/>\n\t<meta property=\"og:image:width\" content=\"1200\" \/>\n\t<meta property=\"og:image:height\" content=\"675\" \/>\n\t<meta property=\"og:image:type\" content=\"image\/webp\" \/>\n<meta name=\"author\" content=\"H\u00e9ctor M. Meza\" \/>\n<meta name=\"twitter:card\" content=\"summary_large_image\" \/>\n<meta name=\"twitter:creator\" content=\"@https:\/\/twitter.com\/HectorMezaC\" \/>\n<meta name=\"twitter:site\" content=\"@EspacioInfoSol\" \/>\n<meta name=\"twitter:label1\" content=\"Escrito por\" \/>\n\t<meta name=\"twitter:data1\" content=\"H\u00e9ctor M. Meza\" \/>\n\t<meta name=\"twitter:label2\" content=\"Tiempo de lectura\" \/>\n\t<meta name=\"twitter:data2\" content=\"6 minutos\" \/>\n<script type=\"application\/ld+json\" class=\"yoast-schema-graph\">{\"@context\":\"https:\/\/schema.org\",\"@graph\":[{\"@type\":\"Article\",\"@id\":\"https:\/\/infosol.com.mx\/wordpress\/5-historias-de-miedo-para-aterrorizar-a-los-profesionales-de-la-comunicacion\/#article\",\"isPartOf\":{\"@id\":\"https:\/\/infosol.com.mx\/wordpress\/5-historias-de-miedo-para-aterrorizar-a-los-profesionales-de-la-comunicacion\/\"},\"author\":{\"name\":\"H\u00e9ctor M. Meza\",\"@id\":\"https:\/\/infosol.com.mx\/wordpress\/#\/schema\/person\/bb70f136abbd7e36b1f997a14c53ac3a\"},\"headline\":\"5 historias de miedo para aterrorizar a los profesionales de la comunicaci\u00f3n\",\"datePublished\":\"2018-10-31T20:15:19+00:00\",\"dateModified\":\"2025-07-07T18:39:26+00:00\",\"mainEntityOfPage\":{\"@id\":\"https:\/\/infosol.com.mx\/wordpress\/5-historias-de-miedo-para-aterrorizar-a-los-profesionales-de-la-comunicacion\/\"},\"wordCount\":1250,\"commentCount\":0,\"publisher\":{\"@id\":\"https:\/\/infosol.com.mx\/wordpress\/#organization\"},\"image\":{\"@id\":\"https:\/\/infosol.com.mx\/wordpress\/5-historias-de-miedo-para-aterrorizar-a-los-profesionales-de-la-comunicacion\/#primaryimage\"},\"thumbnailUrl\":\"https:\/\/infosol.com.mx\/wordpress\/wp-content\/uploads\/manejo-de-la-reputacion.webp\",\"keywords\":[\"relaciones p\u00fablicas\",\"Estrategias Digitales\",\"comunicado de prensa\",\"manejo de la reputaci\u00f3n\",\"d\u00eda de muertos\",\"Art\u00edculos\"],\"articleSection\":[\"Relaciones P\u00fablicas\"],\"inLanguage\":\"es\",\"potentialAction\":[{\"@type\":\"CommentAction\",\"name\":\"Comment\",\"target\":[\"https:\/\/infosol.com.mx\/wordpress\/5-historias-de-miedo-para-aterrorizar-a-los-profesionales-de-la-comunicacion\/#respond\"]}]},{\"@type\":\"WebPage\",\"@id\":\"https:\/\/infosol.com.mx\/wordpress\/5-historias-de-miedo-para-aterrorizar-a-los-profesionales-de-la-comunicacion\/\",\"url\":\"https:\/\/infosol.com.mx\/wordpress\/5-historias-de-miedo-para-aterrorizar-a-los-profesionales-de-la-comunicacion\/\",\"name\":\"5 historias de miedo para aterrorizar a los profesionales de la comunicaci\u00f3n - Charlas de Caf\u00e9 de Comunicaci\u00f3n y Otras Pasiones\",\"isPartOf\":{\"@id\":\"https:\/\/infosol.com.mx\/wordpress\/#website\"},\"primaryImageOfPage\":{\"@id\":\"https:\/\/infosol.com.mx\/wordpress\/5-historias-de-miedo-para-aterrorizar-a-los-profesionales-de-la-comunicacion\/#primaryimage\"},\"image\":{\"@id\":\"https:\/\/infosol.com.mx\/wordpress\/5-historias-de-miedo-para-aterrorizar-a-los-profesionales-de-la-comunicacion\/#primaryimage\"},\"thumbnailUrl\":\"https:\/\/infosol.com.mx\/wordpress\/wp-content\/uploads\/manejo-de-la-reputacion.webp\",\"datePublished\":\"2018-10-31T20:15:19+00:00\",\"dateModified\":\"2025-07-07T18:39:26+00:00\",\"description\":\"Disfruta la celebraci\u00f3n del D\u00eda de Muertos leyendo acerca de algunos de los temores m\u00e1s grandes de todo profesional de la comunicaci\u00f3n.\",\"breadcrumb\":{\"@id\":\"https:\/\/infosol.com.mx\/wordpress\/5-historias-de-miedo-para-aterrorizar-a-los-profesionales-de-la-comunicacion\/#breadcrumb\"},\"inLanguage\":\"es\",\"potentialAction\":[{\"@type\":\"ReadAction\",\"target\":[\"https:\/\/infosol.com.mx\/wordpress\/5-historias-de-miedo-para-aterrorizar-a-los-profesionales-de-la-comunicacion\/\"]}]},{\"@type\":\"ImageObject\",\"inLanguage\":\"es\",\"@id\":\"https:\/\/infosol.com.mx\/wordpress\/5-historias-de-miedo-para-aterrorizar-a-los-profesionales-de-la-comunicacion\/#primaryimage\",\"url\":\"https:\/\/infosol.com.mx\/wordpress\/wp-content\/uploads\/manejo-de-la-reputacion.webp\",\"contentUrl\":\"https:\/\/infosol.com.mx\/wordpress\/wp-content\/uploads\/manejo-de-la-reputacion.webp\",\"width\":1200,\"height\":675},{\"@type\":\"BreadcrumbList\",\"@id\":\"https:\/\/infosol.com.mx\/wordpress\/5-historias-de-miedo-para-aterrorizar-a-los-profesionales-de-la-comunicacion\/#breadcrumb\",\"itemListElement\":[{\"@type\":\"ListItem\",\"position\":1,\"name\":\"Inicio\",\"item\":\"https:\/\/infosol.com.mx\/wordpress\/\"},{\"@type\":\"ListItem\",\"position\":2,\"name\":\"Relaciones P\u00fablicas\",\"item\":\"https:\/\/infosol.com.mx\/wordpress\/category\/relaciones-publicas\/\"},{\"@type\":\"ListItem\",\"position\":3,\"name\":\"5 historias de miedo para aterrorizar a los profesionales de la comunicaci\u00f3n\"}]},{\"@type\":\"WebSite\",\"@id\":\"https:\/\/infosol.com.mx\/wordpress\/#website\",\"url\":\"https:\/\/infosol.com.mx\/wordpress\/\",\"name\":\"Charlas de Caf\u00e9 de Comunicaci\u00f3n y Otras Pasiones\",\"description\":\"Comunicaci\u00f3n, Relaciones P\u00fablicas, Redes Sociales y algo m\u00e1s...\",\"publisher\":{\"@id\":\"https:\/\/infosol.com.mx\/wordpress\/#organization\"},\"potentialAction\":[{\"@type\":\"SearchAction\",\"target\":{\"@type\":\"EntryPoint\",\"urlTemplate\":\"https:\/\/infosol.com.mx\/wordpress\/?s={search_term_string}\"},\"query-input\":{\"@type\":\"PropertyValueSpecification\",\"valueRequired\":true,\"valueName\":\"search_term_string\"}}],\"inLanguage\":\"es\"},{\"@type\":\"Organization\",\"@id\":\"https:\/\/infosol.com.mx\/wordpress\/#organization\",\"name\":\"InfoSol\",\"url\":\"https:\/\/infosol.com.mx\/wordpress\/\",\"logo\":{\"@type\":\"ImageObject\",\"inLanguage\":\"es\",\"@id\":\"https:\/\/infosol.com.mx\/wordpress\/#\/schema\/logo\/image\/\",\"url\":\"https:\/\/infosol.com.mx\/wordpress\/wp-content\/uploads\/InfoSol-6.0-160x46-1.webp\",\"contentUrl\":\"https:\/\/infosol.com.mx\/wordpress\/wp-content\/uploads\/InfoSol-6.0-160x46-1.webp\",\"width\":160,\"height\":46,\"caption\":\"InfoSol\"},\"image\":{\"@id\":\"https:\/\/infosol.com.mx\/wordpress\/#\/schema\/logo\/image\/\"},\"sameAs\":[\"https:\/\/www.facebook.com\/infosol\/\",\"https:\/\/x.com\/EspacioInfoSol\",\"https:\/\/www.linkedin.com\/company\/grupoinfosol\/\",\"https:\/\/www.pinterest.com.mx\/GrupoInfoSol\/\",\"https:\/\/www.youtube.com\/user\/InfoSolMiEspacio\"]},{\"@type\":\"Person\",\"@id\":\"https:\/\/infosol.com.mx\/wordpress\/#\/schema\/person\/bb70f136abbd7e36b1f997a14c53ac3a\",\"name\":\"H\u00e9ctor M. Meza\",\"image\":{\"@type\":\"ImageObject\",\"inLanguage\":\"es\",\"@id\":\"http:\/\/infosol.com.mx\/wordpress\/wp-content\/uploads\/cropped-h-meza-96x96.png\",\"url\":\"http:\/\/infosol.com.mx\/wordpress\/wp-content\/uploads\/cropped-h-meza-96x96.png\",\"contentUrl\":\"http:\/\/infosol.com.mx\/wordpress\/wp-content\/uploads\/cropped-h-meza-96x96.png\",\"caption\":\"H\u00e9ctor M. Meza\"},\"description\":\"Director General de InfoSol. MBA, Consultor y Catedr\u00e1tico en Estrategias de Comunicaci\u00f3n Integradas a la Mercadotecnia. Fue Vicepresidente en IBM de M\u00e9xico y Presidente de Motorola para M\u00e9xico, Centroam\u00e9rica y el Caribe y VP de la Corporaci\u00f3n.\",\"sameAs\":[\"http:\/\/www.infosol.com.mx\",\"https:\/\/www.facebook.com\/HectorM.MezaC?ref=br_rs_WyJrZXl3b3Jkc191c2VycyJd\",\"https:\/\/www.linkedin.com\/in\/h\u00e9ctor-meza-curiel\/\",\"https:\/\/x.com\/https:\/\/twitter.com\/HectorMezaC\"],\"url\":\"https:\/\/infosol.com.mx\/wordpress\/author\/h-meza\/\"}]}<\/script>\n<!-- \/ Yoast SEO plugin. -->","yoast_head_json":{"title":"5 historias de miedo para aterrorizar a los profesionales de la comunicaci\u00f3n - Charlas de Caf\u00e9 de Comunicaci\u00f3n y Otras Pasiones","description":"Disfruta la celebraci\u00f3n del D\u00eda de Muertos leyendo acerca de algunos de los temores m\u00e1s grandes de todo profesional de la comunicaci\u00f3n.","robots":{"index":"index","follow":"follow","max-snippet":"max-snippet:-1","max-image-preview":"max-image-preview:large","max-video-preview":"max-video-preview:-1"},"canonical":"https:\/\/infosol.com.mx\/wordpress\/5-historias-de-miedo-para-aterrorizar-a-los-profesionales-de-la-comunicacion\/","og_locale":"es_ES","og_type":"article","og_title":"5 historias de miedo para aterrorizar a los profesionales de la comunicaci\u00f3n - Charlas de Caf\u00e9 de Comunicaci\u00f3n y Otras Pasiones","og_description":"Disfruta la celebraci\u00f3n del D\u00eda de Muertos leyendo acerca de algunos de los temores m\u00e1s grandes de todo profesional de la comunicaci\u00f3n.","og_url":"https:\/\/infosol.com.mx\/wordpress\/5-historias-de-miedo-para-aterrorizar-a-los-profesionales-de-la-comunicacion\/","og_site_name":"Charlas de Caf\u00e9 de Comunicaci\u00f3n y Otras Pasiones","article_publisher":"https:\/\/www.facebook.com\/infosol\/","article_author":"https:\/\/www.facebook.com\/HectorM.MezaC?ref=br_rs_WyJrZXl3b3Jkc191c2VycyJd","article_published_time":"2018-10-31T20:15:19+00:00","article_modified_time":"2025-07-07T18:39:26+00:00","og_image":[{"width":1200,"height":675,"url":"https:\/\/infosol.com.mx\/wordpress\/wp-content\/uploads\/manejo-de-la-reputacion.webp","type":"image\/webp"}],"author":"H\u00e9ctor M. Meza","twitter_card":"summary_large_image","twitter_creator":"@https:\/\/twitter.com\/HectorMezaC","twitter_site":"@EspacioInfoSol","twitter_misc":{"Escrito por":"H\u00e9ctor M. Meza","Tiempo de lectura":"6 minutos"},"schema":{"@context":"https:\/\/schema.org","@graph":[{"@type":"Article","@id":"https:\/\/infosol.com.mx\/wordpress\/5-historias-de-miedo-para-aterrorizar-a-los-profesionales-de-la-comunicacion\/#article","isPartOf":{"@id":"https:\/\/infosol.com.mx\/wordpress\/5-historias-de-miedo-para-aterrorizar-a-los-profesionales-de-la-comunicacion\/"},"author":{"name":"H\u00e9ctor M. Meza","@id":"https:\/\/infosol.com.mx\/wordpress\/#\/schema\/person\/bb70f136abbd7e36b1f997a14c53ac3a"},"headline":"5 historias de miedo para aterrorizar a los profesionales de la comunicaci\u00f3n","datePublished":"2018-10-31T20:15:19+00:00","dateModified":"2025-07-07T18:39:26+00:00","mainEntityOfPage":{"@id":"https:\/\/infosol.com.mx\/wordpress\/5-historias-de-miedo-para-aterrorizar-a-los-profesionales-de-la-comunicacion\/"},"wordCount":1250,"commentCount":0,"publisher":{"@id":"https:\/\/infosol.com.mx\/wordpress\/#organization"},"image":{"@id":"https:\/\/infosol.com.mx\/wordpress\/5-historias-de-miedo-para-aterrorizar-a-los-profesionales-de-la-comunicacion\/#primaryimage"},"thumbnailUrl":"https:\/\/infosol.com.mx\/wordpress\/wp-content\/uploads\/manejo-de-la-reputacion.webp","keywords":["relaciones p\u00fablicas","Estrategias Digitales","comunicado de prensa","manejo de la reputaci\u00f3n","d\u00eda de muertos","Art\u00edculos"],"articleSection":["Relaciones P\u00fablicas"],"inLanguage":"es","potentialAction":[{"@type":"CommentAction","name":"Comment","target":["https:\/\/infosol.com.mx\/wordpress\/5-historias-de-miedo-para-aterrorizar-a-los-profesionales-de-la-comunicacion\/#respond"]}]},{"@type":"WebPage","@id":"https:\/\/infosol.com.mx\/wordpress\/5-historias-de-miedo-para-aterrorizar-a-los-profesionales-de-la-comunicacion\/","url":"https:\/\/infosol.com.mx\/wordpress\/5-historias-de-miedo-para-aterrorizar-a-los-profesionales-de-la-comunicacion\/","name":"5 historias de miedo para aterrorizar a los profesionales de la comunicaci\u00f3n - Charlas de Caf\u00e9 de Comunicaci\u00f3n y Otras Pasiones","isPartOf":{"@id":"https:\/\/infosol.com.mx\/wordpress\/#website"},"primaryImageOfPage":{"@id":"https:\/\/infosol.com.mx\/wordpress\/5-historias-de-miedo-para-aterrorizar-a-los-profesionales-de-la-comunicacion\/#primaryimage"},"image":{"@id":"https:\/\/infosol.com.mx\/wordpress\/5-historias-de-miedo-para-aterrorizar-a-los-profesionales-de-la-comunicacion\/#primaryimage"},"thumbnailUrl":"https:\/\/infosol.com.mx\/wordpress\/wp-content\/uploads\/manejo-de-la-reputacion.webp","datePublished":"2018-10-31T20:15:19+00:00","dateModified":"2025-07-07T18:39:26+00:00","description":"Disfruta la celebraci\u00f3n del D\u00eda de Muertos leyendo acerca de algunos de los temores m\u00e1s grandes de todo profesional de la comunicaci\u00f3n.","breadcrumb":{"@id":"https:\/\/infosol.com.mx\/wordpress\/5-historias-de-miedo-para-aterrorizar-a-los-profesionales-de-la-comunicacion\/#breadcrumb"},"inLanguage":"es","potentialAction":[{"@type":"ReadAction","target":["https:\/\/infosol.com.mx\/wordpress\/5-historias-de-miedo-para-aterrorizar-a-los-profesionales-de-la-comunicacion\/"]}]},{"@type":"ImageObject","inLanguage":"es","@id":"https:\/\/infosol.com.mx\/wordpress\/5-historias-de-miedo-para-aterrorizar-a-los-profesionales-de-la-comunicacion\/#primaryimage","url":"https:\/\/infosol.com.mx\/wordpress\/wp-content\/uploads\/manejo-de-la-reputacion.webp","contentUrl":"https:\/\/infosol.com.mx\/wordpress\/wp-content\/uploads\/manejo-de-la-reputacion.webp","width":1200,"height":675},{"@type":"BreadcrumbList","@id":"https:\/\/infosol.com.mx\/wordpress\/5-historias-de-miedo-para-aterrorizar-a-los-profesionales-de-la-comunicacion\/#breadcrumb","itemListElement":[{"@type":"ListItem","position":1,"name":"Inicio","item":"https:\/\/infosol.com.mx\/wordpress\/"},{"@type":"ListItem","position":2,"name":"Relaciones P\u00fablicas","item":"https:\/\/infosol.com.mx\/wordpress\/category\/relaciones-publicas\/"},{"@type":"ListItem","position":3,"name":"5 historias de miedo para aterrorizar a los profesionales de la comunicaci\u00f3n"}]},{"@type":"WebSite","@id":"https:\/\/infosol.com.mx\/wordpress\/#website","url":"https:\/\/infosol.com.mx\/wordpress\/","name":"Charlas de Caf\u00e9 de Comunicaci\u00f3n y Otras Pasiones","description":"Comunicaci\u00f3n, Relaciones P\u00fablicas, Redes Sociales y algo m\u00e1s...","publisher":{"@id":"https:\/\/infosol.com.mx\/wordpress\/#organization"},"potentialAction":[{"@type":"SearchAction","target":{"@type":"EntryPoint","urlTemplate":"https:\/\/infosol.com.mx\/wordpress\/?s={search_term_string}"},"query-input":{"@type":"PropertyValueSpecification","valueRequired":true,"valueName":"search_term_string"}}],"inLanguage":"es"},{"@type":"Organization","@id":"https:\/\/infosol.com.mx\/wordpress\/#organization","name":"InfoSol","url":"https:\/\/infosol.com.mx\/wordpress\/","logo":{"@type":"ImageObject","inLanguage":"es","@id":"https:\/\/infosol.com.mx\/wordpress\/#\/schema\/logo\/image\/","url":"https:\/\/infosol.com.mx\/wordpress\/wp-content\/uploads\/InfoSol-6.0-160x46-1.webp","contentUrl":"https:\/\/infosol.com.mx\/wordpress\/wp-content\/uploads\/InfoSol-6.0-160x46-1.webp","width":160,"height":46,"caption":"InfoSol"},"image":{"@id":"https:\/\/infosol.com.mx\/wordpress\/#\/schema\/logo\/image\/"},"sameAs":["https:\/\/www.facebook.com\/infosol\/","https:\/\/x.com\/EspacioInfoSol","https:\/\/www.linkedin.com\/company\/grupoinfosol\/","https:\/\/www.pinterest.com.mx\/GrupoInfoSol\/","https:\/\/www.youtube.com\/user\/InfoSolMiEspacio"]},{"@type":"Person","@id":"https:\/\/infosol.com.mx\/wordpress\/#\/schema\/person\/bb70f136abbd7e36b1f997a14c53ac3a","name":"H\u00e9ctor M. Meza","image":{"@type":"ImageObject","inLanguage":"es","@id":"http:\/\/infosol.com.mx\/wordpress\/wp-content\/uploads\/cropped-h-meza-96x96.png","url":"http:\/\/infosol.com.mx\/wordpress\/wp-content\/uploads\/cropped-h-meza-96x96.png","contentUrl":"http:\/\/infosol.com.mx\/wordpress\/wp-content\/uploads\/cropped-h-meza-96x96.png","caption":"H\u00e9ctor M. Meza"},"description":"Director General de InfoSol. MBA, Consultor y Catedr\u00e1tico en Estrategias de Comunicaci\u00f3n Integradas a la Mercadotecnia. Fue Vicepresidente en IBM de M\u00e9xico y Presidente de Motorola para M\u00e9xico, Centroam\u00e9rica y el Caribe y VP de la Corporaci\u00f3n.","sameAs":["http:\/\/www.infosol.com.mx","https:\/\/www.facebook.com\/HectorM.MezaC?ref=br_rs_WyJrZXl3b3Jkc191c2VycyJd","https:\/\/www.linkedin.com\/in\/h\u00e9ctor-meza-curiel\/","https:\/\/x.com\/https:\/\/twitter.com\/HectorMezaC"],"url":"https:\/\/infosol.com.mx\/wordpress\/author\/h-meza\/"}]}},"_links":{"self":[{"href":"https:\/\/infosol.com.mx\/wordpress\/wp-json\/wp\/v2\/posts\/3598","targetHints":{"allow":["GET"]}}],"collection":[{"href":"https:\/\/infosol.com.mx\/wordpress\/wp-json\/wp\/v2\/posts"}],"about":[{"href":"https:\/\/infosol.com.mx\/wordpress\/wp-json\/wp\/v2\/types\/post"}],"author":[{"embeddable":true,"href":"https:\/\/infosol.com.mx\/wordpress\/wp-json\/wp\/v2\/users\/2"}],"replies":[{"embeddable":true,"href":"https:\/\/infosol.com.mx\/wordpress\/wp-json\/wp\/v2\/comments?post=3598"}],"version-history":[{"count":30,"href":"https:\/\/infosol.com.mx\/wordpress\/wp-json\/wp\/v2\/posts\/3598\/revisions"}],"predecessor-version":[{"id":22709,"href":"https:\/\/infosol.com.mx\/wordpress\/wp-json\/wp\/v2\/posts\/3598\/revisions\/22709"}],"wp:featuredmedia":[{"embeddable":true,"href":"https:\/\/infosol.com.mx\/wordpress\/wp-json\/wp\/v2\/media\/21012"}],"wp:attachment":[{"href":"https:\/\/infosol.com.mx\/wordpress\/wp-json\/wp\/v2\/media?parent=3598"}],"wp:term":[{"taxonomy":"category","embeddable":true,"href":"https:\/\/infosol.com.mx\/wordpress\/wp-json\/wp\/v2\/categories?post=3598"},{"taxonomy":"post_tag","embeddable":true,"href":"https:\/\/infosol.com.mx\/wordpress\/wp-json\/wp\/v2\/tags?post=3598"}],"curies":[{"name":"wp","href":"https:\/\/api.w.org\/{rel}","templated":true}]}}