{"id":2878,"date":"2016-03-03T12:12:18","date_gmt":"2016-03-03T18:12:18","guid":{"rendered":"http:\/\/infosol.com.mx\/wordpress\/?p=2878"},"modified":"2025-08-15T14:57:17","modified_gmt":"2025-08-15T20:57:17","slug":"lecciones-de-liderazgo-del-cuartel-de-guerra-a-la-sala-de-juntas","status":"publish","type":"post","link":"https:\/\/infosol.com.mx\/wordpress\/lecciones-de-liderazgo-del-cuartel-de-guerra-a-la-sala-de-juntas\/","title":{"rendered":"Lecciones de Liderazgo: Del cuartel de guerra a la sala de juntas"},"content":{"rendered":"\n<p>Hasta hace alg\u00fan tiempo, mi visi\u00f3n acerca de las Fuerzas Armadas era muy simplista y estereotipada. Quiz\u00e1, al igual que muchos de ustedes, conceb\u00eda al \u201cmundo de la milicia\u201d como s\u00f3lo un lugar de vasta instrucci\u00f3n, severa disciplina y duro entrenamiento f\u00edsico; los referentes b\u00e1sicos y la imagen que llega a nosotros a trav\u00e9s de los medios masivos de comunicaci\u00f3n. Creo que jam\u00e1s me hab\u00eda pasado por la mente, el gran aprendizaje que podemos obtener de esta organizaci\u00f3n y, sobre todo, de las experiencias de quienes forman parte de ella.<\/p>\n\n\n\n<p>Seguro te preguntar\u00e1s, \u00bfpor qu\u00e9 se\u00f1alo esto? Pues bien, primero quiero decir que me considero un hombre afortunado por saber que en la vida a\u00fan tengo muchas cosas por ver, escuchar, aprender y mejorar; y cuando esos procesos ocurren de manera inusitada en la cotidianidad de la vida, confirmo cada vez que no hay casualidades, hay causalidades.<\/p>\n\n\n\n<p>\u00bfQu\u00e9 me sucedi\u00f3? Durante un viaje hacia el vecino del norte, a donde asist\u00ed para dar una conferencia sobre <em>entrepeneurship<\/em> a estudiantes universitarios de una de mis Alma Mater en Sherman Texas; compart\u00ed las poco m\u00e1s de dos horas de viaje, junto a un comandante de la Fuerza Naval, el almirante Ernesto, un hombre muy cordial con quien tuve la oportunidad de platicar acerca de su trabajo en la Marina.<\/p>\n\n\n\n<p>Sin duda, creo que su experiencia como jefe militar atrajo mi atenci\u00f3n debido a las coincidencias existentes entre un hombre como \u00e9l, quien a diario debe asumir un liderazgo que haga posible una buena planeaci\u00f3n y conduzca al \u00e9xito las operaciones militares; y un hombre de negocios, quien requiere ejercer un liderazgo efectivo en su corporaci\u00f3n para alcanzar las metas de negocio.<\/p>\n\n\n\n<p>Mi amena charla con el almirante Ernesto ampli\u00f3 mi visi\u00f3n respecto del \u201cmundo de la milicia\u201d y de quienes forman parte de \u00e9sta, y entiendo pueden existir algunas opiniones al contrario pero, desde ese encuentro, la considero una organizaci\u00f3n moderna, din\u00e1mica y altamente capacitada; con algunos elementos dignos de considerar para la cultura de trabajo de cualquier empresa o compa\u00f1\u00eda.<\/p>\n\n\n\n<p>As\u00ed es, muchos l\u00edderes de negocios estamos en la b\u00fasqueda constante de t\u00e1cticas y herramientas que nos ayuden a establecer una cultura corporativa que incremente la eficacia y la excelencia profesional de nuestros equipos de trabajo; sobre todo cuando el entorno de negocios es cada vez m\u00e1s competitivo y necesitamos ir generando cambios para adaptarnos a los nuevos requerimientos.<\/p>\n\n\n\n<blockquote class=\"wp-block-quote is-layout-flow wp-block-quote-is-layout-flow\">\n<p>El que verdaderamente triunfa y perdura es quien aprende a construir un frente de batalla con las armas y t\u00e1cticas de un liderazgo efectivo.<\/p>\n<\/blockquote>\n\n\n\n<p>Mi pl\u00e1tica con el almirante me hizo considerar que los hombres de negocio podemos aprender muchas lecciones del liderazgo militar y trasladarlas al entorno de negocios con el fin de llevar a cabo una mejor gesti\u00f3n empresarial. Obviamente, es claro que el liderazgo militar y corporativo son distintos, as\u00ed como las metas a lograr; sin embargo, hay t\u00e1cticas que se pueden retomar y aplicar en casi cualquier compa\u00f1\u00eda. Aqu\u00ed te comparto algunas:<\/p>\n\n\n\n<div id=\"ez-toc-container\" class=\"ez-toc-v2_0_82_2 counter-hierarchy ez-toc-counter ez-toc-custom ez-toc-container-direction\">\n<span class=\"ez-toc-title\" style=\"cursor:inherit\">\u00cdndice de Contenidos<\/span>\n<label for=\"ez-toc-cssicon-toggle-item-69eea3eb3998d\" class=\"ez-toc-cssicon-toggle-label\"><span class=\"ez-toc-cssicon\"><span class=\"eztoc-hide\" style=\"display:none;\">Toggle<\/span><span class=\"ez-toc-icon-toggle-span\"><svg style=\"fill: #081116;color:#081116\" xmlns=\"http:\/\/www.w3.org\/2000\/svg\" class=\"list-377408\" width=\"20px\" height=\"20px\" viewBox=\"0 0 24 24\" fill=\"none\"><path d=\"M6 6H4v2h2V6zm14 0H8v2h12V6zM4 11h2v2H4v-2zm16 0H8v2h12v-2zM4 16h2v2H4v-2zm16 0H8v2h12v-2z\" fill=\"currentColor\"><\/path><\/svg><svg style=\"fill: #081116;color:#081116\" class=\"arrow-unsorted-368013\" xmlns=\"http:\/\/www.w3.org\/2000\/svg\" width=\"10px\" height=\"10px\" viewBox=\"0 0 24 24\" version=\"1.2\" baseProfile=\"tiny\"><path d=\"M18.2 9.3l-6.2-6.3-6.2 6.3c-.2.2-.3.4-.3.7s.1.5.3.7c.2.2.4.3.7.3h11c.3 0 .5-.1.7-.3.2-.2.3-.5.3-.7s-.1-.5-.3-.7zM5.8 14.7l6.2 6.3 6.2-6.3c.2-.2.3-.5.3-.7s-.1-.5-.3-.7c-.2-.2-.4-.3-.7-.3h-11c-.3 0-.5.1-.7.3-.2.2-.3.5-.3.7s.1.5.3.7z\"\/><\/svg><\/span><\/span><\/label><input type=\"checkbox\"  id=\"ez-toc-cssicon-toggle-item-69eea3eb3998d\"  aria-label=\"Alternar\" \/><nav><ul class='ez-toc-list ez-toc-list-level-1 ' ><li class='ez-toc-page-1 ez-toc-heading-level-2'><a class=\"ez-toc-link ez-toc-heading-1\" href=\"https:\/\/infosol.com.mx\/wordpress\/lecciones-de-liderazgo-del-cuartel-de-guerra-a-la-sala-de-juntas\/#Haz_del_trabajo_en_equipo_tu_mayor_prioridad\" >Haz del trabajo en equipo tu mayor prioridad<\/a><\/li><li class='ez-toc-page-1 ez-toc-heading-level-2'><a class=\"ez-toc-link ez-toc-heading-2\" href=\"https:\/\/infosol.com.mx\/wordpress\/lecciones-de-liderazgo-del-cuartel-de-guerra-a-la-sala-de-juntas\/#Conviertete_en_un_lider_etico\" >Convi\u00e9rtete en un l\u00edder \u00e9tico<\/a><\/li><li class='ez-toc-page-1 ez-toc-heading-level-2'><a class=\"ez-toc-link ez-toc-heading-3\" href=\"https:\/\/infosol.com.mx\/wordpress\/lecciones-de-liderazgo-del-cuartel-de-guerra-a-la-sala-de-juntas\/#No_importa_lo_que_pase_manten_siempre_la_calma\" >No importa lo que pase, mant\u00e9n siempre la calma<\/a><\/li><li class='ez-toc-page-1 ez-toc-heading-level-2'><a class=\"ez-toc-link ez-toc-heading-4\" href=\"https:\/\/infosol.com.mx\/wordpress\/lecciones-de-liderazgo-del-cuartel-de-guerra-a-la-sala-de-juntas\/#%E2%80%9CEmbosca%E2%80%9D_a_la_competencia\" >\u201cEmbosca\u201d a la competencia<\/a><\/li><li class='ez-toc-page-1 ez-toc-heading-level-2'><a class=\"ez-toc-link ez-toc-heading-5\" href=\"https:\/\/infosol.com.mx\/wordpress\/lecciones-de-liderazgo-del-cuartel-de-guerra-a-la-sala-de-juntas\/#Adaptate_rapidamente_al_cambio\" >Ad\u00e1ptate r\u00e1pidamente al cambio<\/a><\/li><\/ul><\/nav><\/div>\n<h2 class=\"wp-block-heading\"><span class=\"ez-toc-section\" id=\"Haz_del_trabajo_en_equipo_tu_mayor_prioridad\"><\/span>Haz del trabajo en equipo tu mayor prioridad<span class=\"ez-toc-section-end\"><\/span><\/h2>\n\n\n\n<p>Un buen l\u00edder necesita saber que una misi\u00f3n o meta no se puede ejecutar si su equipo no funciona como tal. El almirante Ernesto se\u00f1alaba que su ejercicio del mando s\u00f3lo era posible mediante la participaci\u00f3n personal de cada subalterno para operar en la unidad. As\u00ed, era posible conducir a los elementos subordinados para que ejecutaran el plan t\u00e1ctico, conforme a lo planificado y actuando en forma coordinada.<\/p>\n\n\n\n<p>En cualquier organizaci\u00f3n, un l\u00edder debe hacer \u00e9nfasis continuo en el trabajo en equipo, coordinando el trabajo, impulsando a sus integrantes y generando mayor confianza. Las metas de negocio no se pueden alcanzar de manera individual, es necesario involucrar a nuestros colaboradores y apasionarlos por la compa\u00f1\u00eda.<\/p>\n\n\n\n<h2 class=\"wp-block-heading\"><span class=\"ez-toc-section\" id=\"Conviertete_en_un_lider_etico\"><\/span>Convi\u00e9rtete en un l\u00edder \u00e9tico<span class=\"ez-toc-section-end\"><\/span><\/h2>\n\n\n\n<p>Para mi estimado almirante, la milicia se sustenta sobre principios \u00e9ticos inequ\u00edvocos, como el honor, y quienes la hacen parte de su estilo de vida aceptan las estrictas exigencias a sus mandatos. Valores morales como el honor hacen que los hombres no hallen en su conciencia reproche alguno acerca de su proceder.<\/p>\n\n\n\n<p>Aquellos l\u00edderes empresariales con \u00e9tica, que gu\u00edan con el ejemplo, son capaces de lograr la confianza e inspirar a sus equipos a act\u00faan correctamente y alcanzar resultados de negocio extraordinarios. \u00a1Qu\u00e9 mejor arma para dar la batalla que inspirar a otros con nuestras propias acciones\u201d.<\/p>\n\n\n\n<h2 class=\"wp-block-heading\"><span class=\"ez-toc-section\" id=\"No_importa_lo_que_pase_manten_siempre_la_calma\"><\/span>No importa lo que pase, mant\u00e9n siempre la calma<span class=\"ez-toc-section-end\"><\/span><\/h2>\n\n\n\n<p>Ernesto, el almirante, comentaba que en la Fuerza Naval son entrenados para sentirse m\u00e1s competentes tomando decisiones y asumiendo riesgos cuando la informaci\u00f3n con la que cuentan es incompleta. \u00bfTe suena familiar? Seguro que s\u00ed, porque es algo a lo que todos los d\u00edas nos enfrentamos quienes estamos al frente de cualquier organizaci\u00f3n: Muchas veces con Informaci\u00f3n y datos inciertos y fragmentados; y a\u00fan con ello, debemos mantener la calma para analizar r\u00e1pidamente los factores y tendencias que impactan a los posibles cursos de acci\u00f3n, y despu\u00e9s decidir lo que debe hacerse. T\u00fa lo sabes, cualquier retraso en esta toma de decisiones representa un gran riesgo como la p\u00e9rdida de clientes, da\u00f1o a la reputaci\u00f3n de la empresa, entre otros.<\/p>\n\n\n\n<h2 class=\"wp-block-heading\"><span class=\"ez-toc-section\" id=\"%E2%80%9CEmbosca%E2%80%9D_a_la_competencia\"><\/span>\u201cEmbosca\u201d a la competencia<span class=\"ez-toc-section-end\"><\/span><\/h2>\n\n\n\n<p>En una emboscada, dice Ernesto, siempre tienes que eliminar al operador de radio y al l\u00edder de la unidad (un militar que regularmente se encuentra junto al controlador del radio), porque sin liderazgo ni una buena comunicaci\u00f3n, es muy probable que el enemigo entre en caos y sea dispersado f\u00e1cilmente.<\/p>\n\n\n\n<p>Bien sabemos que el liderazgo, ejercido de manera eficaz, es crucial para conducir a la organizaci\u00f3n por el camino correcto para llegar a la meta, y sin \u00e9l, la organizaci\u00f3n caer\u00e1 en el caos y estar\u00e1 condenada al fracaso. Y qu\u00e9 decir de la comunicaci\u00f3n, tan elemental para generar en tus colaboradores el compromiso hacia su trabajo y la compa\u00f1\u00eda. \u00a1No permitas que la competencia te gane terreno!<\/p>\n\n\n\n<h2 class=\"wp-block-heading\"><span class=\"ez-toc-section\" id=\"Adaptate_rapidamente_al_cambio\"><\/span>Ad\u00e1ptate r\u00e1pidamente al cambio<span class=\"ez-toc-section-end\"><\/span><\/h2>\n\n\n\n<p>La supervivencia de las empresas es un tema que nos preocupa a todos los CEOs. Mi interlocutor en mi viaje expresaba que la supervivencia no tiene que ver con ser el m\u00e1s fuerte o el m\u00e1s r\u00e1pido, sino con la facilidad para adaptarse al cambio. \u00bfTe suena familiar el t\u00e9rmino? Sin duda que los militares son los \u201cmaestros de la adaptaci\u00f3n\u201d, pues son capaces de operar en todo tipo de climas y en todo clase de condiciones ambientales.<\/p>\n\n\n\n<p>Al igual que ellos, los l\u00edderes de negocio deben adaptarse r\u00e1pidamente a las siempre cambiantes condiciones de mercado, pero adem\u00e1s, necesitan entrenar a sus colaboradores para hacer lo mismo y no perder las oportunidades de negocio.<\/p>\n\n\n\n<p>Mi charla con Ernesto me record\u00f3 que el mundo de los negocios es tambi\u00e9n un campo de batalla donde, en oposici\u00f3n a la vieja idea de que s\u00f3lo tiene \u00e9xito el m\u00e1s grande, fuerte y astuto; el que verdaderamente triunfa y perdura es quien aprende a construir un frente de batalla con las armas y t\u00e1cticas de un liderazgo efectivo. Una frase c\u00e9lebre del estratega militar y fil\u00f3sofo Sun Tzu, dice: <em>\u201cEl supremo arte de la guerra es doblegar al enemigo sin luchar\u201d. <\/em><\/p>\n\n\n\n<p>Las empresas, a final de cuentas, son tambi\u00e9n una especie de batallones en los que las funciones de cada quien deben desempe\u00f1arse correctamente para obtener la victoria, contin\u00faa tu lectura y descubre <a href=\"https:\/\/infosol.com.mx\/wordpress\/5-pasos-para-un-liderazgo-de-pensamiento-poderoso\/\" target=\"_blank\" rel=\"noreferrer noopener\">5 sencillos pasos para convertirte en el l\u00edder que tu empresa necesita<\/a> y est\u00e9s preparado para la pr\u00f3xima batalla.<\/p>\n","protected":false},"excerpt":{"rendered":"<p>Hasta hace alg\u00fan tiempo, mi visi\u00f3n acerca de las Fuerzas Armadas era muy simplista y estereotipada. Quiz\u00e1, al igual que muchos de ustedes, conceb\u00eda al \u201cmundo de la milicia\u201d como s\u00f3lo un lugar de vasta instrucci\u00f3n, severa disciplina y duro entrenamiento f\u00edsico; los referentes b\u00e1sicos y la imagen que llega a nosotros a trav\u00e9s de [&hellip;]<\/p>\n","protected":false},"author":2,"featured_media":17834,"comment_status":"open","ping_status":"open","sticky":false,"template":"","format":"standard","meta":{"_et_pb_use_builder":"","_et_pb_old_content":"","_et_gb_content_width":"","content-type":"","_joinchat":[],"footnotes":""},"categories":[491],"tags":[755,756,757,758,2905],"class_list":["post-2878","post","type-post","status-publish","format-standard","has-post-thumbnail","hentry","category-mangement","tag-liderazgo-efectivo","tag-tacticas-para-ser-un-buen-lider","tag-como-ser-un-buen-lider","tag-resultados-de-negocio","tag-articulos"],"yoast_head":"<!-- This site is optimized with the Yoast SEO plugin v27.2 - https:\/\/yoast.com\/product\/yoast-seo-wordpress\/ -->\n<title>Lecciones de Liderazgo: Del cuartel de guerra a la sala de juntas - Charlas de Caf\u00e9 de Comunicaci\u00f3n y Otras Pasiones<\/title>\n<meta name=\"robots\" content=\"index, follow, max-snippet:-1, max-image-preview:large, max-video-preview:-1\" \/>\n<link rel=\"canonical\" href=\"https:\/\/infosol.com.mx\/wordpress\/lecciones-de-liderazgo-del-cuartel-de-guerra-a-la-sala-de-juntas\/\" \/>\n<meta property=\"og:locale\" content=\"es_ES\" \/>\n<meta property=\"og:type\" content=\"article\" \/>\n<meta property=\"og:title\" content=\"Lecciones de Liderazgo: Del cuartel de guerra a la sala de juntas - Charlas de Caf\u00e9 de Comunicaci\u00f3n y Otras Pasiones\" \/>\n<meta property=\"og:description\" content=\"Hasta hace alg\u00fan tiempo, mi visi\u00f3n acerca de las Fuerzas Armadas era muy simplista y estereotipada. Quiz\u00e1, al igual que muchos de ustedes, conceb\u00eda al \u201cmundo de la milicia\u201d como s\u00f3lo un lugar de vasta instrucci\u00f3n, severa disciplina y duro entrenamiento f\u00edsico; los referentes b\u00e1sicos y la imagen que llega a nosotros a trav\u00e9s de [&hellip;]\" \/>\n<meta property=\"og:url\" content=\"https:\/\/infosol.com.mx\/wordpress\/lecciones-de-liderazgo-del-cuartel-de-guerra-a-la-sala-de-juntas\/\" \/>\n<meta property=\"og:site_name\" content=\"Charlas de Caf\u00e9 de Comunicaci\u00f3n y Otras Pasiones\" \/>\n<meta property=\"article:publisher\" content=\"https:\/\/www.facebook.com\/infosol\/\" \/>\n<meta property=\"article:author\" content=\"https:\/\/www.facebook.com\/HectorM.MezaC?ref=br_rs_WyJrZXl3b3Jkc191c2VycyJd\" \/>\n<meta property=\"article:published_time\" content=\"2016-03-03T18:12:18+00:00\" \/>\n<meta property=\"article:modified_time\" content=\"2025-08-15T20:57:17+00:00\" \/>\n<meta property=\"og:image\" content=\"https:\/\/infosol.com.mx\/wordpress\/wp-content\/uploads\/tacticas-para-ser-un-buen-lider.webp\" \/>\n\t<meta property=\"og:image:width\" content=\"1200\" \/>\n\t<meta property=\"og:image:height\" content=\"675\" \/>\n\t<meta property=\"og:image:type\" content=\"image\/webp\" \/>\n<meta name=\"author\" content=\"H\u00e9ctor M. Meza\" \/>\n<meta name=\"twitter:card\" content=\"summary_large_image\" \/>\n<meta name=\"twitter:creator\" content=\"@https:\/\/twitter.com\/HectorMezaC\" \/>\n<meta name=\"twitter:site\" content=\"@EspacioInfoSol\" \/>\n<meta name=\"twitter:label1\" content=\"Escrito por\" \/>\n\t<meta name=\"twitter:data1\" content=\"H\u00e9ctor M. Meza\" \/>\n\t<meta name=\"twitter:label2\" content=\"Tiempo de lectura\" \/>\n\t<meta name=\"twitter:data2\" content=\"6 minutos\" \/>\n<script type=\"application\/ld+json\" class=\"yoast-schema-graph\">{\"@context\":\"https:\/\/schema.org\",\"@graph\":[{\"@type\":\"Article\",\"@id\":\"https:\/\/infosol.com.mx\/wordpress\/lecciones-de-liderazgo-del-cuartel-de-guerra-a-la-sala-de-juntas\/#article\",\"isPartOf\":{\"@id\":\"https:\/\/infosol.com.mx\/wordpress\/lecciones-de-liderazgo-del-cuartel-de-guerra-a-la-sala-de-juntas\/\"},\"author\":{\"name\":\"H\u00e9ctor M. Meza\",\"@id\":\"https:\/\/infosol.com.mx\/wordpress\/#\/schema\/person\/bb70f136abbd7e36b1f997a14c53ac3a\"},\"headline\":\"Lecciones de Liderazgo: Del cuartel de guerra a la sala de juntas\",\"datePublished\":\"2016-03-03T18:12:18+00:00\",\"dateModified\":\"2025-08-15T20:57:17+00:00\",\"mainEntityOfPage\":{\"@id\":\"https:\/\/infosol.com.mx\/wordpress\/lecciones-de-liderazgo-del-cuartel-de-guerra-a-la-sala-de-juntas\/\"},\"wordCount\":1323,\"commentCount\":0,\"publisher\":{\"@id\":\"https:\/\/infosol.com.mx\/wordpress\/#organization\"},\"image\":{\"@id\":\"https:\/\/infosol.com.mx\/wordpress\/lecciones-de-liderazgo-del-cuartel-de-guerra-a-la-sala-de-juntas\/#primaryimage\"},\"thumbnailUrl\":\"https:\/\/infosol.com.mx\/wordpress\/wp-content\/uploads\/tacticas-para-ser-un-buen-lider.webp\",\"keywords\":[\"Liderazgo efectivo\",\"t\u00e1cticas para ser un buen l\u00edder\",\"c\u00f3mo ser un buen l\u00edder\",\"resultados de negocio\",\"Art\u00edculos\"],\"articleSection\":[\"Management\"],\"inLanguage\":\"es\",\"potentialAction\":[{\"@type\":\"CommentAction\",\"name\":\"Comment\",\"target\":[\"https:\/\/infosol.com.mx\/wordpress\/lecciones-de-liderazgo-del-cuartel-de-guerra-a-la-sala-de-juntas\/#respond\"]}]},{\"@type\":\"WebPage\",\"@id\":\"https:\/\/infosol.com.mx\/wordpress\/lecciones-de-liderazgo-del-cuartel-de-guerra-a-la-sala-de-juntas\/\",\"url\":\"https:\/\/infosol.com.mx\/wordpress\/lecciones-de-liderazgo-del-cuartel-de-guerra-a-la-sala-de-juntas\/\",\"name\":\"Lecciones de Liderazgo: Del cuartel de guerra a la sala de juntas - Charlas de Caf\u00e9 de Comunicaci\u00f3n y Otras Pasiones\",\"isPartOf\":{\"@id\":\"https:\/\/infosol.com.mx\/wordpress\/#website\"},\"primaryImageOfPage\":{\"@id\":\"https:\/\/infosol.com.mx\/wordpress\/lecciones-de-liderazgo-del-cuartel-de-guerra-a-la-sala-de-juntas\/#primaryimage\"},\"image\":{\"@id\":\"https:\/\/infosol.com.mx\/wordpress\/lecciones-de-liderazgo-del-cuartel-de-guerra-a-la-sala-de-juntas\/#primaryimage\"},\"thumbnailUrl\":\"https:\/\/infosol.com.mx\/wordpress\/wp-content\/uploads\/tacticas-para-ser-un-buen-lider.webp\",\"datePublished\":\"2016-03-03T18:12:18+00:00\",\"dateModified\":\"2025-08-15T20:57:17+00:00\",\"breadcrumb\":{\"@id\":\"https:\/\/infosol.com.mx\/wordpress\/lecciones-de-liderazgo-del-cuartel-de-guerra-a-la-sala-de-juntas\/#breadcrumb\"},\"inLanguage\":\"es\",\"potentialAction\":[{\"@type\":\"ReadAction\",\"target\":[\"https:\/\/infosol.com.mx\/wordpress\/lecciones-de-liderazgo-del-cuartel-de-guerra-a-la-sala-de-juntas\/\"]}]},{\"@type\":\"ImageObject\",\"inLanguage\":\"es\",\"@id\":\"https:\/\/infosol.com.mx\/wordpress\/lecciones-de-liderazgo-del-cuartel-de-guerra-a-la-sala-de-juntas\/#primaryimage\",\"url\":\"https:\/\/infosol.com.mx\/wordpress\/wp-content\/uploads\/tacticas-para-ser-un-buen-lider.webp\",\"contentUrl\":\"https:\/\/infosol.com.mx\/wordpress\/wp-content\/uploads\/tacticas-para-ser-un-buen-lider.webp\",\"width\":1200,\"height\":675},{\"@type\":\"BreadcrumbList\",\"@id\":\"https:\/\/infosol.com.mx\/wordpress\/lecciones-de-liderazgo-del-cuartel-de-guerra-a-la-sala-de-juntas\/#breadcrumb\",\"itemListElement\":[{\"@type\":\"ListItem\",\"position\":1,\"name\":\"Inicio\",\"item\":\"https:\/\/infosol.com.mx\/wordpress\/\"},{\"@type\":\"ListItem\",\"position\":2,\"name\":\"Management\",\"item\":\"https:\/\/infosol.com.mx\/wordpress\/category\/mangement\/\"},{\"@type\":\"ListItem\",\"position\":3,\"name\":\"Lecciones de Liderazgo: Del cuartel de guerra a la sala de juntas\"}]},{\"@type\":\"WebSite\",\"@id\":\"https:\/\/infosol.com.mx\/wordpress\/#website\",\"url\":\"https:\/\/infosol.com.mx\/wordpress\/\",\"name\":\"Charlas de Caf\u00e9 de Comunicaci\u00f3n y Otras Pasiones\",\"description\":\"Comunicaci\u00f3n, Relaciones P\u00fablicas, Redes Sociales y algo m\u00e1s...\",\"publisher\":{\"@id\":\"https:\/\/infosol.com.mx\/wordpress\/#organization\"},\"potentialAction\":[{\"@type\":\"SearchAction\",\"target\":{\"@type\":\"EntryPoint\",\"urlTemplate\":\"https:\/\/infosol.com.mx\/wordpress\/?s={search_term_string}\"},\"query-input\":{\"@type\":\"PropertyValueSpecification\",\"valueRequired\":true,\"valueName\":\"search_term_string\"}}],\"inLanguage\":\"es\"},{\"@type\":\"Organization\",\"@id\":\"https:\/\/infosol.com.mx\/wordpress\/#organization\",\"name\":\"InfoSol\",\"url\":\"https:\/\/infosol.com.mx\/wordpress\/\",\"logo\":{\"@type\":\"ImageObject\",\"inLanguage\":\"es\",\"@id\":\"https:\/\/infosol.com.mx\/wordpress\/#\/schema\/logo\/image\/\",\"url\":\"https:\/\/infosol.com.mx\/wordpress\/wp-content\/uploads\/InfoSol-6.0-160x46-1.webp\",\"contentUrl\":\"https:\/\/infosol.com.mx\/wordpress\/wp-content\/uploads\/InfoSol-6.0-160x46-1.webp\",\"width\":160,\"height\":46,\"caption\":\"InfoSol\"},\"image\":{\"@id\":\"https:\/\/infosol.com.mx\/wordpress\/#\/schema\/logo\/image\/\"},\"sameAs\":[\"https:\/\/www.facebook.com\/infosol\/\",\"https:\/\/x.com\/EspacioInfoSol\",\"https:\/\/www.linkedin.com\/company\/grupoinfosol\/\",\"https:\/\/www.pinterest.com.mx\/GrupoInfoSol\/\",\"https:\/\/www.youtube.com\/user\/InfoSolMiEspacio\"]},{\"@type\":\"Person\",\"@id\":\"https:\/\/infosol.com.mx\/wordpress\/#\/schema\/person\/bb70f136abbd7e36b1f997a14c53ac3a\",\"name\":\"H\u00e9ctor M. Meza\",\"image\":{\"@type\":\"ImageObject\",\"inLanguage\":\"es\",\"@id\":\"http:\/\/infosol.com.mx\/wordpress\/wp-content\/uploads\/cropped-h-meza-96x96.png\",\"url\":\"http:\/\/infosol.com.mx\/wordpress\/wp-content\/uploads\/cropped-h-meza-96x96.png\",\"contentUrl\":\"http:\/\/infosol.com.mx\/wordpress\/wp-content\/uploads\/cropped-h-meza-96x96.png\",\"caption\":\"H\u00e9ctor M. Meza\"},\"description\":\"Director General de InfoSol. MBA, Consultor y Catedr\u00e1tico en Estrategias de Comunicaci\u00f3n Integradas a la Mercadotecnia. Fue Vicepresidente en IBM de M\u00e9xico y Presidente de Motorola para M\u00e9xico, Centroam\u00e9rica y el Caribe y VP de la Corporaci\u00f3n.\",\"sameAs\":[\"http:\/\/www.infosol.com.mx\",\"https:\/\/www.facebook.com\/HectorM.MezaC?ref=br_rs_WyJrZXl3b3Jkc191c2VycyJd\",\"https:\/\/www.linkedin.com\/in\/h\u00e9ctor-meza-curiel\/\",\"https:\/\/x.com\/https:\/\/twitter.com\/HectorMezaC\"],\"url\":\"https:\/\/infosol.com.mx\/wordpress\/author\/h-meza\/\"}]}<\/script>\n<!-- \/ Yoast SEO plugin. -->","yoast_head_json":{"title":"Lecciones de Liderazgo: Del cuartel de guerra a la sala de juntas - Charlas de Caf\u00e9 de Comunicaci\u00f3n y Otras Pasiones","robots":{"index":"index","follow":"follow","max-snippet":"max-snippet:-1","max-image-preview":"max-image-preview:large","max-video-preview":"max-video-preview:-1"},"canonical":"https:\/\/infosol.com.mx\/wordpress\/lecciones-de-liderazgo-del-cuartel-de-guerra-a-la-sala-de-juntas\/","og_locale":"es_ES","og_type":"article","og_title":"Lecciones de Liderazgo: Del cuartel de guerra a la sala de juntas - Charlas de Caf\u00e9 de Comunicaci\u00f3n y Otras Pasiones","og_description":"Hasta hace alg\u00fan tiempo, mi visi\u00f3n acerca de las Fuerzas Armadas era muy simplista y estereotipada. Quiz\u00e1, al igual que muchos de ustedes, conceb\u00eda al \u201cmundo de la milicia\u201d como s\u00f3lo un lugar de vasta instrucci\u00f3n, severa disciplina y duro entrenamiento f\u00edsico; los referentes b\u00e1sicos y la imagen que llega a nosotros a trav\u00e9s de [&hellip;]","og_url":"https:\/\/infosol.com.mx\/wordpress\/lecciones-de-liderazgo-del-cuartel-de-guerra-a-la-sala-de-juntas\/","og_site_name":"Charlas de Caf\u00e9 de Comunicaci\u00f3n y Otras Pasiones","article_publisher":"https:\/\/www.facebook.com\/infosol\/","article_author":"https:\/\/www.facebook.com\/HectorM.MezaC?ref=br_rs_WyJrZXl3b3Jkc191c2VycyJd","article_published_time":"2016-03-03T18:12:18+00:00","article_modified_time":"2025-08-15T20:57:17+00:00","og_image":[{"width":1200,"height":675,"url":"https:\/\/infosol.com.mx\/wordpress\/wp-content\/uploads\/tacticas-para-ser-un-buen-lider.webp","type":"image\/webp"}],"author":"H\u00e9ctor M. Meza","twitter_card":"summary_large_image","twitter_creator":"@https:\/\/twitter.com\/HectorMezaC","twitter_site":"@EspacioInfoSol","twitter_misc":{"Escrito por":"H\u00e9ctor M. Meza","Tiempo de lectura":"6 minutos"},"schema":{"@context":"https:\/\/schema.org","@graph":[{"@type":"Article","@id":"https:\/\/infosol.com.mx\/wordpress\/lecciones-de-liderazgo-del-cuartel-de-guerra-a-la-sala-de-juntas\/#article","isPartOf":{"@id":"https:\/\/infosol.com.mx\/wordpress\/lecciones-de-liderazgo-del-cuartel-de-guerra-a-la-sala-de-juntas\/"},"author":{"name":"H\u00e9ctor M. Meza","@id":"https:\/\/infosol.com.mx\/wordpress\/#\/schema\/person\/bb70f136abbd7e36b1f997a14c53ac3a"},"headline":"Lecciones de Liderazgo: Del cuartel de guerra a la sala de juntas","datePublished":"2016-03-03T18:12:18+00:00","dateModified":"2025-08-15T20:57:17+00:00","mainEntityOfPage":{"@id":"https:\/\/infosol.com.mx\/wordpress\/lecciones-de-liderazgo-del-cuartel-de-guerra-a-la-sala-de-juntas\/"},"wordCount":1323,"commentCount":0,"publisher":{"@id":"https:\/\/infosol.com.mx\/wordpress\/#organization"},"image":{"@id":"https:\/\/infosol.com.mx\/wordpress\/lecciones-de-liderazgo-del-cuartel-de-guerra-a-la-sala-de-juntas\/#primaryimage"},"thumbnailUrl":"https:\/\/infosol.com.mx\/wordpress\/wp-content\/uploads\/tacticas-para-ser-un-buen-lider.webp","keywords":["Liderazgo efectivo","t\u00e1cticas para ser un buen l\u00edder","c\u00f3mo ser un buen l\u00edder","resultados de negocio","Art\u00edculos"],"articleSection":["Management"],"inLanguage":"es","potentialAction":[{"@type":"CommentAction","name":"Comment","target":["https:\/\/infosol.com.mx\/wordpress\/lecciones-de-liderazgo-del-cuartel-de-guerra-a-la-sala-de-juntas\/#respond"]}]},{"@type":"WebPage","@id":"https:\/\/infosol.com.mx\/wordpress\/lecciones-de-liderazgo-del-cuartel-de-guerra-a-la-sala-de-juntas\/","url":"https:\/\/infosol.com.mx\/wordpress\/lecciones-de-liderazgo-del-cuartel-de-guerra-a-la-sala-de-juntas\/","name":"Lecciones de Liderazgo: Del cuartel de guerra a la sala de juntas - Charlas de Caf\u00e9 de Comunicaci\u00f3n y Otras Pasiones","isPartOf":{"@id":"https:\/\/infosol.com.mx\/wordpress\/#website"},"primaryImageOfPage":{"@id":"https:\/\/infosol.com.mx\/wordpress\/lecciones-de-liderazgo-del-cuartel-de-guerra-a-la-sala-de-juntas\/#primaryimage"},"image":{"@id":"https:\/\/infosol.com.mx\/wordpress\/lecciones-de-liderazgo-del-cuartel-de-guerra-a-la-sala-de-juntas\/#primaryimage"},"thumbnailUrl":"https:\/\/infosol.com.mx\/wordpress\/wp-content\/uploads\/tacticas-para-ser-un-buen-lider.webp","datePublished":"2016-03-03T18:12:18+00:00","dateModified":"2025-08-15T20:57:17+00:00","breadcrumb":{"@id":"https:\/\/infosol.com.mx\/wordpress\/lecciones-de-liderazgo-del-cuartel-de-guerra-a-la-sala-de-juntas\/#breadcrumb"},"inLanguage":"es","potentialAction":[{"@type":"ReadAction","target":["https:\/\/infosol.com.mx\/wordpress\/lecciones-de-liderazgo-del-cuartel-de-guerra-a-la-sala-de-juntas\/"]}]},{"@type":"ImageObject","inLanguage":"es","@id":"https:\/\/infosol.com.mx\/wordpress\/lecciones-de-liderazgo-del-cuartel-de-guerra-a-la-sala-de-juntas\/#primaryimage","url":"https:\/\/infosol.com.mx\/wordpress\/wp-content\/uploads\/tacticas-para-ser-un-buen-lider.webp","contentUrl":"https:\/\/infosol.com.mx\/wordpress\/wp-content\/uploads\/tacticas-para-ser-un-buen-lider.webp","width":1200,"height":675},{"@type":"BreadcrumbList","@id":"https:\/\/infosol.com.mx\/wordpress\/lecciones-de-liderazgo-del-cuartel-de-guerra-a-la-sala-de-juntas\/#breadcrumb","itemListElement":[{"@type":"ListItem","position":1,"name":"Inicio","item":"https:\/\/infosol.com.mx\/wordpress\/"},{"@type":"ListItem","position":2,"name":"Management","item":"https:\/\/infosol.com.mx\/wordpress\/category\/mangement\/"},{"@type":"ListItem","position":3,"name":"Lecciones de Liderazgo: Del cuartel de guerra a la sala de juntas"}]},{"@type":"WebSite","@id":"https:\/\/infosol.com.mx\/wordpress\/#website","url":"https:\/\/infosol.com.mx\/wordpress\/","name":"Charlas de Caf\u00e9 de Comunicaci\u00f3n y Otras Pasiones","description":"Comunicaci\u00f3n, Relaciones P\u00fablicas, Redes Sociales y algo m\u00e1s...","publisher":{"@id":"https:\/\/infosol.com.mx\/wordpress\/#organization"},"potentialAction":[{"@type":"SearchAction","target":{"@type":"EntryPoint","urlTemplate":"https:\/\/infosol.com.mx\/wordpress\/?s={search_term_string}"},"query-input":{"@type":"PropertyValueSpecification","valueRequired":true,"valueName":"search_term_string"}}],"inLanguage":"es"},{"@type":"Organization","@id":"https:\/\/infosol.com.mx\/wordpress\/#organization","name":"InfoSol","url":"https:\/\/infosol.com.mx\/wordpress\/","logo":{"@type":"ImageObject","inLanguage":"es","@id":"https:\/\/infosol.com.mx\/wordpress\/#\/schema\/logo\/image\/","url":"https:\/\/infosol.com.mx\/wordpress\/wp-content\/uploads\/InfoSol-6.0-160x46-1.webp","contentUrl":"https:\/\/infosol.com.mx\/wordpress\/wp-content\/uploads\/InfoSol-6.0-160x46-1.webp","width":160,"height":46,"caption":"InfoSol"},"image":{"@id":"https:\/\/infosol.com.mx\/wordpress\/#\/schema\/logo\/image\/"},"sameAs":["https:\/\/www.facebook.com\/infosol\/","https:\/\/x.com\/EspacioInfoSol","https:\/\/www.linkedin.com\/company\/grupoinfosol\/","https:\/\/www.pinterest.com.mx\/GrupoInfoSol\/","https:\/\/www.youtube.com\/user\/InfoSolMiEspacio"]},{"@type":"Person","@id":"https:\/\/infosol.com.mx\/wordpress\/#\/schema\/person\/bb70f136abbd7e36b1f997a14c53ac3a","name":"H\u00e9ctor M. Meza","image":{"@type":"ImageObject","inLanguage":"es","@id":"http:\/\/infosol.com.mx\/wordpress\/wp-content\/uploads\/cropped-h-meza-96x96.png","url":"http:\/\/infosol.com.mx\/wordpress\/wp-content\/uploads\/cropped-h-meza-96x96.png","contentUrl":"http:\/\/infosol.com.mx\/wordpress\/wp-content\/uploads\/cropped-h-meza-96x96.png","caption":"H\u00e9ctor M. Meza"},"description":"Director General de InfoSol. MBA, Consultor y Catedr\u00e1tico en Estrategias de Comunicaci\u00f3n Integradas a la Mercadotecnia. Fue Vicepresidente en IBM de M\u00e9xico y Presidente de Motorola para M\u00e9xico, Centroam\u00e9rica y el Caribe y VP de la Corporaci\u00f3n.","sameAs":["http:\/\/www.infosol.com.mx","https:\/\/www.facebook.com\/HectorM.MezaC?ref=br_rs_WyJrZXl3b3Jkc191c2VycyJd","https:\/\/www.linkedin.com\/in\/h\u00e9ctor-meza-curiel\/","https:\/\/x.com\/https:\/\/twitter.com\/HectorMezaC"],"url":"https:\/\/infosol.com.mx\/wordpress\/author\/h-meza\/"}]}},"_links":{"self":[{"href":"https:\/\/infosol.com.mx\/wordpress\/wp-json\/wp\/v2\/posts\/2878","targetHints":{"allow":["GET"]}}],"collection":[{"href":"https:\/\/infosol.com.mx\/wordpress\/wp-json\/wp\/v2\/posts"}],"about":[{"href":"https:\/\/infosol.com.mx\/wordpress\/wp-json\/wp\/v2\/types\/post"}],"author":[{"embeddable":true,"href":"https:\/\/infosol.com.mx\/wordpress\/wp-json\/wp\/v2\/users\/2"}],"replies":[{"embeddable":true,"href":"https:\/\/infosol.com.mx\/wordpress\/wp-json\/wp\/v2\/comments?post=2878"}],"version-history":[{"count":10,"href":"https:\/\/infosol.com.mx\/wordpress\/wp-json\/wp\/v2\/posts\/2878\/revisions"}],"predecessor-version":[{"id":241636,"href":"https:\/\/infosol.com.mx\/wordpress\/wp-json\/wp\/v2\/posts\/2878\/revisions\/241636"}],"wp:featuredmedia":[{"embeddable":true,"href":"https:\/\/infosol.com.mx\/wordpress\/wp-json\/wp\/v2\/media\/17834"}],"wp:attachment":[{"href":"https:\/\/infosol.com.mx\/wordpress\/wp-json\/wp\/v2\/media?parent=2878"}],"wp:term":[{"taxonomy":"category","embeddable":true,"href":"https:\/\/infosol.com.mx\/wordpress\/wp-json\/wp\/v2\/categories?post=2878"},{"taxonomy":"post_tag","embeddable":true,"href":"https:\/\/infosol.com.mx\/wordpress\/wp-json\/wp\/v2\/tags?post=2878"}],"curies":[{"name":"wp","href":"https:\/\/api.w.org\/{rel}","templated":true}]}}