{"id":243264,"date":"2026-04-02T12:13:13","date_gmt":"2026-04-02T18:13:13","guid":{"rendered":"https:\/\/infosol.com.mx\/wordpress\/?p=243264"},"modified":"2026-04-22T12:30:17","modified_gmt":"2026-04-22T18:30:17","slug":"ia-relaciones-publicas-gobernanza","status":"publish","type":"post","link":"https:\/\/infosol.com.mx\/wordpress\/ia-relaciones-publicas-gobernanza\/","title":{"rendered":"IA en relaciones p\u00fablicas: la diferencia ya no est\u00e1 en adoptarla, sino en gobernarla"},"content":{"rendered":"<p>[et_pb_section fb_built=\u00bb1&#8243; _builder_version=\u00bb4.27.6&#8243; _module_preset=\u00bbdefault\u00bb global_colors_info=\u00bb{}\u00bb theme_builder_area=\u00bbpost_content\u00bb][et_pb_row _builder_version=\u00bb4.27.6&#8243; _module_preset=\u00bbdefault\u00bb custom_padding=\u00bb||0px||false|false\u00bb global_colors_info=\u00bb{}\u00bb theme_builder_area=\u00bbpost_content\u00bb][et_pb_column type=\u00bb4_4&#8243; _builder_version=\u00bb4.27.6&#8243; _module_preset=\u00bbdefault\u00bb global_colors_info=\u00bb{}\u00bb theme_builder_area=\u00bbpost_content\u00bb][et_pb_text _builder_version=\u00bb4.27.6&#8243; _module_preset=\u00bbdefault\u00bb global_colors_info=\u00bb{}\u00bb theme_builder_area=\u00bbpost_content\u00bb]<\/p>\n<p>La inteligencia artificial est\u00e1 dejando de ser un \u201ctema pendiente\u201d en\u00a0<a href=\"https:\/\/infosol.com.mx\/wordpress\/relaciones-publicas-y-marketing\/\" target=\"_blank\" rel=\"noopener\">relaciones p\u00fablicas<\/a>. Ya est\u00e1 en los equipos, en las rutinas y en muchas de las tareas que forman parte del trabajo diario: investigar, resumir informaci\u00f3n, ordenar hallazgos, proponer enfoques, pulir borradores. La conversaci\u00f3n, por eso, cambi\u00f3 de nivel. La pregunta ya no es qui\u00e9n la est\u00e1 probando, sino <strong>qui\u00e9n aprendi\u00f3 a usarla con un enfoque claro<\/strong>.<\/p>\n<p>Ese matiz importa m\u00e1s de lo que parece. Parte del debate sobre IA para comunicaci\u00f3n se enfoc\u00f3 en la velocidad, es decir, producir m\u00e1s r\u00e1pido, automatizar m\u00e1s pasos e incorporar herramientas antes que los dem\u00e1s.<\/p>\n<p>[\/et_pb_text][\/et_pb_column][\/et_pb_row][\/et_pb_section][et_pb_section fb_built=\u00bb1&#8243; disabled_on=\u00bboff|off|off\u00bb _builder_version=\u00bb4.27.5&#8243; _module_preset=\u00bbdefault\u00bb background_color=\u00bbrgba(31,221,94,0.31)\u00bb background_enable_image=\u00bboff\u00bb background_size=\u00bbinitial\u00bb background_position=\u00bbtop_left\u00bb background_horizontal_offset=\u00bb0%\u00bb custom_margin=\u00bb25px||50px||false|false\u00bb custom_padding=\u00bb0px||0px||true|false\u00bb border_radii=\u00bbon|25px|25px|25px|25px\u00bb border_width_all=\u00bb2px\u00bb border_color_all=\u00bb#0595a8&#8243; box_shadow_style=\u00bbpreset4&#8243; box_shadow_horizontal=\u00bb0px\u00bb box_shadow_color=\u00bb#081116&#8243; locked=\u00bboff\u00bb global_colors_info=\u00bb{}\u00bb theme_builder_area=\u00bbpost_content\u00bb][et_pb_row _builder_version=\u00bb4.27.4&#8243; _module_preset=\u00bbdefault\u00bb background_enable_color=\u00bboff\u00bb custom_margin=\u00bb0px||0px||true|false\u00bb custom_padding=\u00bb5px||5px||true|false\u00bb border_radii=\u00bbon|25px|25px|25px|25px\u00bb border_style_all=\u00bbnone\u00bb global_colors_info=\u00bb{}\u00bb theme_builder_area=\u00bbpost_content\u00bb][et_pb_column type=\u00bb4_4&#8243; _builder_version=\u00bb4.27.4&#8243; _module_preset=\u00bbdefault\u00bb global_colors_info=\u00bb{}\u00bb theme_builder_area=\u00bbpost_content\u00bb][et_pb_text content_tablet=\u00bb<\/p>\n<h5><strong>Recuerda: RP NO es lo mismo que publicidad ni marketing<\/strong><\/h5>\n<h6>Ten en cuenta que <strong>las relaciones p\u00fablicas no buscan vender directamente<\/strong>, sino <strong>influir en la percepci\u00f3n<\/strong>, construir reputaci\u00f3n, generar conversaci\u00f3n org\u00e1nica y conectar a la marca con sus audiencias mediante terceros: medios, l\u00edderes de opini\u00f3n, comunidades o alianzas estrat\u00e9gicas. Esa es la diferencia clave que ver\u00e1s reflejada en cada caso a continuaci\u00f3n.<\/h6>\n<p>\u00bb content_phone=\u00bb<\/p>\n<h5><strong>IA ya es est\u00e1ndar <br \/>en PR<\/strong><\/h5>\n<h6>El informe <em>State of AI in PR 2026<\/em> de Muck Rack plantea una lectura m\u00e1s \u00fatil para la industria. El 76% de los profesionales de relaciones p\u00fablicas ya usa IA generativa, una cifra pr\u00e1cticamente sin variaci\u00f3n interanual. La adopci\u00f3n dej\u00f3 de crecer con la misma fuerza. Y eso, lejos de ser una mala noticia, marca una se\u00f1al de madurez.<\/h6>\n<p>\u00bb content_last_edited=\u00bbon|phone\u00bb _builder_version=\u00bb4.27.6&#8243; _module_preset=\u00bbdefault\u00bb text_font=\u00bbOswald|300|||||||\u00bb text_text_color=\u00bb#FFFFFF\u00bb text_font_size=\u00bb18px\u00bb ul_font=\u00bbEditorialNew-Light|300|||||||\u00bb ul_text_color=\u00bb#000000&#8243; ul_font_size=\u00bb1.25rem\u00bb ul_line_height=\u00bb1.6em\u00bb header_5_font=\u00bb|||on|||||\u00bb header_5_text_color=\u00bb#081116&#8243; header_5_font_size=\u00bb1.4rem\u00bb header_6_font=\u00bbEditorialNew-Light||||||||\u00bb header_6_text_color=\u00bb#081116&#8243; header_6_font_size=\u00bb1.3rem\u00bb header_6_line_height=\u00bb1.3em\u00bb background_enable_color=\u00bboff\u00bb background_image=\u00bbhttps:\/\/infosol.com.mx\/wordpress\/wp-content\/uploads\/sabias-que_.webp\u00bb background_size=\u00bbcustom\u00bb background_image_width=\u00bb12%\u00bb background_position=\u00bbtop_right\u00bb background_horizontal_offset=\u00bb4%\u00bb background_vertical_offset=\u00bb40%\u00bb custom_padding=\u00bb25px|200px|20px|50px|false|false\u00bb custom_padding_tablet=\u00bb25px|200px|20px|50px|false|false\u00bb custom_padding_phone=\u00bb60px|25px|10px|25px|false|true\u00bb custom_padding_last_edited=\u00bbon|phone\u00bb background_last_edited=\u00bbon|phone\u00bb background_image_width_phone=\u00bb27%\u00bb background_horizontal_offset_phone=\u00bb5%\u00bb background_vertical_offset_phone=\u00bb1%\u00bb custom_css_main_element=\u00bbul {margin-top:25px;}\u00bb border_radii=\u00bbon|20px|20px|20px|20px\u00bb box_shadow_style=\u00bbpreset3&#8243; box_shadow_color=\u00bbrgba(0,0,0,0.15)\u00bb locked=\u00bboff\u00bb global_colors_info=\u00bb{}\u00bb custom_css_main_element_last_edited=\u00bbon|phone\u00bb custom_css_main_element_phone=\u00bbbackground-position: right 4% top 0% !important;\u00bb custom_css_main_element_tablet=\u00bbul {margin-top:25px;}\u00bb theme_builder_area=\u00bbpost_content\u00bb]<\/p>\n<h5><strong>IA ya es est\u00e1ndar en PR<\/strong><\/h5>\n<h6>El informe\u00a0<em>State of AI in PR 2026<\/em>\u00a0de Muck Rack plantea una lectura m\u00e1s \u00fatil para la industria. El 76% de los profesionales de relaciones p\u00fablicas ya usa IA generativa, una cifra pr\u00e1cticamente sin variaci\u00f3n interanual. La adopci\u00f3n dej\u00f3 de crecer con la misma fuerza. Y eso, lejos de ser una mala noticia, marca una se\u00f1al de madurez.<\/h6>\n<p>[\/et_pb_text][\/et_pb_column][\/et_pb_row][\/et_pb_section][et_pb_section fb_built=\u00bb1&#8243; _builder_version=\u00bb4.27.6&#8243; _module_preset=\u00bbdefault\u00bb global_colors_info=\u00bb{}\u00bb theme_builder_area=\u00bbpost_content\u00bb][et_pb_row _builder_version=\u00bb4.27.6&#8243; _module_preset=\u00bbdefault\u00bb hover_enabled=\u00bb0&#8243; global_colors_info=\u00bb{}\u00bb theme_builder_area=\u00bbpost_content\u00bb custom_padding=\u00bb0px||0px||false|false\u00bb sticky_enabled=\u00bb0&#8243;][et_pb_column type=\u00bb4_4&#8243; _builder_version=\u00bb4.27.6&#8243; _module_preset=\u00bbdefault\u00bb global_colors_info=\u00bb{}\u00bb theme_builder_area=\u00bbpost_content\u00bb][et_pb_text _builder_version=\u00bb4.27.6&#8243; _module_preset=\u00bbdefault\u00bb global_colors_info=\u00bb{}\u00bb theme_builder_area=\u00bbpost_content\u00bb]<\/p>\n<p>Cuando una tecnolog\u00eda deja de expandirse como novedad, empieza a revelar algo m\u00e1s interesante, esto es, c\u00f3mo se integra de verdad en una disciplina. En relaciones p\u00fablicas, esa integraci\u00f3n no puede medirse solo por frecuencia de uso, debe observarse en la forma en que las organizaciones establecen reglas, capacitan a sus equipos y deciden qu\u00e9 tareas pueden apoyarse en IA sin comprometer calidad, contexto ni reputaci\u00f3n.<\/p>\n<p>Ah\u00ed est\u00e1 el cambio m\u00e1s relevante del informe. El 51% de las organizaciones ya cuenta con una pol\u00edtica formal para el uso de IA, m\u00e1s del doble que en 2024. Adem\u00e1s, el 43% de los comunicadores recibe capacitaci\u00f3n en IA dentro de su trabajo. El dato no habla de entusiasmo; habla de estructura. La conversaci\u00f3n se movi\u00f3 de la curiosidad a la gobernanza.<\/p>\n<div id=\"ez-toc-container\" class=\"ez-toc-v2_0_82_2 counter-hierarchy ez-toc-counter ez-toc-custom ez-toc-container-direction\">\n<span class=\"ez-toc-title\" style=\"cursor:inherit\">\u00cdndice de Contenidos<\/span>\n<label for=\"ez-toc-cssicon-toggle-item-69eeba1a2143d\" class=\"ez-toc-cssicon-toggle-label\"><span class=\"ez-toc-cssicon\"><span class=\"eztoc-hide\" style=\"display:none;\">Toggle<\/span><span class=\"ez-toc-icon-toggle-span\"><svg style=\"fill: #081116;color:#081116\" xmlns=\"http:\/\/www.w3.org\/2000\/svg\" class=\"list-377408\" width=\"20px\" height=\"20px\" viewBox=\"0 0 24 24\" fill=\"none\"><path d=\"M6 6H4v2h2V6zm14 0H8v2h12V6zM4 11h2v2H4v-2zm16 0H8v2h12v-2zM4 16h2v2H4v-2zm16 0H8v2h12v-2z\" fill=\"currentColor\"><\/path><\/svg><svg style=\"fill: #081116;color:#081116\" class=\"arrow-unsorted-368013\" xmlns=\"http:\/\/www.w3.org\/2000\/svg\" width=\"10px\" height=\"10px\" viewBox=\"0 0 24 24\" version=\"1.2\" baseProfile=\"tiny\"><path d=\"M18.2 9.3l-6.2-6.3-6.2 6.3c-.2.2-.3.4-.3.7s.1.5.3.7c.2.2.4.3.7.3h11c.3 0 .5-.1.7-.3.2-.2.3-.5.3-.7s-.1-.5-.3-.7zM5.8 14.7l6.2 6.3 6.2-6.3c.2-.2.3-.5.3-.7s-.1-.5-.3-.7c-.2-.2-.4-.3-.7-.3h-11c-.3 0-.5.1-.7.3-.2.2-.3.5-.3.7s.1.5.3.7z\"\/><\/svg><\/span><\/span><\/label><input type=\"checkbox\"  id=\"ez-toc-cssicon-toggle-item-69eeba1a2143d\"  aria-label=\"Alternar\" \/><nav><ul class='ez-toc-list ez-toc-list-level-1 ' ><li class='ez-toc-page-1 ez-toc-heading-level-2'><a class=\"ez-toc-link ez-toc-heading-1\" href=\"https:\/\/infosol.com.mx\/wordpress\/ia-relaciones-publicas-gobernanza\/#La_ventaja_ya_no_esta_en_usar_IA_sino_en_integrarla_bien\" >La ventaja ya no est\u00e1 en usar IA, sino en integrarla bien<\/a><\/li><li class='ez-toc-page-1 ez-toc-heading-level-2'><a class=\"ez-toc-link ez-toc-heading-2\" href=\"https:\/\/infosol.com.mx\/wordpress\/ia-relaciones-publicas-gobernanza\/#Que_conviene_hacer_desde_relaciones_publicas\" >Qu\u00e9 conviene hacer desde relaciones p\u00fablicas<\/a><\/li><\/ul><\/nav><\/div>\n<h2><span class=\"ez-toc-section\" id=\"La_ventaja_ya_no_esta_en_usar_IA_sino_en_integrarla_bien\"><\/span>La ventaja ya no est\u00e1 en usar IA, sino en integrarla bien<span class=\"ez-toc-section-end\"><\/span><\/h2>\n<p>Eso encaja con la l\u00f3gica de las relaciones p\u00fablicas. Esta disciplina nunca ha dependido solo de herramientas. Depende de juicio, lectura de contexto, capacidad de anticipaci\u00f3n y\u00a0<a href=\"https:\/\/infosol.com.mx\/wordpress\/como-lograr-un-manejo-de-reputacion-de-marca-en-linea-impecable-descubre-las-claves-para-triunfar-en-el-mundo-digital\/\" target=\"_blank\" rel=\"noopener\">manejo de reputaci\u00f3n<\/a>. Lo dif\u00edcil sigue siendo entender qu\u00e9 decir, qu\u00e9 omitir, qu\u00e9 tono conviene, qu\u00e9 riesgo reputacional existe y qu\u00e9 implicaciones puede tener un mensaje en distintos p\u00fablicos.<\/p>\n<p>Por eso, el verdadero cambio no est\u00e1 en la tecnolog\u00eda, sino en el est\u00e1ndar profesional que exige. El <strong>uso de la IA para comunicaci\u00f3n<\/strong> no reduce el valor del profesional de relaciones p\u00fablicas; lo vuelve m\u00e1s responsable. Cuando entra al flujo de trabajo, obliga a elevar los criterios de supervisi\u00f3n, validaci\u00f3n y responsabilidad sobre cada mensaje que sale al mercado.<\/p>\n<p>En ese sentido, la madurez de la adopci\u00f3n no se mide por cu\u00e1ntas tareas puede resolver una herramienta, sino por la claridad con la que un equipo sabe d\u00f3nde s\u00ed aporta valor y d\u00f3nde el criterio humano sigue siendo irremplazable.<\/p>\n<h2><span class=\"ez-toc-section\" id=\"Que_conviene_hacer_desde_relaciones_publicas\"><\/span>Qu\u00e9 conviene hacer desde relaciones p\u00fablicas<span class=\"ez-toc-section-end\"><\/span><\/h2>\n<p>Esta etapa abre una oportunidad para que agencias y equipos internos fortalezcan su operaci\u00f3n. No desde el miedo a quedarse atr\u00e1s, sino desde una integraci\u00f3n m\u00e1s inteligente que refuerce el\u00a0<a href=\"https:\/\/infosol.com.mx\/wordpress\/beneficios-relaciones-publicas-marcas-b2b\/\" target=\"_blank\" rel=\"noopener\">valor estrat\u00e9gico de las relaciones p\u00fablicas<\/a>.<\/p>\n<ol>\n<li><strong> Definir lineamientos internos de uso.<\/strong>No basta con permitir herramientas de IA. Hace falta establecer qu\u00e9 tipo de tareas pueden apoyarse en ellas, qu\u00e9 informaci\u00f3n no debe compartirse, qu\u00e9 procesos exigen revisi\u00f3n humana y qu\u00e9 criterios editoriales siguen siendo innegociables.<\/li>\n<li><strong> Capacitar con una perspectiva estrat\u00e9gica.<\/strong>La formaci\u00f3n no deber\u00eda limitarse a prompts o plataformas. Tambi\u00e9n debe incluir criterio editorial, reputaci\u00f3n, validaci\u00f3n de informaci\u00f3n, sesgos y riesgos de automatizar decisiones que requieren contexto.<\/li>\n<li><strong> Reservar a las personas el trabajo de interpretaci\u00f3n.<\/strong>La IA puede acelerar s\u00edntesis, apoyar investigaci\u00f3n o facilitar estructuras iniciales. La construcci\u00f3n del mensaje, la lectura pol\u00edtica del contexto y la decisi\u00f3n final deben seguir del lado humano.<\/li>\n<li><strong> Usar la IA para pensar mejor, no solo para producir m\u00e1s<\/strong>. En relaciones p\u00fablicas, la tentaci\u00f3n de usar estas herramientas para aumentar volumen existe. Pero el valor m\u00e1s alto est\u00e1 en otro lado; es decir, en identificar patrones, detectar oportunidades narrativas, organizar hallazgos y liberar tiempo para el an\u00e1lisis.<\/li>\n<li><strong> Convertir la gobernanza de la inteligencia artificial en una ventaja operativa<\/strong>. Las organizaciones que ya tienen pol\u00edticas, formaci\u00f3n y procesos de revisi\u00f3n no solo reducen riesgos. Tambi\u00e9n trabajan con m\u00e1s claridad, consistencia y confianza interna. Sin esa estructura, el riesgo no siempre aparece en un error visible, sino en algo m\u00e1s costoso, como producir m\u00e1s piezas con menos consistencia narrativa.<\/li>\n<\/ol>\n<p>La inteligencia artificial no le quita valor a las relaciones p\u00fablicas; obliga a precisar d\u00f3nde est\u00e1 ese valor. La diferencia ya no estar\u00e1 en qui\u00e9n la usa, sino en qui\u00e9n la integra con lineamientos claros, criterios editoriales firmes y procesos de validaci\u00f3n consistentes.<\/p>\n<p>La adopci\u00f3n estable de la IA para comunicaci\u00f3n marca un filtro. Los equipos que estructuren su uso trabajar\u00e1n con m\u00e1s congruencia, claridad y solidez; los que no lo hagan corren el riesgo de producir m\u00e1s, pero pensar menos. La pregunta ya no es si tu equipo usa IA, sino si la usa con perspectiva o solo con entusiasmo.<\/p>\n<p>[\/et_pb_text][\/et_pb_column][\/et_pb_row][\/et_pb_section][et_pb_section fb_built=\u00bb1&#8243; admin_label=\u00bbCall to Action\u00bb _builder_version=\u00bb4.27.4&#8243; _module_preset=\u00bbdefault\u00bb background_color=\u00bb#ededed\u00bb custom_margin=\u00bb25px||50px||false|false\u00bb custom_padding=\u00bb||||true|false\u00bb animation_style=\u00bbfade\u00bb border_radii=\u00bbon|25px|25px|25px|25px\u00bb border_width_all=\u00bb2px\u00bb border_color_all=\u00bb#0595a8&#8243; box_shadow_style=\u00bbpreset4&#8243; box_shadow_horizontal=\u00bb0px\u00bb box_shadow_color=\u00bb#3c3950&#8243; locked=\u00bboff\u00bb collapsed=\u00bbon\u00bb global_colors_info=\u00bb{}\u00bb theme_builder_area=\u00bbpost_content\u00bb][et_pb_row column_structure=\u00bb2_3,1_3&#8243; make_equal=\u00bbon\u00bb _builder_version=\u00bb4.27.4&#8243; _module_preset=\u00bbdefault\u00bb custom_padding=\u00bb50px|25px|50px|25px|true|true\u00bb locked=\u00bboff\u00bb global_colors_info=\u00bb{}\u00bb theme_builder_area=\u00bbpost_content\u00bb][et_pb_column type=\u00bb2_3&#8243; _builder_version=\u00bb4.20.0&#8243; _module_preset=\u00bbdefault\u00bb global_colors_info=\u00bb{}\u00bb theme_builder_area=\u00bbpost_content\u00bb][et_pb_text _builder_version=\u00bb4.27.6&#8243; _module_preset=\u00bb_initial\u00bb text_font=\u00bbOswald|700||on|||||\u00bb text_text_color=\u00bb#3c3950&#8243; text_font_size=\u00bb2.5rem\u00bb text_line_height=\u00bb1.2em\u00bb header_4_font=\u00bbOswald|700||on|||||\u00bb header_4_text_color=\u00bb#3c3950&#8243; header_4_font_size=\u00bb2.5rem\u00bb header_4_letter_spacing=\u00bb0em\u00bb header_4_line_height=\u00bb1.2em\u00bb header_6_font=\u00bbOswald|700||on|||||\u00bb header_6_text_color=\u00bb#3c3950&#8243; header_6_font_size=\u00bb2.5rem\u00bb text_orientation=\u00bbcenter\u00bb custom_margin=\u00bb||0px||false|false\u00bb global_colors_info=\u00bb{}\u00bb theme_builder_area=\u00bbpost_content\u00bb]<\/p>\n<h6>\u00bfTu equipo ya tiene lineamientos claros para usar IA en comunicaci\u00f3n?<\/h6>\n<p>[\/et_pb_text][\/et_pb_column][et_pb_column type=\u00bb1_3&#8243; _builder_version=\u00bb4.27.4&#8243; _module_preset=\u00bbdefault\u00bb custom_css_main_element=\u00bbmargin: auto;||\u00bb global_colors_info=\u00bb{}\u00bb theme_builder_area=\u00bbpost_content\u00bb][et_pb_button button_url=\u00bbhttps:\/\/infosol.com.mx\/contactanos\/\u00bb url_new_window=\u00bbon\u00bb button_text=\u00bbConversemos hoy\u00bb button_alignment=\u00bbcenter\u00bb _builder_version=\u00bb4.27.4&#8243; _module_preset=\u00bbdefault\u00bb custom_button=\u00bbon\u00bb button_text_size=\u00bb23px\u00bb button_text_color=\u00bb#3c4046&#8243; button_bg_color=\u00bb#FFFFFF\u00bb button_border_width=\u00bb2px\u00bb button_border_color=\u00bb#0595A8&#8243; button_border_radius=\u00bb1px\u00bb button_font=\u00bbOswald|||on|||||\u00bb button_icon=\u00bb&#x24;||divi||400&#8243; button_on_hover=\u00bboff\u00bb global_colors_info=\u00bb{}\u00bb button_border_width__hover_enabled=\u00bbon|desktop\u00bb button_bg_color__hover_enabled=\u00bbon|desktop\u00bb button_bg_color__hover=\u00bb#0595A8&#8243; button_bg_enable_color__hover=\u00bbon\u00bb button_text_color__hover_enabled=\u00bbon|hover\u00bb button_border_color__hover_enabled=\u00bbon|hover\u00bb button_border_color__hover=\u00bb#0595A8&#8243; button_text_color__hover=\u00bb#FFFFFF\u00bb button_border_width__hover=\u00bb4px\u00bb theme_builder_area=\u00bbpost_content\u00bb][\/et_pb_button][\/et_pb_column][\/et_pb_row][\/et_pb_section][et_pb_section fb_built=\u00bb1&#8243; admin_label=\u00bbFAQ\u00bb _builder_version=\u00bb4.27.4&#8243; _module_preset=\u00bbdefault\u00bb locked=\u00bboff\u00bb collapsed=\u00bbon\u00bb global_colors_info=\u00bb{}\u00bb theme_builder_area=\u00bbpost_content\u00bb][et_pb_row _builder_version=\u00bb4.22.1&#8243; _module_preset=\u00bbdefault\u00bb global_colors_info=\u00bb{}\u00bb theme_builder_area=\u00bbpost_content\u00bb][et_pb_column type=\u00bb4_4&#8243; _builder_version=\u00bb4.22.1&#8243; _module_preset=\u00bbdefault\u00bb global_colors_info=\u00bb{}\u00bb theme_builder_area=\u00bbpost_content\u00bb][et_pb_heading title=\u00bbFAQS\u00bb _builder_version=\u00bb4.27.4&#8243; _module_preset=\u00bbdefault\u00bb title_level=\u00bbh2&#8243; custom_margin=\u00bb||0px||false|false\u00bb custom_padding=\u00bb||0px||false|false\u00bb global_colors_info=\u00bb{}\u00bb theme_builder_area=\u00bbpost_content\u00bb][\/et_pb_heading][et_pb_accordion open_toggle_text_color=\u00bb#FFFFFF\u00bb open_toggle_background_color=\u00bb#0595A8&#8243; closed_toggle_background_color=\u00bbrgba(0,0,0,0.04)\u00bb toggle_icon=\u00bb&#xf067;||fa||900&#8243; icon_color=\u00bb#000000&#8243; _builder_version=\u00bb4.27.6&#8243; _module_preset=\u00bb_initial\u00bb toggle_text_color=\u00bb#000000&#8243; toggle_font=\u00bbOswald|700||on|||||\u00bb toggle_font_size=\u00bb24px\u00bb toggle_line_height=\u00bb1.4em\u00bb body_font=\u00bbEditorialNew-Light||||||||\u00bb body_text_color=\u00bb#FFFFFF\u00bb body_font_size=\u00bb1.3rem\u00bb body_line_height=\u00bb1.4em\u00bb toggle_font_size_tablet=\u00bb16px\u00bb toggle_font_size_phone=\u00bb20px\u00bb toggle_font_size_last_edited=\u00bbon|desktop\u00bb closed_toggle_font_size_tablet=\u00bb\u00bb closed_toggle_font_size_phone=\u00bb20px\u00bb closed_toggle_font_size_last_edited=\u00bbon|phone\u00bb body_font_size_tablet=\u00bb15px\u00bb body_font_size_phone=\u00bb22px\u00bb body_font_size_last_edited=\u00bbon|desktop\u00bb border_width_all=\u00bb0px\u00bb locked=\u00bboff\u00bb global_colors_info=\u00bb{%22gcid-0a41bebc-0107-48f7-8173-6190cad71074%22:%91%22open_toggle_text_color%22%93}\u00bb theme_builder_area=\u00bbpost_content\u00bb][et_pb_accordion_item open=\u00bbon\u00bb _builder_version=\u00bb4.27.4&#8243; _module_preset=\u00bbdefault\u00bb custom_css_main_element=\u00bbdisplay: none;\u00bb global_colors_info=\u00bb{}\u00bb theme_builder_area=\u00bbpost_content\u00bb][\/et_pb_accordion_item][et_pb_accordion_item title=\u00bb1. \u00bfQu\u00e9 implica la gobernanza de la IA en relaciones p\u00fablicas?\u00bb _builder_version=\u00bb4.27.6&#8243; _module_preset=\u00bbdefault\u00bb global_colors_info=\u00bb{}\u00bb theme_builder_area=\u00bbpost_content\u00bb open=\u00bboff\u00bb]<\/p>\n<div class=\"et_pb_toggle_content clearfix\">\n<p>La gobernanza de la IA en relaciones p\u00fablicas implica establecer reglas claras sobre su uso, incluyendo lineamientos, procesos de validaci\u00f3n y criterios editoriales. No se trata solo de adoptar herramientas, sino de definir c\u00f3mo se integran sin comprometer la calidad, el contexto ni la reputaci\u00f3n de la marca en cada mensaje.<\/p>\n<\/div>\n<p>[\/et_pb_accordion_item][et_pb_accordion_item title=\u00bb2. \u00bfPor qu\u00e9 ya no es suficiente adoptar IA en comunicaci\u00f3n?\u00bb _builder_version=\u00bb4.27.6&#8243; _module_preset=\u00bbdefault\u00bb global_colors_info=\u00bb{}\u00bb theme_builder_area=\u00bbpost_content\u00bb open=\u00bboff\u00bb]<\/p>\n<p>Adoptar IA ya no genera ventaja competitiva porque su uso se ha generalizado. La diferencia est\u00e1 en c\u00f3mo se integra estrat\u00e9gicamente dentro de los procesos. Sin lineamientos claros, puede generar inconsistencias, riesgos reputacionales o p\u00e9rdida de calidad, mientras que una implementaci\u00f3n estructurada fortalece la operaci\u00f3n y la toma de decisiones.<\/p>\n<p>[\/et_pb_accordion_item][et_pb_accordion_item title=\u00bb3. \u00bfC\u00f3mo usar la IA sin afectar la reputaci\u00f3n de marca?\u00bb _builder_version=\u00bb4.27.6&#8243; _module_preset=\u00bbdefault\u00bb global_colors_info=\u00bb{}\u00bb theme_builder_area=\u00bbpost_content\u00bb open=\u00bboff\u00bb]<\/p>\n<p>Para usar IA sin afectar la reputaci\u00f3n, es necesario mantener supervisi\u00f3n humana, validar informaci\u00f3n y definir qu\u00e9 procesos requieren intervenci\u00f3n editorial. La IA debe apoyar tareas operativas y anal\u00edticas, mientras que la interpretaci\u00f3n, el tono y las decisiones estrat\u00e9gicas deben permanecer bajo control humano para asegurar coherencia y credibilidad.<\/p>\n<p>[\/et_pb_accordion_item][\/et_pb_accordion][\/et_pb_column][\/et_pb_row][\/et_pb_section][et_pb_section fb_built=\u00bb1&#8243; _builder_version=\u00bb4.27.6&#8243; _module_preset=\u00bbdefault\u00bb global_colors_info=\u00bb{}\u00bb theme_builder_area=\u00bbpost_content\u00bb][et_pb_row _builder_version=\u00bb4.27.6&#8243; _module_preset=\u00bbdefault\u00bb custom_padding=\u00bb0px||0px||false|false\u00bb global_colors_info=\u00bb{}\u00bb theme_builder_area=\u00bbpost_content\u00bb][et_pb_column type=\u00bb4_4&#8243; _builder_version=\u00bb4.27.6&#8243; _module_preset=\u00bbdefault\u00bb global_colors_info=\u00bb{}\u00bb theme_builder_area=\u00bbpost_content\u00bb][et_pb_text _builder_version=\u00bb4.27.6&#8243; _module_preset=\u00bbdefault\u00bb global_colors_info=\u00bb{}\u00bb theme_builder_area=\u00bbpost_content\u00bb]<\/p>\n<p><em>Este art\u00edculo fue publicado originalmente en <\/em><a href=\"https:\/\/www.informabtl.com\/ia-en-relaciones-publicas-la-diferencia-ya-no-esta-en-adoptarla-sino-en-gobernarla\/\" target=\"_blank\" rel=\"noopener\"><em>InformaBTL<\/em><\/a><em>.<\/em><\/p>\n<p><em>Puedes conocer m\u00e1s contenido del autor en <\/em><a href=\"https:\/\/www.informabtl.com\/category\/columnistas\/hector-meza\/\" target=\"_blank\" rel=\"noopener\"><em>InformaBTL.<\/em><\/a><\/p>\n<p>[\/et_pb_text][\/et_pb_column][\/et_pb_row][\/et_pb_section]<\/p>\n","protected":false},"excerpt":{"rendered":"<p>Descubre c\u00f3mo gobernar la IA en relaciones p\u00fablicas para mantener control, consistencia y reputaci\u00f3n en comunicaci\u00f3n.<\/p>\n","protected":false},"author":2,"featured_media":243268,"comment_status":"open","ping_status":"closed","sticky":false,"template":"","format":"standard","meta":{"_et_pb_use_builder":"on","_et_pb_old_content":"","_et_gb_content_width":"","content-type":"","_joinchat":[],"footnotes":""},"categories":[34],"tags":[73,1306,2553,2905,3083,3084,3085],"class_list":["post-243264","post","type-post","status-publish","format-standard","has-post-thumbnail","hentry","category-relaciones-publicas","tag-estrategia-de-comunicacion","tag-reputacion-de-marca","tag-ia-en-relaciones-publicas","tag-articulos","tag-inteligencia-artificial-comunicacion","tag-pr-digital","tag-gobernanza-de-ia"],"yoast_head":"<!-- This site is optimized with the Yoast SEO plugin v27.2 - https:\/\/yoast.com\/product\/yoast-seo-wordpress\/ -->\n<title>IA en relaciones p\u00fablicas: c\u00f3mo gobernarla para mantener control, reputaci\u00f3n y consistencia<\/title>\n<meta name=\"description\" content=\"Descubre c\u00f3mo gobernar la IA en relaciones p\u00fablicas para mantener control, consistencia y reputaci\u00f3n en comunicaci\u00f3n.\" \/>\n<meta name=\"robots\" content=\"index, follow, max-snippet:-1, max-image-preview:large, max-video-preview:-1\" \/>\n<link rel=\"canonical\" href=\"https:\/\/infosol.com.mx\/wordpress\/ia-relaciones-publicas-gobernanza\/\" \/>\n<meta property=\"og:locale\" content=\"es_ES\" \/>\n<meta property=\"og:type\" content=\"article\" \/>\n<meta property=\"og:title\" content=\"IA en relaciones p\u00fablicas: c\u00f3mo gobernarla para mantener control, reputaci\u00f3n y consistencia\" \/>\n<meta property=\"og:description\" content=\"Descubre c\u00f3mo gobernar la IA en relaciones p\u00fablicas para mantener control, consistencia y reputaci\u00f3n en comunicaci\u00f3n.\" \/>\n<meta property=\"og:url\" content=\"https:\/\/infosol.com.mx\/wordpress\/ia-relaciones-publicas-gobernanza\/\" \/>\n<meta property=\"og:site_name\" content=\"Charlas de Caf\u00e9 de Comunicaci\u00f3n y Otras Pasiones\" \/>\n<meta property=\"article:publisher\" content=\"https:\/\/www.facebook.com\/infosol\/\" \/>\n<meta property=\"article:author\" content=\"https:\/\/www.facebook.com\/HectorM.MezaC?ref=br_rs_WyJrZXl3b3Jkc191c2VycyJd\" \/>\n<meta property=\"article:published_time\" content=\"2026-04-02T18:13:13+00:00\" \/>\n<meta property=\"article:modified_time\" content=\"2026-04-22T18:30:17+00:00\" \/>\n<meta property=\"og:image\" content=\"https:\/\/infosol.com.mx\/wordpress\/wp-content\/uploads\/ia-en-relaciones-publicas.webp\" \/>\n\t<meta property=\"og:image:width\" content=\"1200\" \/>\n\t<meta property=\"og:image:height\" content=\"675\" \/>\n\t<meta property=\"og:image:type\" content=\"image\/webp\" \/>\n<meta name=\"author\" content=\"H\u00e9ctor M. Meza\" \/>\n<meta name=\"twitter:card\" content=\"summary_large_image\" \/>\n<meta name=\"twitter:creator\" content=\"@https:\/\/twitter.com\/HectorMezaC\" \/>\n<meta name=\"twitter:site\" content=\"@EspacioInfoSol\" \/>\n<meta name=\"twitter:label1\" content=\"Escrito por\" \/>\n\t<meta name=\"twitter:data1\" content=\"H\u00e9ctor M. Meza\" \/>\n<script type=\"application\/ld+json\" class=\"yoast-schema-graph\">{\"@context\":\"https:\/\/schema.org\",\"@graph\":[{\"@type\":\"Article\",\"@id\":\"https:\/\/infosol.com.mx\/wordpress\/ia-relaciones-publicas-gobernanza\/#article\",\"isPartOf\":{\"@id\":\"https:\/\/infosol.com.mx\/wordpress\/ia-relaciones-publicas-gobernanza\/\"},\"author\":{\"name\":\"H\u00e9ctor M. Meza\",\"@id\":\"https:\/\/infosol.com.mx\/wordpress\/#\/schema\/person\/bb70f136abbd7e36b1f997a14c53ac3a\"},\"headline\":\"IA en relaciones p\u00fablicas: la diferencia ya no est\u00e1 en adoptarla, sino en gobernarla\",\"datePublished\":\"2026-04-02T18:13:13+00:00\",\"dateModified\":\"2026-04-22T18:30:17+00:00\",\"mainEntityOfPage\":{\"@id\":\"https:\/\/infosol.com.mx\/wordpress\/ia-relaciones-publicas-gobernanza\/\"},\"wordCount\":2611,\"commentCount\":0,\"publisher\":{\"@id\":\"https:\/\/infosol.com.mx\/wordpress\/#organization\"},\"image\":{\"@id\":\"https:\/\/infosol.com.mx\/wordpress\/ia-relaciones-publicas-gobernanza\/#primaryimage\"},\"thumbnailUrl\":\"https:\/\/infosol.com.mx\/wordpress\/wp-content\/uploads\/ia-en-relaciones-publicas.webp\",\"keywords\":[\"Estrategia de Comunicaci\u00f3n\",\"Reputaci\u00f3n de marca\",\"IA en relaciones p\u00fablicas\",\"Art\u00edculos\",\"inteligencia artificial comunicaci\u00f3n\",\"PR digital\",\"gobernanza de IA\"],\"articleSection\":[\"Relaciones P\u00fablicas\"],\"inLanguage\":\"es\",\"potentialAction\":[{\"@type\":\"CommentAction\",\"name\":\"Comment\",\"target\":[\"https:\/\/infosol.com.mx\/wordpress\/ia-relaciones-publicas-gobernanza\/#respond\"]}]},{\"@type\":\"WebPage\",\"@id\":\"https:\/\/infosol.com.mx\/wordpress\/ia-relaciones-publicas-gobernanza\/\",\"url\":\"https:\/\/infosol.com.mx\/wordpress\/ia-relaciones-publicas-gobernanza\/\",\"name\":\"IA en relaciones p\u00fablicas: c\u00f3mo gobernarla para mantener control, reputaci\u00f3n y consistencia\",\"isPartOf\":{\"@id\":\"https:\/\/infosol.com.mx\/wordpress\/#website\"},\"primaryImageOfPage\":{\"@id\":\"https:\/\/infosol.com.mx\/wordpress\/ia-relaciones-publicas-gobernanza\/#primaryimage\"},\"image\":{\"@id\":\"https:\/\/infosol.com.mx\/wordpress\/ia-relaciones-publicas-gobernanza\/#primaryimage\"},\"thumbnailUrl\":\"https:\/\/infosol.com.mx\/wordpress\/wp-content\/uploads\/ia-en-relaciones-publicas.webp\",\"datePublished\":\"2026-04-02T18:13:13+00:00\",\"dateModified\":\"2026-04-22T18:30:17+00:00\",\"description\":\"Descubre c\u00f3mo gobernar la IA en relaciones p\u00fablicas para mantener control, consistencia y reputaci\u00f3n en comunicaci\u00f3n.\",\"breadcrumb\":{\"@id\":\"https:\/\/infosol.com.mx\/wordpress\/ia-relaciones-publicas-gobernanza\/#breadcrumb\"},\"inLanguage\":\"es\",\"potentialAction\":[{\"@type\":\"ReadAction\",\"target\":[\"https:\/\/infosol.com.mx\/wordpress\/ia-relaciones-publicas-gobernanza\/\"]}]},{\"@type\":\"ImageObject\",\"inLanguage\":\"es\",\"@id\":\"https:\/\/infosol.com.mx\/wordpress\/ia-relaciones-publicas-gobernanza\/#primaryimage\",\"url\":\"https:\/\/infosol.com.mx\/wordpress\/wp-content\/uploads\/ia-en-relaciones-publicas.webp\",\"contentUrl\":\"https:\/\/infosol.com.mx\/wordpress\/wp-content\/uploads\/ia-en-relaciones-publicas.webp\",\"width\":1200,\"height\":675,\"caption\":\"Equipo de comunicaci\u00f3n analizando datos en panel digital impulsado por inteligencia artificial, con m\u00e9tricas, mapas de conversaci\u00f3n y gr\u00e1ficos en tiempo real que reflejan gobernanza, control estrat\u00e9gico y toma de decisiones en relaciones p\u00fablicas\"},{\"@type\":\"BreadcrumbList\",\"@id\":\"https:\/\/infosol.com.mx\/wordpress\/ia-relaciones-publicas-gobernanza\/#breadcrumb\",\"itemListElement\":[{\"@type\":\"ListItem\",\"position\":1,\"name\":\"Inicio\",\"item\":\"https:\/\/infosol.com.mx\/wordpress\/\"},{\"@type\":\"ListItem\",\"position\":2,\"name\":\"Relaciones P\u00fablicas\",\"item\":\"https:\/\/infosol.com.mx\/wordpress\/category\/relaciones-publicas\/\"},{\"@type\":\"ListItem\",\"position\":3,\"name\":\"IA en relaciones p\u00fablicas: la diferencia ya no est\u00e1 en adoptarla, sino en gobernarla\"}]},{\"@type\":\"WebSite\",\"@id\":\"https:\/\/infosol.com.mx\/wordpress\/#website\",\"url\":\"https:\/\/infosol.com.mx\/wordpress\/\",\"name\":\"Charlas de Caf\u00e9 de Comunicaci\u00f3n y Otras Pasiones\",\"description\":\"Comunicaci\u00f3n, Relaciones P\u00fablicas, Redes Sociales y algo m\u00e1s...\",\"publisher\":{\"@id\":\"https:\/\/infosol.com.mx\/wordpress\/#organization\"},\"potentialAction\":[{\"@type\":\"SearchAction\",\"target\":{\"@type\":\"EntryPoint\",\"urlTemplate\":\"https:\/\/infosol.com.mx\/wordpress\/?s={search_term_string}\"},\"query-input\":{\"@type\":\"PropertyValueSpecification\",\"valueRequired\":true,\"valueName\":\"search_term_string\"}}],\"inLanguage\":\"es\"},{\"@type\":\"Organization\",\"@id\":\"https:\/\/infosol.com.mx\/wordpress\/#organization\",\"name\":\"InfoSol\",\"url\":\"https:\/\/infosol.com.mx\/wordpress\/\",\"logo\":{\"@type\":\"ImageObject\",\"inLanguage\":\"es\",\"@id\":\"https:\/\/infosol.com.mx\/wordpress\/#\/schema\/logo\/image\/\",\"url\":\"https:\/\/infosol.com.mx\/wordpress\/wp-content\/uploads\/InfoSol-6.0-160x46-1.webp\",\"contentUrl\":\"https:\/\/infosol.com.mx\/wordpress\/wp-content\/uploads\/InfoSol-6.0-160x46-1.webp\",\"width\":160,\"height\":46,\"caption\":\"InfoSol\"},\"image\":{\"@id\":\"https:\/\/infosol.com.mx\/wordpress\/#\/schema\/logo\/image\/\"},\"sameAs\":[\"https:\/\/www.facebook.com\/infosol\/\",\"https:\/\/x.com\/EspacioInfoSol\",\"https:\/\/www.linkedin.com\/company\/grupoinfosol\/\",\"https:\/\/www.pinterest.com.mx\/GrupoInfoSol\/\",\"https:\/\/www.youtube.com\/user\/InfoSolMiEspacio\"]},{\"@type\":\"Person\",\"@id\":\"https:\/\/infosol.com.mx\/wordpress\/#\/schema\/person\/bb70f136abbd7e36b1f997a14c53ac3a\",\"name\":\"H\u00e9ctor M. Meza\",\"image\":{\"@type\":\"ImageObject\",\"inLanguage\":\"es\",\"@id\":\"http:\/\/infosol.com.mx\/wordpress\/wp-content\/uploads\/cropped-h-meza-96x96.png\",\"url\":\"http:\/\/infosol.com.mx\/wordpress\/wp-content\/uploads\/cropped-h-meza-96x96.png\",\"contentUrl\":\"http:\/\/infosol.com.mx\/wordpress\/wp-content\/uploads\/cropped-h-meza-96x96.png\",\"caption\":\"H\u00e9ctor M. Meza\"},\"description\":\"Director General de InfoSol. MBA, Consultor y Catedr\u00e1tico en Estrategias de Comunicaci\u00f3n Integradas a la Mercadotecnia. Fue Vicepresidente en IBM de M\u00e9xico y Presidente de Motorola para M\u00e9xico, Centroam\u00e9rica y el Caribe y VP de la Corporaci\u00f3n.\",\"sameAs\":[\"http:\/\/www.infosol.com.mx\",\"https:\/\/www.facebook.com\/HectorM.MezaC?ref=br_rs_WyJrZXl3b3Jkc191c2VycyJd\",\"https:\/\/www.linkedin.com\/in\/h\u00e9ctor-meza-curiel\/\",\"https:\/\/x.com\/https:\/\/twitter.com\/HectorMezaC\"],\"url\":\"https:\/\/infosol.com.mx\/wordpress\/author\/h-meza\/\"}]}<\/script>\n<!-- \/ Yoast SEO plugin. -->","yoast_head_json":{"title":"IA en relaciones p\u00fablicas: c\u00f3mo gobernarla para mantener control, reputaci\u00f3n y consistencia","description":"Descubre c\u00f3mo gobernar la IA en relaciones p\u00fablicas para mantener control, consistencia y reputaci\u00f3n en comunicaci\u00f3n.","robots":{"index":"index","follow":"follow","max-snippet":"max-snippet:-1","max-image-preview":"max-image-preview:large","max-video-preview":"max-video-preview:-1"},"canonical":"https:\/\/infosol.com.mx\/wordpress\/ia-relaciones-publicas-gobernanza\/","og_locale":"es_ES","og_type":"article","og_title":"IA en relaciones p\u00fablicas: c\u00f3mo gobernarla para mantener control, reputaci\u00f3n y consistencia","og_description":"Descubre c\u00f3mo gobernar la IA en relaciones p\u00fablicas para mantener control, consistencia y reputaci\u00f3n en comunicaci\u00f3n.","og_url":"https:\/\/infosol.com.mx\/wordpress\/ia-relaciones-publicas-gobernanza\/","og_site_name":"Charlas de Caf\u00e9 de Comunicaci\u00f3n y Otras Pasiones","article_publisher":"https:\/\/www.facebook.com\/infosol\/","article_author":"https:\/\/www.facebook.com\/HectorM.MezaC?ref=br_rs_WyJrZXl3b3Jkc191c2VycyJd","article_published_time":"2026-04-02T18:13:13+00:00","article_modified_time":"2026-04-22T18:30:17+00:00","og_image":[{"width":1200,"height":675,"url":"https:\/\/infosol.com.mx\/wordpress\/wp-content\/uploads\/ia-en-relaciones-publicas.webp","type":"image\/webp"}],"author":"H\u00e9ctor M. Meza","twitter_card":"summary_large_image","twitter_creator":"@https:\/\/twitter.com\/HectorMezaC","twitter_site":"@EspacioInfoSol","twitter_misc":{"Escrito por":"H\u00e9ctor M. Meza"},"schema":{"@context":"https:\/\/schema.org","@graph":[{"@type":"Article","@id":"https:\/\/infosol.com.mx\/wordpress\/ia-relaciones-publicas-gobernanza\/#article","isPartOf":{"@id":"https:\/\/infosol.com.mx\/wordpress\/ia-relaciones-publicas-gobernanza\/"},"author":{"name":"H\u00e9ctor M. Meza","@id":"https:\/\/infosol.com.mx\/wordpress\/#\/schema\/person\/bb70f136abbd7e36b1f997a14c53ac3a"},"headline":"IA en relaciones p\u00fablicas: la diferencia ya no est\u00e1 en adoptarla, sino en gobernarla","datePublished":"2026-04-02T18:13:13+00:00","dateModified":"2026-04-22T18:30:17+00:00","mainEntityOfPage":{"@id":"https:\/\/infosol.com.mx\/wordpress\/ia-relaciones-publicas-gobernanza\/"},"wordCount":2611,"commentCount":0,"publisher":{"@id":"https:\/\/infosol.com.mx\/wordpress\/#organization"},"image":{"@id":"https:\/\/infosol.com.mx\/wordpress\/ia-relaciones-publicas-gobernanza\/#primaryimage"},"thumbnailUrl":"https:\/\/infosol.com.mx\/wordpress\/wp-content\/uploads\/ia-en-relaciones-publicas.webp","keywords":["Estrategia de Comunicaci\u00f3n","Reputaci\u00f3n de marca","IA en relaciones p\u00fablicas","Art\u00edculos","inteligencia artificial comunicaci\u00f3n","PR digital","gobernanza de IA"],"articleSection":["Relaciones P\u00fablicas"],"inLanguage":"es","potentialAction":[{"@type":"CommentAction","name":"Comment","target":["https:\/\/infosol.com.mx\/wordpress\/ia-relaciones-publicas-gobernanza\/#respond"]}]},{"@type":"WebPage","@id":"https:\/\/infosol.com.mx\/wordpress\/ia-relaciones-publicas-gobernanza\/","url":"https:\/\/infosol.com.mx\/wordpress\/ia-relaciones-publicas-gobernanza\/","name":"IA en relaciones p\u00fablicas: c\u00f3mo gobernarla para mantener control, reputaci\u00f3n y consistencia","isPartOf":{"@id":"https:\/\/infosol.com.mx\/wordpress\/#website"},"primaryImageOfPage":{"@id":"https:\/\/infosol.com.mx\/wordpress\/ia-relaciones-publicas-gobernanza\/#primaryimage"},"image":{"@id":"https:\/\/infosol.com.mx\/wordpress\/ia-relaciones-publicas-gobernanza\/#primaryimage"},"thumbnailUrl":"https:\/\/infosol.com.mx\/wordpress\/wp-content\/uploads\/ia-en-relaciones-publicas.webp","datePublished":"2026-04-02T18:13:13+00:00","dateModified":"2026-04-22T18:30:17+00:00","description":"Descubre c\u00f3mo gobernar la IA en relaciones p\u00fablicas para mantener control, consistencia y reputaci\u00f3n en comunicaci\u00f3n.","breadcrumb":{"@id":"https:\/\/infosol.com.mx\/wordpress\/ia-relaciones-publicas-gobernanza\/#breadcrumb"},"inLanguage":"es","potentialAction":[{"@type":"ReadAction","target":["https:\/\/infosol.com.mx\/wordpress\/ia-relaciones-publicas-gobernanza\/"]}]},{"@type":"ImageObject","inLanguage":"es","@id":"https:\/\/infosol.com.mx\/wordpress\/ia-relaciones-publicas-gobernanza\/#primaryimage","url":"https:\/\/infosol.com.mx\/wordpress\/wp-content\/uploads\/ia-en-relaciones-publicas.webp","contentUrl":"https:\/\/infosol.com.mx\/wordpress\/wp-content\/uploads\/ia-en-relaciones-publicas.webp","width":1200,"height":675,"caption":"Equipo de comunicaci\u00f3n analizando datos en panel digital impulsado por inteligencia artificial, con m\u00e9tricas, mapas de conversaci\u00f3n y gr\u00e1ficos en tiempo real que reflejan gobernanza, control estrat\u00e9gico y toma de decisiones en relaciones p\u00fablicas"},{"@type":"BreadcrumbList","@id":"https:\/\/infosol.com.mx\/wordpress\/ia-relaciones-publicas-gobernanza\/#breadcrumb","itemListElement":[{"@type":"ListItem","position":1,"name":"Inicio","item":"https:\/\/infosol.com.mx\/wordpress\/"},{"@type":"ListItem","position":2,"name":"Relaciones P\u00fablicas","item":"https:\/\/infosol.com.mx\/wordpress\/category\/relaciones-publicas\/"},{"@type":"ListItem","position":3,"name":"IA en relaciones p\u00fablicas: la diferencia ya no est\u00e1 en adoptarla, sino en gobernarla"}]},{"@type":"WebSite","@id":"https:\/\/infosol.com.mx\/wordpress\/#website","url":"https:\/\/infosol.com.mx\/wordpress\/","name":"Charlas de Caf\u00e9 de Comunicaci\u00f3n y Otras Pasiones","description":"Comunicaci\u00f3n, Relaciones P\u00fablicas, Redes Sociales y algo m\u00e1s...","publisher":{"@id":"https:\/\/infosol.com.mx\/wordpress\/#organization"},"potentialAction":[{"@type":"SearchAction","target":{"@type":"EntryPoint","urlTemplate":"https:\/\/infosol.com.mx\/wordpress\/?s={search_term_string}"},"query-input":{"@type":"PropertyValueSpecification","valueRequired":true,"valueName":"search_term_string"}}],"inLanguage":"es"},{"@type":"Organization","@id":"https:\/\/infosol.com.mx\/wordpress\/#organization","name":"InfoSol","url":"https:\/\/infosol.com.mx\/wordpress\/","logo":{"@type":"ImageObject","inLanguage":"es","@id":"https:\/\/infosol.com.mx\/wordpress\/#\/schema\/logo\/image\/","url":"https:\/\/infosol.com.mx\/wordpress\/wp-content\/uploads\/InfoSol-6.0-160x46-1.webp","contentUrl":"https:\/\/infosol.com.mx\/wordpress\/wp-content\/uploads\/InfoSol-6.0-160x46-1.webp","width":160,"height":46,"caption":"InfoSol"},"image":{"@id":"https:\/\/infosol.com.mx\/wordpress\/#\/schema\/logo\/image\/"},"sameAs":["https:\/\/www.facebook.com\/infosol\/","https:\/\/x.com\/EspacioInfoSol","https:\/\/www.linkedin.com\/company\/grupoinfosol\/","https:\/\/www.pinterest.com.mx\/GrupoInfoSol\/","https:\/\/www.youtube.com\/user\/InfoSolMiEspacio"]},{"@type":"Person","@id":"https:\/\/infosol.com.mx\/wordpress\/#\/schema\/person\/bb70f136abbd7e36b1f997a14c53ac3a","name":"H\u00e9ctor M. Meza","image":{"@type":"ImageObject","inLanguage":"es","@id":"http:\/\/infosol.com.mx\/wordpress\/wp-content\/uploads\/cropped-h-meza-96x96.png","url":"http:\/\/infosol.com.mx\/wordpress\/wp-content\/uploads\/cropped-h-meza-96x96.png","contentUrl":"http:\/\/infosol.com.mx\/wordpress\/wp-content\/uploads\/cropped-h-meza-96x96.png","caption":"H\u00e9ctor M. Meza"},"description":"Director General de InfoSol. MBA, Consultor y Catedr\u00e1tico en Estrategias de Comunicaci\u00f3n Integradas a la Mercadotecnia. Fue Vicepresidente en IBM de M\u00e9xico y Presidente de Motorola para M\u00e9xico, Centroam\u00e9rica y el Caribe y VP de la Corporaci\u00f3n.","sameAs":["http:\/\/www.infosol.com.mx","https:\/\/www.facebook.com\/HectorM.MezaC?ref=br_rs_WyJrZXl3b3Jkc191c2VycyJd","https:\/\/www.linkedin.com\/in\/h\u00e9ctor-meza-curiel\/","https:\/\/x.com\/https:\/\/twitter.com\/HectorMezaC"],"url":"https:\/\/infosol.com.mx\/wordpress\/author\/h-meza\/"}]}},"_links":{"self":[{"href":"https:\/\/infosol.com.mx\/wordpress\/wp-json\/wp\/v2\/posts\/243264","targetHints":{"allow":["GET"]}}],"collection":[{"href":"https:\/\/infosol.com.mx\/wordpress\/wp-json\/wp\/v2\/posts"}],"about":[{"href":"https:\/\/infosol.com.mx\/wordpress\/wp-json\/wp\/v2\/types\/post"}],"author":[{"embeddable":true,"href":"https:\/\/infosol.com.mx\/wordpress\/wp-json\/wp\/v2\/users\/2"}],"replies":[{"embeddable":true,"href":"https:\/\/infosol.com.mx\/wordpress\/wp-json\/wp\/v2\/comments?post=243264"}],"version-history":[{"count":4,"href":"https:\/\/infosol.com.mx\/wordpress\/wp-json\/wp\/v2\/posts\/243264\/revisions"}],"predecessor-version":[{"id":243273,"href":"https:\/\/infosol.com.mx\/wordpress\/wp-json\/wp\/v2\/posts\/243264\/revisions\/243273"}],"wp:featuredmedia":[{"embeddable":true,"href":"https:\/\/infosol.com.mx\/wordpress\/wp-json\/wp\/v2\/media\/243268"}],"wp:attachment":[{"href":"https:\/\/infosol.com.mx\/wordpress\/wp-json\/wp\/v2\/media?parent=243264"}],"wp:term":[{"taxonomy":"category","embeddable":true,"href":"https:\/\/infosol.com.mx\/wordpress\/wp-json\/wp\/v2\/categories?post=243264"},{"taxonomy":"post_tag","embeddable":true,"href":"https:\/\/infosol.com.mx\/wordpress\/wp-json\/wp\/v2\/tags?post=243264"}],"curies":[{"name":"wp","href":"https:\/\/api.w.org\/{rel}","templated":true}]}}