{"id":243250,"date":"2026-03-26T11:35:58","date_gmt":"2026-03-26T17:35:58","guid":{"rendered":"https:\/\/infosol.com.mx\/wordpress\/?p=243250"},"modified":"2026-04-22T12:07:56","modified_gmt":"2026-04-22T18:07:56","slug":"valor-de-marca-lenguaje-del-negocio","status":"publish","type":"post","link":"https:\/\/infosol.com.mx\/wordpress\/valor-de-marca-lenguaje-del-negocio\/","title":{"rendered":"\u00bfC\u00f3mo traducir el valor de marca al lenguaje del negocio?"},"content":{"rendered":"<p>[et_pb_section fb_built=\u00bb1&#8243; _builder_version=\u00bb4.27.6&#8243; _module_preset=\u00bbdefault\u00bb global_colors_info=\u00bb{}\u00bb theme_builder_area=\u00bbpost_content\u00bb][et_pb_row _builder_version=\u00bb4.27.6&#8243; _module_preset=\u00bbdefault\u00bb custom_padding=\u00bb||0px||false|false\u00bb global_colors_info=\u00bb{}\u00bb theme_builder_area=\u00bbpost_content\u00bb][et_pb_column type=\u00bb4_4&#8243; _builder_version=\u00bb4.27.6&#8243; _module_preset=\u00bbdefault\u00bb global_colors_info=\u00bb{}\u00bb theme_builder_area=\u00bbpost_content\u00bb][et_pb_text _builder_version=\u00bb4.27.6&#8243; _module_preset=\u00bbdefault\u00bb global_colors_info=\u00bb{}\u00bb theme_builder_area=\u00bbpost_content\u00bb]<\/p>\n<p>En la relaci\u00f3n entre directores de marketing y directores de finanzas hay una iron\u00eda dif\u00edcil de ignorar; es el hecho de que a los primeros se les conf\u00eda la tarea de construir un activo que requiere tiempo, constancia y continuidad \u2014la marca\u2014, pero se les eval\u00faa con m\u00e9tricas dise\u00f1adas para premiar solo lo que ocurre en el corto plazo. Aun as\u00ed, ellos siguen apostando por una construcci\u00f3n m\u00e1s lenta, porque saben que <a href=\"https:\/\/infosol.com.mx\/wordpress\/el-valor-de-las-marcas-brand-equity\/\" target=\"_blank\" rel=\"noopener\">el valor real de una marca<\/a> no se construye en el resultado inmediato, sino en la mente del cliente a lo largo del tiempo.<\/p>\n<p>[\/et_pb_text][\/et_pb_column][\/et_pb_row][\/et_pb_section][et_pb_section fb_built=\u00bb1&#8243; disabled_on=\u00bboff|off|off\u00bb _builder_version=\u00bb4.27.6&#8243; _module_preset=\u00bbdefault\u00bb background_color=\u00bbrgba(5,149,168,0.31)\u00bb background_enable_image=\u00bboff\u00bb background_size=\u00bbinitial\u00bb background_position=\u00bbtop_left\u00bb background_horizontal_offset=\u00bb0%\u00bb custom_margin=\u00bb25px||50px||false|false\u00bb custom_padding=\u00bb0px||0px||true|false\u00bb hover_enabled=\u00bb0&#8243; border_radii=\u00bbon|25px|25px|25px|25px\u00bb border_width_all=\u00bb2px\u00bb border_color_all=\u00bb#0595a8&#8243; box_shadow_style=\u00bbpreset4&#8243; box_shadow_horizontal=\u00bb0px\u00bb box_shadow_color=\u00bb#081116&#8243; locked=\u00bboff\u00bb global_colors_info=\u00bb{}\u00bb theme_builder_area=\u00bbpost_content\u00bb sticky_enabled=\u00bb0&#8243;][et_pb_row _builder_version=\u00bb4.27.4&#8243; _module_preset=\u00bbdefault\u00bb background_enable_color=\u00bboff\u00bb custom_margin=\u00bb0px||0px||true|false\u00bb custom_padding=\u00bb5px||5px||true|false\u00bb border_radii=\u00bbon|25px|25px|25px|25px\u00bb border_style_all=\u00bbnone\u00bb global_colors_info=\u00bb{}\u00bb theme_builder_area=\u00bbpost_content\u00bb][et_pb_column type=\u00bb4_4&#8243; _builder_version=\u00bb4.27.4&#8243; _module_preset=\u00bbdefault\u00bb global_colors_info=\u00bb{}\u00bb theme_builder_area=\u00bbpost_content\u00bb][et_pb_text content_tablet=\u00bb<\/p>\n<h5><strong>Recuerda: RP NO es lo mismo que publicidad ni marketing<\/strong><\/h5>\n<h6>Ten en cuenta que <strong>las relaciones p\u00fablicas no buscan vender directamente<\/strong>, sino <strong>influir en la percepci\u00f3n<\/strong>, construir reputaci\u00f3n, generar conversaci\u00f3n org\u00e1nica y conectar a la marca con sus audiencias mediante terceros: medios, l\u00edderes de opini\u00f3n, comunidades o alianzas estrat\u00e9gicas. Esa es la diferencia clave que ver\u00e1s reflejada en cada caso a continuaci\u00f3n.<\/h6>\n<p>\u00bb content_phone=\u00bb<\/p>\n<h5><strong>CMOs apuestan por <br \/>la marca<\/strong><\/h5>\n<h6>De acuerdo con el informe\u00a0<em>CMO Outlook: Guide to 2026<\/em>, de NielsengIQ, el 83% de los CMOs contin\u00faa confiando en\u00a0el valor de marca como un activo comercial clave; incluso cuando enfrentan presupuestos m\u00e1s ajustados, un mayor escrutinio sobre el retorno de inversi\u00f3n (ROI), y resultados a corto plazo.<\/h6>\n<p>\u00bb content_last_edited=\u00bbon|phone\u00bb _builder_version=\u00bb4.27.6&#8243; _module_preset=\u00bbdefault\u00bb text_font=\u00bbOswald|300|||||||\u00bb text_text_color=\u00bb#FFFFFF\u00bb text_font_size=\u00bb18px\u00bb ul_font=\u00bbEditorialNew-Light|300|||||||\u00bb ul_text_color=\u00bb#000000&#8243; ul_font_size=\u00bb1.25rem\u00bb ul_line_height=\u00bb1.6em\u00bb header_5_font=\u00bb|||on|||||\u00bb header_5_text_color=\u00bb#081116&#8243; header_5_font_size=\u00bb1.4rem\u00bb header_6_font=\u00bbEditorialNew-Light||||||||\u00bb header_6_text_color=\u00bb#081116&#8243; header_6_font_size=\u00bb1.3rem\u00bb header_6_line_height=\u00bb1.3em\u00bb background_enable_color=\u00bboff\u00bb background_image=\u00bbhttps:\/\/infosol.com.mx\/wordpress\/wp-content\/uploads\/sabias-que_.webp\u00bb background_size=\u00bbcustom\u00bb background_image_width=\u00bb12%\u00bb background_position=\u00bbtop_right\u00bb background_horizontal_offset=\u00bb4%\u00bb background_vertical_offset=\u00bb40%\u00bb custom_padding=\u00bb25px|200px|20px|50px|false|false\u00bb custom_padding_tablet=\u00bb25px|200px|20px|50px|false|false\u00bb custom_padding_phone=\u00bb60px|25px|10px|25px|false|true\u00bb custom_padding_last_edited=\u00bbon|phone\u00bb hover_enabled=\u00bb0&#8243; background_last_edited=\u00bbon|phone\u00bb background_image_width_phone=\u00bb27%\u00bb background_horizontal_offset_phone=\u00bb5%\u00bb background_vertical_offset_phone=\u00bb1%\u00bb custom_css_main_element=\u00bbul {margin-top:25px;}\u00bb border_radii=\u00bbon|20px|20px|20px|20px\u00bb box_shadow_style=\u00bbpreset3&#8243; box_shadow_color=\u00bbrgba(0,0,0,0.15)\u00bb locked=\u00bboff\u00bb global_colors_info=\u00bb{}\u00bb custom_css_main_element_last_edited=\u00bbon|phone\u00bb custom_css_main_element_phone=\u00bbbackground-position: right 4% top 0% !important;\u00bb custom_css_main_element_tablet=\u00bbul {margin-top:25px;}\u00bb theme_builder_area=\u00bbpost_content\u00bb sticky_enabled=\u00bb0&#8243;]<\/p>\n<h5><strong>CMOs apuestan por la marca<\/strong><\/h5>\n<h6>De acuerdo con el informe\u00a0<em>CMO Outlook: Guide to 2026<\/em>, de NielsengIQ, el 83% de los CMOs contin\u00faa confiando en\u00a0el valor de marca como un activo comercial clave; incluso cuando enfrentan presupuestos m\u00e1s ajustados, un mayor escrutinio sobre el retorno de inversi\u00f3n (ROI), y resultados a corto plazo.<\/h6>\n<p>[\/et_pb_text][\/et_pb_column][\/et_pb_row][\/et_pb_section][et_pb_section fb_built=\u00bb1&#8243; _builder_version=\u00bb4.27.6&#8243; _module_preset=\u00bbdefault\u00bb global_colors_info=\u00bb{}\u00bb theme_builder_area=\u00bbpost_content\u00bb][et_pb_row _builder_version=\u00bb4.27.6&#8243; _module_preset=\u00bbdefault\u00bb custom_padding=\u00bb0px||0px||false|false\u00bb global_colors_info=\u00bb{}\u00bb theme_builder_area=\u00bbpost_content\u00bb][et_pb_column type=\u00bb4_4&#8243; _builder_version=\u00bb4.27.6&#8243; _module_preset=\u00bbdefault\u00bb global_colors_info=\u00bb{}\u00bb theme_builder_area=\u00bbpost_content\u00bb][et_pb_text _builder_version=\u00bb4.27.6&#8243; _module_preset=\u00bbdefault\u00bb global_colors_info=\u00bb{}\u00bb theme_builder_area=\u00bbpost_content\u00bb]<\/p>\n<p>Este dato sugiere que existe un <strong>consenso cada vez mayor entre los CMOs<\/strong> sobre la importancia de construir marca a largo plazo, aunque su capacidad de llevar esa convicci\u00f3n a la pr\u00e1ctica suele verse limitada por la presi\u00f3n de los resultados inmediatos que exige un consejo directivo, el CFO y, en general, un mercado financiero que reconoce la importancia de la marca\u2026 aunque pocas veces est\u00e1 dispuesto a darle el tiempo que necesita para desarrollarse plenamente.<\/p>\n<div id=\"ez-toc-container\" class=\"ez-toc-v2_0_82_2 counter-hierarchy ez-toc-counter ez-toc-custom ez-toc-container-direction\">\n<span class=\"ez-toc-title\" style=\"cursor:inherit\">\u00cdndice de Contenidos<\/span>\n<label for=\"ez-toc-cssicon-toggle-item-69eeba191eba2\" class=\"ez-toc-cssicon-toggle-label\"><span class=\"ez-toc-cssicon\"><span class=\"eztoc-hide\" style=\"display:none;\">Toggle<\/span><span class=\"ez-toc-icon-toggle-span\"><svg style=\"fill: #081116;color:#081116\" xmlns=\"http:\/\/www.w3.org\/2000\/svg\" class=\"list-377408\" width=\"20px\" height=\"20px\" viewBox=\"0 0 24 24\" fill=\"none\"><path d=\"M6 6H4v2h2V6zm14 0H8v2h12V6zM4 11h2v2H4v-2zm16 0H8v2h12v-2zM4 16h2v2H4v-2zm16 0H8v2h12v-2z\" fill=\"currentColor\"><\/path><\/svg><svg style=\"fill: #081116;color:#081116\" class=\"arrow-unsorted-368013\" xmlns=\"http:\/\/www.w3.org\/2000\/svg\" width=\"10px\" height=\"10px\" viewBox=\"0 0 24 24\" version=\"1.2\" baseProfile=\"tiny\"><path d=\"M18.2 9.3l-6.2-6.3-6.2 6.3c-.2.2-.3.4-.3.7s.1.5.3.7c.2.2.4.3.7.3h11c.3 0 .5-.1.7-.3.2-.2.3-.5.3-.7s-.1-.5-.3-.7zM5.8 14.7l6.2 6.3 6.2-6.3c.2-.2.3-.5.3-.7s-.1-.5-.3-.7c-.2-.2-.4-.3-.7-.3h-11c-.3 0-.5.1-.7.3-.2.2-.3.5-.3.7s.1.5.3.7z\"\/><\/svg><\/span><\/span><\/label><input type=\"checkbox\"  id=\"ez-toc-cssicon-toggle-item-69eeba191eba2\"  aria-label=\"Alternar\" \/><nav><ul class='ez-toc-list ez-toc-list-level-1 ' ><li class='ez-toc-page-1 ez-toc-heading-level-2'><a class=\"ez-toc-link ez-toc-heading-1\" href=\"https:\/\/infosol.com.mx\/wordpress\/valor-de-marca-lenguaje-del-negocio\/#La_paradoja_del_director_de_marketing_inmediatez_vs_valor_continuo\" >La paradoja del director de marketing: inmediatez vs. valor continuo<\/a><\/li><li class='ez-toc-page-1 ez-toc-heading-level-2'><a class=\"ez-toc-link ez-toc-heading-2\" href=\"https:\/\/infosol.com.mx\/wordpress\/valor-de-marca-lenguaje-del-negocio\/#No_se_trata_de_convencer_sino_de_traducir_el_valor_de_marca_al_lenguaje_del_negocio\" >No se trata de convencer, sino de traducir el valor de marca al lenguaje del negocio<\/a><\/li><\/ul><\/nav><\/div>\n<h2><span class=\"ez-toc-section\" id=\"La_paradoja_del_director_de_marketing_inmediatez_vs_valor_continuo\"><\/span>La paradoja del director de marketing: inmediatez vs. valor continuo<span class=\"ez-toc-section-end\"><\/span><\/h2>\n<p>Como directivo, entiendo que el consejo de administraci\u00f3n y los directores de finanzas buscan algo <strong>contundente, medible y f\u00e1cil de presentar con impacto financiero inmediato<\/strong>. Tiene l\u00f3gica, porque el negocio vive de resultados y los reportes trimestrales se han convertido en el pulso al que se ata la percepci\u00f3n de \u00e9xito o fracaso.<\/p>\n<p>Sin embargo, el problema es que el\u00a0<em>branding<\/em>y el\u00a0<em>brandequity<\/em>no funcionan con la misma l\u00f3gica del ROI instant\u00e1neo. Su impacto no siempre se ve en el trimestre siguiente, sino en la tendencia del a\u00f1o, del bienio o incluso de un ciclo completo de mercado.<\/p>\n<p>Las <a href=\"https:\/\/infosol.com.mx\/wordpress\/kpis-metricas-de-relaciones-publicas-impacto-real\/\" target=\"_blank\" rel=\"noopener\">m\u00e9tricas digitales<\/a> han acostumbrado al negocio a\u00a0<em>dashboards<\/em>\u00a0que se mueven como un electrocardiograma en tiempo real. Hemos creado una cultura que interpreta \u201clo que no se ve ahora\u201d como \u201cno existe\u201d. Pero la marca paga otro tipo de dividendos, como la diferenciaci\u00f3n en mercados saturados, ventaja competitiva, capacidad de fijar precios sin entrar en guerra de descuentos y\u00a0una lealtad que se mantiene firme incluso en entornos turbulentos. Esos resultados, que transforman el valor de una marca, no se construyen apretando un bot\u00f3n ni responden a un solo trimestre; se <strong>construyen a trav\u00e9s del tiempo<\/strong>.\u00a0\u00a0<\/p>\n<h2><span class=\"ez-toc-section\" id=\"No_se_trata_de_convencer_sino_de_traducir_el_valor_de_marca_al_lenguaje_del_negocio\"><\/span>No se trata de convencer, sino de traducir el valor de marca al lenguaje del negocio<span class=\"ez-toc-section-end\"><\/span><\/h2>\n<p>El verdadero reto para el CMO est\u00e1 en lograr que quienes toman decisiones fuera del \u00e1rea de marketing comprendan c\u00f3mo opera el valor de la marca cuando se administra <strong>como un activo y no como un costo<\/strong>. Y ah\u00ed entra una nueva competencia que no se ense\u00f1a en las universidades ni escuelas de negocio, esto es, saber traducir el marketing al idioma corporativo. Explicar no con conceptos creativos, sino con m\u00e9tricas que el comit\u00e9 directivo entiende.<\/p>\n<p>En mi opini\u00f3n, el desaf\u00edo est\u00e1 en t\u00e9rminos de comunicaci\u00f3n, pues no es suficiente con saber que la marca es rentable; hay que demostrarlo con el lenguaje que el negocio entiende. La mayor\u00eda de los consejos directivos y directores de finanzas no est\u00e1n en desacuerdo con las estrategias de marketing, sino con la falta de conexi\u00f3n directa con los indicadores que ellos deben reportar.<\/p>\n<p>Para traducir el\u00a0<em>brand equity<\/em>o el valor de marca al <a href=\"https:\/\/infosol.com.mx\/wordpress\/relaciones-publicas-y-compras-como-evaluar-una-agencia\/\" target=\"_blank\" rel=\"noopener\">lenguaje de negocios<\/a>, considero necesario enfocarse en una narrativa distinta que tome en cuenta estos puntos:<\/p>\n<ol>\n<li><strong> Hablar en t\u00e9rminos de negocio, no solo de marketing.\u00a0<\/strong>En lugar de que digamos\u201caumentamos el\u00a0<em>brand awareness<\/em>\u201d, podr\u00edamos decir\u201cincrementamos en 17% la probabilidad estad\u00edstica de preferencia de compra en los pr\u00f3ximos 12 meses\u201d.<\/li>\n<li><strong> Convertir la gesti\u00f3n de marca en una disciplina basada en evidencia.<\/strong>Los directores de marketing que generan mayor credibilidad\u00a0<a href=\"https:\/\/infosol.com.mx\/wordpress\/kpis-metricas-de-relaciones-publicas-impacto-real\/\" target=\"_blank\" rel=\"noopener\">respaldan su visi\u00f3n con datos s\u00f3lidos<\/a>, an\u00e1lisis constantes y relaciones claras entre causa y efecto.<\/li>\n<li><strong> Conectar la marca con resultados financieros claros.\u00a0<\/strong>Debemos explicar c\u00f3mo cada avance en construcci\u00f3n de marca se refleja directamente en el desempe\u00f1o econ\u00f3mico del negocio.<\/li>\n<li><strong> Demostrar el valor acumulado, no solo el inmediato.<\/strong>Una recomendaci\u00f3n efectiva es definir objetivos de corto, mediano y largo plazo, con KPIs distintos para cada horizonte.<\/li>\n<li><strong> Mostrar el costo de no invertir.<\/strong>Cuando nuestra marca desaparece del radar, baja la recordaci\u00f3n y sube el costo de volverla a colocar en el escenario. Se pierde espacio mental, se deja campo abierto a la competencia, se erosiona la preferencia y se obliga al negocio a reconstruir desde cero lo que antes era una ventaja construida con a\u00f1os de inversi\u00f3n en recursos de marketing.<\/li>\n<\/ol>\n<p>La tarea no es \u00fanicamente ejecutar campa\u00f1as m\u00e1s eficientes o demostrar un ROI m\u00e1s r\u00e1pido, sino <strong>redefinir la forma en que los negocios entienden el valor de la marca<\/strong>. Los CMOs necesitar\u00e1n consolidar una narrativa de negocio que traduzca percepci\u00f3n en rentabilidad, preferencia en crecimiento y reputaci\u00f3n en una mayor capacidad para soportar la volatilidad y las exigencias del mercado.<\/p>\n<p>Si logran alinear a direcci\u00f3n, finanzas y consejo directivo en torno a esta visi\u00f3n, la inversi\u00f3n en marketing dejar\u00e1 de verse como un gasto sujeto a recortes y pasar\u00e1 a entenderse como una prioridad estrat\u00e9gica y generadora de valor real para el negocio. Porque cuando la marca crece, el negocio no solo vende m\u00e1s, tambi\u00e9n vende mejor. Ese es el retorno que siempre gana\u2026 aunque no se pueda medir en un solo trimestre.<\/p>\n<p>[\/et_pb_text][\/et_pb_column][\/et_pb_row][\/et_pb_section][et_pb_section fb_built=\u00bb1&#8243; admin_label=\u00bbCall to Action\u00bb _builder_version=\u00bb4.27.4&#8243; _module_preset=\u00bbdefault\u00bb background_color=\u00bb#ededed\u00bb custom_margin=\u00bb25px||50px||false|false\u00bb custom_padding=\u00bb||||true|false\u00bb animation_style=\u00bbfade\u00bb border_radii=\u00bbon|25px|25px|25px|25px\u00bb border_width_all=\u00bb2px\u00bb border_color_all=\u00bb#0595a8&#8243; box_shadow_style=\u00bbpreset4&#8243; box_shadow_horizontal=\u00bb0px\u00bb box_shadow_color=\u00bb#3c3950&#8243; locked=\u00bboff\u00bb collapsed=\u00bbon\u00bb global_colors_info=\u00bb{}\u00bb theme_builder_area=\u00bbpost_content\u00bb][et_pb_row column_structure=\u00bb2_3,1_3&#8243; make_equal=\u00bbon\u00bb _builder_version=\u00bb4.27.4&#8243; _module_preset=\u00bbdefault\u00bb custom_padding=\u00bb50px|25px|50px|25px|true|true\u00bb locked=\u00bboff\u00bb global_colors_info=\u00bb{}\u00bb theme_builder_area=\u00bbpost_content\u00bb][et_pb_column type=\u00bb2_3&#8243; _builder_version=\u00bb4.20.0&#8243; _module_preset=\u00bbdefault\u00bb global_colors_info=\u00bb{}\u00bb theme_builder_area=\u00bbpost_content\u00bb][et_pb_text _builder_version=\u00bb4.27.6&#8243; _module_preset=\u00bb_initial\u00bb text_font=\u00bbOswald|700||on|||||\u00bb text_text_color=\u00bb#3c3950&#8243; text_font_size=\u00bb2.5rem\u00bb text_line_height=\u00bb1.2em\u00bb header_4_font=\u00bbOswald|700||on|||||\u00bb header_4_text_color=\u00bb#3c3950&#8243; header_4_font_size=\u00bb2.5rem\u00bb header_4_letter_spacing=\u00bb0em\u00bb header_4_line_height=\u00bb1.2em\u00bb header_6_font=\u00bbOswald|700||on|||||\u00bb header_6_text_color=\u00bb#3c3950&#8243; header_6_font_size=\u00bb2.5rem\u00bb text_orientation=\u00bbcenter\u00bb custom_margin=\u00bb||0px||false|false\u00bb global_colors_info=\u00bb{}\u00bb theme_builder_area=\u00bbpost_content\u00bb]<\/p>\n<h6>\u00bfTu estrategia de marca est\u00e1 alineada con los objetivos del negocio?<\/h6>\n<p>[\/et_pb_text][\/et_pb_column][et_pb_column type=\u00bb1_3&#8243; _builder_version=\u00bb4.27.4&#8243; _module_preset=\u00bbdefault\u00bb custom_css_main_element=\u00bbmargin: auto;||\u00bb global_colors_info=\u00bb{}\u00bb theme_builder_area=\u00bbpost_content\u00bb][et_pb_button button_url=\u00bbhttps:\/\/infosol.com.mx\/contactanos\/\u00bb url_new_window=\u00bbon\u00bb button_text=\u00bbConversemos hoy\u00bb button_alignment=\u00bbcenter\u00bb _builder_version=\u00bb4.27.4&#8243; _module_preset=\u00bbdefault\u00bb custom_button=\u00bbon\u00bb button_text_size=\u00bb23px\u00bb button_text_color=\u00bb#3c4046&#8243; button_bg_color=\u00bb#FFFFFF\u00bb button_border_width=\u00bb2px\u00bb button_border_color=\u00bb#0595A8&#8243; button_border_radius=\u00bb1px\u00bb button_font=\u00bbOswald|||on|||||\u00bb button_icon=\u00bb&#x24;||divi||400&#8243; button_on_hover=\u00bboff\u00bb global_colors_info=\u00bb{}\u00bb button_border_width__hover_enabled=\u00bbon|desktop\u00bb button_bg_color__hover_enabled=\u00bbon|desktop\u00bb button_bg_color__hover=\u00bb#0595A8&#8243; button_bg_enable_color__hover=\u00bbon\u00bb button_text_color__hover_enabled=\u00bbon|hover\u00bb button_border_color__hover_enabled=\u00bbon|hover\u00bb button_border_color__hover=\u00bb#0595A8&#8243; button_text_color__hover=\u00bb#FFFFFF\u00bb button_border_width__hover=\u00bb4px\u00bb theme_builder_area=\u00bbpost_content\u00bb][\/et_pb_button][\/et_pb_column][\/et_pb_row][\/et_pb_section][et_pb_section fb_built=\u00bb1&#8243; admin_label=\u00bbFAQ\u00bb _builder_version=\u00bb4.27.4&#8243; _module_preset=\u00bbdefault\u00bb locked=\u00bboff\u00bb collapsed=\u00bbon\u00bb global_colors_info=\u00bb{}\u00bb theme_builder_area=\u00bbpost_content\u00bb][et_pb_row _builder_version=\u00bb4.22.1&#8243; _module_preset=\u00bbdefault\u00bb global_colors_info=\u00bb{}\u00bb theme_builder_area=\u00bbpost_content\u00bb][et_pb_column type=\u00bb4_4&#8243; _builder_version=\u00bb4.22.1&#8243; _module_preset=\u00bbdefault\u00bb global_colors_info=\u00bb{}\u00bb theme_builder_area=\u00bbpost_content\u00bb][et_pb_heading title=\u00bbFAQS\u00bb _builder_version=\u00bb4.27.4&#8243; _module_preset=\u00bbdefault\u00bb title_level=\u00bbh2&#8243; custom_margin=\u00bb||0px||false|false\u00bb custom_padding=\u00bb||0px||false|false\u00bb global_colors_info=\u00bb{}\u00bb theme_builder_area=\u00bbpost_content\u00bb][\/et_pb_heading][et_pb_accordion open_toggle_text_color=\u00bb#FFFFFF\u00bb open_toggle_background_color=\u00bb#0595A8&#8243; closed_toggle_background_color=\u00bbrgba(0,0,0,0.04)\u00bb toggle_icon=\u00bb&#xf067;||fa||900&#8243; icon_color=\u00bb#000000&#8243; _builder_version=\u00bb4.27.6&#8243; _module_preset=\u00bb_initial\u00bb toggle_text_color=\u00bb#000000&#8243; toggle_font=\u00bbOswald|700||on|||||\u00bb toggle_font_size=\u00bb24px\u00bb toggle_line_height=\u00bb1.4em\u00bb body_font=\u00bbEditorialNew-Light||||||||\u00bb body_text_color=\u00bb#FFFFFF\u00bb body_font_size=\u00bb1.3rem\u00bb body_line_height=\u00bb1.4em\u00bb toggle_font_size_tablet=\u00bb16px\u00bb toggle_font_size_phone=\u00bb20px\u00bb toggle_font_size_last_edited=\u00bbon|desktop\u00bb closed_toggle_font_size_tablet=\u00bb\u00bb closed_toggle_font_size_phone=\u00bb20px\u00bb closed_toggle_font_size_last_edited=\u00bbon|phone\u00bb body_font_size_tablet=\u00bb15px\u00bb body_font_size_phone=\u00bb22px\u00bb body_font_size_last_edited=\u00bbon|desktop\u00bb border_width_all=\u00bb0px\u00bb locked=\u00bboff\u00bb global_colors_info=\u00bb{%22gcid-0a41bebc-0107-48f7-8173-6190cad71074%22:%91%22open_toggle_text_color%22%93}\u00bb theme_builder_area=\u00bbpost_content\u00bb][et_pb_accordion_item open=\u00bbon\u00bb _builder_version=\u00bb4.27.4&#8243; _module_preset=\u00bbdefault\u00bb custom_css_main_element=\u00bbdisplay: none;\u00bb global_colors_info=\u00bb{}\u00bb theme_builder_area=\u00bbpost_content\u00bb][\/et_pb_accordion_item][et_pb_accordion_item title=\u00bb1. \u00bfQu\u00e9 es el valor de marca y por qu\u00e9 es importante para el negocio?\u00bb _builder_version=\u00bb4.27.6&#8243; _module_preset=\u00bbdefault\u00bb global_colors_info=\u00bb{}\u00bb theme_builder_area=\u00bbpost_content\u00bb open=\u00bboff\u00bb]<\/p>\n<div class=\"et_pb_toggle_content clearfix\">\n<p>El valor de marca o brand equity representa la percepci\u00f3n, confianza y preferencia que una empresa construye en la mente del cliente. Es importante porque influye directamente en decisiones de compra, permite diferenciarse en mercados competitivos y fortalece la rentabilidad a largo plazo, incluso en contextos econ\u00f3micos adversos o de alta presi\u00f3n competitiva.<\/p>\n<\/div>\n<p>[\/et_pb_accordion_item][et_pb_accordion_item title=\u00bb2. \u00bfC\u00f3mo demostrar el impacto del branding en resultados financieros?\u00bb _builder_version=\u00bb4.27.6&#8243; _module_preset=\u00bbdefault\u00bb global_colors_info=\u00bb{}\u00bb theme_builder_area=\u00bbpost_content\u00bb open=\u00bboff\u00bb]<\/p>\n<p>Para demostrar el impacto del branding, es necesario conectar m\u00e9tricas de marketing con indicadores de negocio. Esto implica traducir variables como awareness o reputaci\u00f3n en resultados como incremento en preferencia, retenci\u00f3n de clientes, capacidad de fijaci\u00f3n de precios y crecimiento sostenido. El uso de datos y an\u00e1lisis es clave para establecer relaciones claras.<\/p>\n<p>[\/et_pb_accordion_item][et_pb_accordion_item title=\u00bb3. \u00bfPor qu\u00e9 el ROI no es suficiente para medir el valor de marca?\u00bb _builder_version=\u00bb4.27.6&#8243; _module_preset=\u00bbdefault\u00bb global_colors_info=\u00bb{}\u00bb theme_builder_area=\u00bbpost_content\u00bb open=\u00bboff\u00bb]<\/p>\n<p>El ROI mide resultados inmediatos, pero no captura el valor acumulado del branding. La construcci\u00f3n de marca impacta en el largo plazo mediante diferenciaci\u00f3n, lealtad y posicionamiento. Evaluarla solo con m\u00e9tricas de corto plazo limita su comprensi\u00f3n estrat\u00e9gica, ya que muchos de sus beneficios se reflejan de forma progresiva en el desempe\u00f1o del negocio.<\/p>\n<p>[\/et_pb_accordion_item][\/et_pb_accordion][\/et_pb_column][\/et_pb_row][\/et_pb_section][et_pb_section fb_built=\u00bb1&#8243; _builder_version=\u00bb4.27.6&#8243; _module_preset=\u00bbdefault\u00bb collapsed=\u00bbon\u00bb global_colors_info=\u00bb{}\u00bb theme_builder_area=\u00bbpost_content\u00bb][et_pb_row _builder_version=\u00bb4.27.6&#8243; _module_preset=\u00bbdefault\u00bb custom_padding=\u00bb0px||0px||false|false\u00bb global_colors_info=\u00bb{}\u00bb theme_builder_area=\u00bbpost_content\u00bb][et_pb_column type=\u00bb4_4&#8243; _builder_version=\u00bb4.27.6&#8243; _module_preset=\u00bbdefault\u00bb global_colors_info=\u00bb{}\u00bb theme_builder_area=\u00bbpost_content\u00bb][et_pb_text _builder_version=\u00bb4.27.6&#8243; _module_preset=\u00bbdefault\u00bb global_colors_info=\u00bb{}\u00bb theme_builder_area=\u00bbpost_content\u00bb]<\/p>\n<p><em>Este art\u00edculo fue publicado originalmente en <\/em><a href=\"https:\/\/soy.marketing\/c-mo-traducir-el-valor-de-marca-al-lenguaje-del-negocio\/\" target=\"_blank\" rel=\"noopener\"><em>Soy.Marketing<\/em><\/a><em>.<\/em><\/p>\n<p><em>Puedes conocer m\u00e1s contenido del autor en <\/em><a href=\"https:\/\/soy.marketing\/columnista\/hector-meza\/\" target=\"_blank\" rel=\"noopener\"><em>Soy.Marketing<\/em><\/a><em>.<\/em><\/p>\n<p>[\/et_pb_text][et_pb_code _builder_version=\u00bb4.27.6&#8243; _module_preset=\u00bbdefault\u00bb global_colors_info=\u00bb{}\u00bb theme_builder_area=\u00bbpost_content\u00bb]<script type=\"application\/ld+json\"><!-- [et_pb_line_break_holder] -->{<!-- [et_pb_line_break_holder] -->  \"@context\": \"https:\/\/schema.org\",<!-- [et_pb_line_break_holder] -->  \"@type\": \"FAQPage\",<!-- [et_pb_line_break_holder] -->  \"inLanguage\": \"es-MX\",<!-- [et_pb_line_break_holder] -->  \"mainEntity\": [<!-- [et_pb_line_break_holder] -->    {<!-- [et_pb_line_break_holder] -->      \"@type\": \"Question\",<!-- [et_pb_line_break_holder] -->      \"name\": \"\u00bfQu\u00e9 es el valor de marca y por qu\u00e9 es importante para el negocio?\",<!-- [et_pb_line_break_holder] -->      \"alternateName\": [<!-- [et_pb_line_break_holder] -->        \"\u00bfQu\u00e9 significa el valor de marca para una empresa?\",<!-- [et_pb_line_break_holder] -->        \"\u00bfPor qu\u00e9 el brand equity es importante para el crecimiento del negocio?\"<!-- [et_pb_line_break_holder] -->      ],<!-- [et_pb_line_break_holder] -->      \"acceptedAnswer\": {<!-- [et_pb_line_break_holder] -->        \"@type\": \"Answer\",<!-- [et_pb_line_break_holder] -->        \"text\": \"El valor de marca o brand equity representa la percepci\u00f3n, confianza y preferencia que una empresa construye en la mente del cliente. Es importante porque influye directamente en decisiones de compra, permite diferenciarse en mercados competitivos y fortalece la rentabilidad a largo plazo, incluso en contextos econ\u00f3micos adversos o de alta presi\u00f3n competitiva.\"<!-- [et_pb_line_break_holder] -->      }<!-- [et_pb_line_break_holder] -->    },<!-- [et_pb_line_break_holder] -->    {<!-- [et_pb_line_break_holder] -->      \"@type\": \"Question\",<!-- [et_pb_line_break_holder] -->      \"name\": \"\u00bfC\u00f3mo demostrar el impacto del branding en resultados financieros?\",<!-- [et_pb_line_break_holder] -->      \"alternateName\": [<!-- [et_pb_line_break_holder] -->        \"\u00bfC\u00f3mo se puede medir el impacto del branding en el negocio?\",<!-- [et_pb_line_break_holder] -->        \"\u00bfQu\u00e9 indicadores ayudan a probar que el branding genera resultados financieros?\"<!-- [et_pb_line_break_holder] -->      ],<!-- [et_pb_line_break_holder] -->      \"acceptedAnswer\": {<!-- [et_pb_line_break_holder] -->        \"@type\": \"Answer\",<!-- [et_pb_line_break_holder] -->        \"text\": \"Para demostrar el impacto del branding, es necesario conectar m\u00e9tricas de marketing con indicadores de negocio. Esto implica traducir variables como awareness o reputaci\u00f3n en resultados como incremento en preferencia, retenci\u00f3n de clientes, capacidad de fijaci\u00f3n de precios y crecimiento sostenido. El uso de datos y an\u00e1lisis es clave para establecer relaciones claras.\"<!-- [et_pb_line_break_holder] -->      }<!-- [et_pb_line_break_holder] -->    },<!-- [et_pb_line_break_holder] -->    {<!-- [et_pb_line_break_holder] -->      \"@type\": \"Question\",<!-- [et_pb_line_break_holder] -->      \"name\": \"\u00bfPor qu\u00e9 el ROI no es suficiente para medir el valor de marca?\",<!-- [et_pb_line_break_holder] -->      \"alternateName\": [<!-- [et_pb_line_break_holder] -->        \"\u00bfPor qu\u00e9 el ROI no refleja todo el impacto del branding?\",<!-- [et_pb_line_break_holder] -->        \"\u00bfQu\u00e9 limitaciones tiene el ROI para evaluar el valor de marca?\"<!-- [et_pb_line_break_holder] -->      ],<!-- [et_pb_line_break_holder] -->      \"acceptedAnswer\": {<!-- [et_pb_line_break_holder] -->        \"@type\": \"Answer\",<!-- [et_pb_line_break_holder] -->        \"text\": \"El ROI mide resultados inmediatos, pero no captura el valor acumulado del branding. La construcci\u00f3n de marca impacta en el largo plazo mediante diferenciaci\u00f3n, lealtad y posicionamiento. Evaluarla solo con m\u00e9tricas de corto plazo limita su comprensi\u00f3n estrat\u00e9gica, ya que muchos de sus beneficios se reflejan de forma progresiva en el desempe\u00f1o del negocio.\"<!-- [et_pb_line_break_holder] -->      }<!-- [et_pb_line_break_holder] -->    }<!-- [et_pb_line_break_holder] -->  ]<!-- [et_pb_line_break_holder] -->}<!-- [et_pb_line_break_holder] --><\/script><!-- [et_pb_line_break_holder] -->[\/et_pb_code][\/et_pb_column][\/et_pb_row][\/et_pb_section]<\/p>\n","protected":false},"excerpt":{"rendered":"<p>Aprende a traducir el valor de marca en m\u00e9tricas de negocio y demostrar su impacto en resultados financieros.<\/p>\n","protected":false},"author":2,"featured_media":243254,"comment_status":"open","ping_status":"closed","sticky":false,"template":"","format":"standard","meta":{"_et_pb_use_builder":"on","_et_pb_old_content":"","_et_gb_content_width":"","content-type":"","_joinchat":[],"footnotes":""},"categories":[34],"tags":[2905,2984,3078,3079,3080,3081,3082],"class_list":["post-243250","post","type-post","status-publish","format-standard","has-post-thumbnail","hentry","category-relaciones-publicas","tag-articulos","tag-cmo","tag-valor-de-marca","tag-estrategia-de-marca","tag-roi-marketing","tag-brand-equity","tag-marketing-y-finanzas"],"yoast_head":"<!-- This site is optimized with the Yoast SEO plugin v27.2 - https:\/\/yoast.com\/product\/yoast-seo-wordpress\/ -->\n<title>C\u00f3mo traducir el valor de marca al lenguaje del negocio y demostrar su impacto<\/title>\n<meta name=\"description\" content=\"Aprende a traducir el valor de marca en m\u00e9tricas de negocio y demostrar su impacto en resultados financieros.\" \/>\n<meta name=\"robots\" content=\"index, follow, max-snippet:-1, max-image-preview:large, max-video-preview:-1\" \/>\n<link rel=\"canonical\" href=\"https:\/\/infosol.com.mx\/wordpress\/valor-de-marca-lenguaje-del-negocio\/\" \/>\n<meta property=\"og:locale\" content=\"es_ES\" \/>\n<meta property=\"og:type\" content=\"article\" \/>\n<meta property=\"og:title\" content=\"C\u00f3mo traducir el valor de marca al lenguaje del negocio y demostrar su impacto\" \/>\n<meta property=\"og:description\" content=\"Aprende a traducir el valor de marca en m\u00e9tricas de negocio y demostrar su impacto en resultados financieros.\" \/>\n<meta property=\"og:url\" content=\"https:\/\/infosol.com.mx\/wordpress\/valor-de-marca-lenguaje-del-negocio\/\" \/>\n<meta property=\"og:site_name\" content=\"Charlas de Caf\u00e9 de Comunicaci\u00f3n y Otras Pasiones\" \/>\n<meta property=\"article:publisher\" content=\"https:\/\/www.facebook.com\/infosol\/\" \/>\n<meta property=\"article:author\" content=\"https:\/\/www.facebook.com\/HectorM.MezaC?ref=br_rs_WyJrZXl3b3Jkc191c2VycyJd\" \/>\n<meta property=\"article:published_time\" content=\"2026-03-26T17:35:58+00:00\" \/>\n<meta property=\"article:modified_time\" content=\"2026-04-22T18:07:56+00:00\" \/>\n<meta property=\"og:image\" content=\"https:\/\/infosol.com.mx\/wordpress\/wp-content\/uploads\/estrategia-de-marca.webp\" \/>\n\t<meta property=\"og:image:width\" content=\"1200\" \/>\n\t<meta property=\"og:image:height\" content=\"675\" \/>\n\t<meta property=\"og:image:type\" content=\"image\/webp\" \/>\n<meta name=\"author\" content=\"H\u00e9ctor M. Meza\" \/>\n<meta name=\"twitter:card\" content=\"summary_large_image\" \/>\n<meta name=\"twitter:creator\" content=\"@https:\/\/twitter.com\/HectorMezaC\" \/>\n<meta name=\"twitter:site\" content=\"@EspacioInfoSol\" \/>\n<meta name=\"twitter:label1\" content=\"Escrito por\" \/>\n\t<meta name=\"twitter:data1\" content=\"H\u00e9ctor M. Meza\" \/>\n<script type=\"application\/ld+json\" class=\"yoast-schema-graph\">{\"@context\":\"https:\/\/schema.org\",\"@graph\":[{\"@type\":\"Article\",\"@id\":\"https:\/\/infosol.com.mx\/wordpress\/valor-de-marca-lenguaje-del-negocio\/#article\",\"isPartOf\":{\"@id\":\"https:\/\/infosol.com.mx\/wordpress\/valor-de-marca-lenguaje-del-negocio\/\"},\"author\":{\"name\":\"H\u00e9ctor M. Meza\",\"@id\":\"https:\/\/infosol.com.mx\/wordpress\/#\/schema\/person\/bb70f136abbd7e36b1f997a14c53ac3a\"},\"headline\":\"\u00bfC\u00f3mo traducir el valor de marca al lenguaje del negocio?\",\"datePublished\":\"2026-03-26T17:35:58+00:00\",\"dateModified\":\"2026-04-22T18:07:56+00:00\",\"mainEntityOfPage\":{\"@id\":\"https:\/\/infosol.com.mx\/wordpress\/valor-de-marca-lenguaje-del-negocio\/\"},\"wordCount\":2709,\"commentCount\":0,\"publisher\":{\"@id\":\"https:\/\/infosol.com.mx\/wordpress\/#organization\"},\"image\":{\"@id\":\"https:\/\/infosol.com.mx\/wordpress\/valor-de-marca-lenguaje-del-negocio\/#primaryimage\"},\"thumbnailUrl\":\"https:\/\/infosol.com.mx\/wordpress\/wp-content\/uploads\/estrategia-de-marca.webp\",\"keywords\":[\"Art\u00edculos\",\"CMO\",\"valor de marca\",\"estrategia de marca\",\"ROI marketing\",\"brand equity\",\"marketing y finanzas\"],\"articleSection\":[\"Relaciones P\u00fablicas\"],\"inLanguage\":\"es\",\"potentialAction\":[{\"@type\":\"CommentAction\",\"name\":\"Comment\",\"target\":[\"https:\/\/infosol.com.mx\/wordpress\/valor-de-marca-lenguaje-del-negocio\/#respond\"]}]},{\"@type\":\"WebPage\",\"@id\":\"https:\/\/infosol.com.mx\/wordpress\/valor-de-marca-lenguaje-del-negocio\/\",\"url\":\"https:\/\/infosol.com.mx\/wordpress\/valor-de-marca-lenguaje-del-negocio\/\",\"name\":\"C\u00f3mo traducir el valor de marca al lenguaje del negocio y demostrar su impacto\",\"isPartOf\":{\"@id\":\"https:\/\/infosol.com.mx\/wordpress\/#website\"},\"primaryImageOfPage\":{\"@id\":\"https:\/\/infosol.com.mx\/wordpress\/valor-de-marca-lenguaje-del-negocio\/#primaryimage\"},\"image\":{\"@id\":\"https:\/\/infosol.com.mx\/wordpress\/valor-de-marca-lenguaje-del-negocio\/#primaryimage\"},\"thumbnailUrl\":\"https:\/\/infosol.com.mx\/wordpress\/wp-content\/uploads\/estrategia-de-marca.webp\",\"datePublished\":\"2026-03-26T17:35:58+00:00\",\"dateModified\":\"2026-04-22T18:07:56+00:00\",\"description\":\"Aprende a traducir el valor de marca en m\u00e9tricas de negocio y demostrar su impacto en resultados financieros.\",\"breadcrumb\":{\"@id\":\"https:\/\/infosol.com.mx\/wordpress\/valor-de-marca-lenguaje-del-negocio\/#breadcrumb\"},\"inLanguage\":\"es\",\"potentialAction\":[{\"@type\":\"ReadAction\",\"target\":[\"https:\/\/infosol.com.mx\/wordpress\/valor-de-marca-lenguaje-del-negocio\/\"]}]},{\"@type\":\"ImageObject\",\"inLanguage\":\"es\",\"@id\":\"https:\/\/infosol.com.mx\/wordpress\/valor-de-marca-lenguaje-del-negocio\/#primaryimage\",\"url\":\"https:\/\/infosol.com.mx\/wordpress\/wp-content\/uploads\/estrategia-de-marca.webp\",\"contentUrl\":\"https:\/\/infosol.com.mx\/wordpress\/wp-content\/uploads\/estrategia-de-marca.webp\",\"width\":1200,\"height\":675,\"caption\":\"Interfaz digital futurista con gr\u00e1ficos financieros, barras de crecimiento y gr\u00e1fico circular en an\u00e1lisis, manos interactuando con datos visuales que representan la conexi\u00f3n entre valor de marca, m\u00e9tricas de negocio y toma de decisiones\"},{\"@type\":\"BreadcrumbList\",\"@id\":\"https:\/\/infosol.com.mx\/wordpress\/valor-de-marca-lenguaje-del-negocio\/#breadcrumb\",\"itemListElement\":[{\"@type\":\"ListItem\",\"position\":1,\"name\":\"Inicio\",\"item\":\"https:\/\/infosol.com.mx\/wordpress\/\"},{\"@type\":\"ListItem\",\"position\":2,\"name\":\"Relaciones P\u00fablicas\",\"item\":\"https:\/\/infosol.com.mx\/wordpress\/category\/relaciones-publicas\/\"},{\"@type\":\"ListItem\",\"position\":3,\"name\":\"\u00bfC\u00f3mo traducir el valor de marca al lenguaje del negocio?\"}]},{\"@type\":\"WebSite\",\"@id\":\"https:\/\/infosol.com.mx\/wordpress\/#website\",\"url\":\"https:\/\/infosol.com.mx\/wordpress\/\",\"name\":\"Charlas de Caf\u00e9 de Comunicaci\u00f3n y Otras Pasiones\",\"description\":\"Comunicaci\u00f3n, Relaciones P\u00fablicas, Redes Sociales y algo m\u00e1s...\",\"publisher\":{\"@id\":\"https:\/\/infosol.com.mx\/wordpress\/#organization\"},\"potentialAction\":[{\"@type\":\"SearchAction\",\"target\":{\"@type\":\"EntryPoint\",\"urlTemplate\":\"https:\/\/infosol.com.mx\/wordpress\/?s={search_term_string}\"},\"query-input\":{\"@type\":\"PropertyValueSpecification\",\"valueRequired\":true,\"valueName\":\"search_term_string\"}}],\"inLanguage\":\"es\"},{\"@type\":\"Organization\",\"@id\":\"https:\/\/infosol.com.mx\/wordpress\/#organization\",\"name\":\"InfoSol\",\"url\":\"https:\/\/infosol.com.mx\/wordpress\/\",\"logo\":{\"@type\":\"ImageObject\",\"inLanguage\":\"es\",\"@id\":\"https:\/\/infosol.com.mx\/wordpress\/#\/schema\/logo\/image\/\",\"url\":\"https:\/\/infosol.com.mx\/wordpress\/wp-content\/uploads\/InfoSol-6.0-160x46-1.webp\",\"contentUrl\":\"https:\/\/infosol.com.mx\/wordpress\/wp-content\/uploads\/InfoSol-6.0-160x46-1.webp\",\"width\":160,\"height\":46,\"caption\":\"InfoSol\"},\"image\":{\"@id\":\"https:\/\/infosol.com.mx\/wordpress\/#\/schema\/logo\/image\/\"},\"sameAs\":[\"https:\/\/www.facebook.com\/infosol\/\",\"https:\/\/x.com\/EspacioInfoSol\",\"https:\/\/www.linkedin.com\/company\/grupoinfosol\/\",\"https:\/\/www.pinterest.com.mx\/GrupoInfoSol\/\",\"https:\/\/www.youtube.com\/user\/InfoSolMiEspacio\"]},{\"@type\":\"Person\",\"@id\":\"https:\/\/infosol.com.mx\/wordpress\/#\/schema\/person\/bb70f136abbd7e36b1f997a14c53ac3a\",\"name\":\"H\u00e9ctor M. Meza\",\"image\":{\"@type\":\"ImageObject\",\"inLanguage\":\"es\",\"@id\":\"http:\/\/infosol.com.mx\/wordpress\/wp-content\/uploads\/cropped-h-meza-96x96.png\",\"url\":\"http:\/\/infosol.com.mx\/wordpress\/wp-content\/uploads\/cropped-h-meza-96x96.png\",\"contentUrl\":\"http:\/\/infosol.com.mx\/wordpress\/wp-content\/uploads\/cropped-h-meza-96x96.png\",\"caption\":\"H\u00e9ctor M. Meza\"},\"description\":\"Director General de InfoSol. MBA, Consultor y Catedr\u00e1tico en Estrategias de Comunicaci\u00f3n Integradas a la Mercadotecnia. Fue Vicepresidente en IBM de M\u00e9xico y Presidente de Motorola para M\u00e9xico, Centroam\u00e9rica y el Caribe y VP de la Corporaci\u00f3n.\",\"sameAs\":[\"http:\/\/www.infosol.com.mx\",\"https:\/\/www.facebook.com\/HectorM.MezaC?ref=br_rs_WyJrZXl3b3Jkc191c2VycyJd\",\"https:\/\/www.linkedin.com\/in\/h\u00e9ctor-meza-curiel\/\",\"https:\/\/x.com\/https:\/\/twitter.com\/HectorMezaC\"],\"url\":\"https:\/\/infosol.com.mx\/wordpress\/author\/h-meza\/\"}]}<\/script>\n<!-- \/ Yoast SEO plugin. -->","yoast_head_json":{"title":"C\u00f3mo traducir el valor de marca al lenguaje del negocio y demostrar su impacto","description":"Aprende a traducir el valor de marca en m\u00e9tricas de negocio y demostrar su impacto en resultados financieros.","robots":{"index":"index","follow":"follow","max-snippet":"max-snippet:-1","max-image-preview":"max-image-preview:large","max-video-preview":"max-video-preview:-1"},"canonical":"https:\/\/infosol.com.mx\/wordpress\/valor-de-marca-lenguaje-del-negocio\/","og_locale":"es_ES","og_type":"article","og_title":"C\u00f3mo traducir el valor de marca al lenguaje del negocio y demostrar su impacto","og_description":"Aprende a traducir el valor de marca en m\u00e9tricas de negocio y demostrar su impacto en resultados financieros.","og_url":"https:\/\/infosol.com.mx\/wordpress\/valor-de-marca-lenguaje-del-negocio\/","og_site_name":"Charlas de Caf\u00e9 de Comunicaci\u00f3n y Otras Pasiones","article_publisher":"https:\/\/www.facebook.com\/infosol\/","article_author":"https:\/\/www.facebook.com\/HectorM.MezaC?ref=br_rs_WyJrZXl3b3Jkc191c2VycyJd","article_published_time":"2026-03-26T17:35:58+00:00","article_modified_time":"2026-04-22T18:07:56+00:00","og_image":[{"width":1200,"height":675,"url":"https:\/\/infosol.com.mx\/wordpress\/wp-content\/uploads\/estrategia-de-marca.webp","type":"image\/webp"}],"author":"H\u00e9ctor M. Meza","twitter_card":"summary_large_image","twitter_creator":"@https:\/\/twitter.com\/HectorMezaC","twitter_site":"@EspacioInfoSol","twitter_misc":{"Escrito por":"H\u00e9ctor M. Meza"},"schema":{"@context":"https:\/\/schema.org","@graph":[{"@type":"Article","@id":"https:\/\/infosol.com.mx\/wordpress\/valor-de-marca-lenguaje-del-negocio\/#article","isPartOf":{"@id":"https:\/\/infosol.com.mx\/wordpress\/valor-de-marca-lenguaje-del-negocio\/"},"author":{"name":"H\u00e9ctor M. Meza","@id":"https:\/\/infosol.com.mx\/wordpress\/#\/schema\/person\/bb70f136abbd7e36b1f997a14c53ac3a"},"headline":"\u00bfC\u00f3mo traducir el valor de marca al lenguaje del negocio?","datePublished":"2026-03-26T17:35:58+00:00","dateModified":"2026-04-22T18:07:56+00:00","mainEntityOfPage":{"@id":"https:\/\/infosol.com.mx\/wordpress\/valor-de-marca-lenguaje-del-negocio\/"},"wordCount":2709,"commentCount":0,"publisher":{"@id":"https:\/\/infosol.com.mx\/wordpress\/#organization"},"image":{"@id":"https:\/\/infosol.com.mx\/wordpress\/valor-de-marca-lenguaje-del-negocio\/#primaryimage"},"thumbnailUrl":"https:\/\/infosol.com.mx\/wordpress\/wp-content\/uploads\/estrategia-de-marca.webp","keywords":["Art\u00edculos","CMO","valor de marca","estrategia de marca","ROI marketing","brand equity","marketing y finanzas"],"articleSection":["Relaciones P\u00fablicas"],"inLanguage":"es","potentialAction":[{"@type":"CommentAction","name":"Comment","target":["https:\/\/infosol.com.mx\/wordpress\/valor-de-marca-lenguaje-del-negocio\/#respond"]}]},{"@type":"WebPage","@id":"https:\/\/infosol.com.mx\/wordpress\/valor-de-marca-lenguaje-del-negocio\/","url":"https:\/\/infosol.com.mx\/wordpress\/valor-de-marca-lenguaje-del-negocio\/","name":"C\u00f3mo traducir el valor de marca al lenguaje del negocio y demostrar su impacto","isPartOf":{"@id":"https:\/\/infosol.com.mx\/wordpress\/#website"},"primaryImageOfPage":{"@id":"https:\/\/infosol.com.mx\/wordpress\/valor-de-marca-lenguaje-del-negocio\/#primaryimage"},"image":{"@id":"https:\/\/infosol.com.mx\/wordpress\/valor-de-marca-lenguaje-del-negocio\/#primaryimage"},"thumbnailUrl":"https:\/\/infosol.com.mx\/wordpress\/wp-content\/uploads\/estrategia-de-marca.webp","datePublished":"2026-03-26T17:35:58+00:00","dateModified":"2026-04-22T18:07:56+00:00","description":"Aprende a traducir el valor de marca en m\u00e9tricas de negocio y demostrar su impacto en resultados financieros.","breadcrumb":{"@id":"https:\/\/infosol.com.mx\/wordpress\/valor-de-marca-lenguaje-del-negocio\/#breadcrumb"},"inLanguage":"es","potentialAction":[{"@type":"ReadAction","target":["https:\/\/infosol.com.mx\/wordpress\/valor-de-marca-lenguaje-del-negocio\/"]}]},{"@type":"ImageObject","inLanguage":"es","@id":"https:\/\/infosol.com.mx\/wordpress\/valor-de-marca-lenguaje-del-negocio\/#primaryimage","url":"https:\/\/infosol.com.mx\/wordpress\/wp-content\/uploads\/estrategia-de-marca.webp","contentUrl":"https:\/\/infosol.com.mx\/wordpress\/wp-content\/uploads\/estrategia-de-marca.webp","width":1200,"height":675,"caption":"Interfaz digital futurista con gr\u00e1ficos financieros, barras de crecimiento y gr\u00e1fico circular en an\u00e1lisis, manos interactuando con datos visuales que representan la conexi\u00f3n entre valor de marca, m\u00e9tricas de negocio y toma de decisiones"},{"@type":"BreadcrumbList","@id":"https:\/\/infosol.com.mx\/wordpress\/valor-de-marca-lenguaje-del-negocio\/#breadcrumb","itemListElement":[{"@type":"ListItem","position":1,"name":"Inicio","item":"https:\/\/infosol.com.mx\/wordpress\/"},{"@type":"ListItem","position":2,"name":"Relaciones P\u00fablicas","item":"https:\/\/infosol.com.mx\/wordpress\/category\/relaciones-publicas\/"},{"@type":"ListItem","position":3,"name":"\u00bfC\u00f3mo traducir el valor de marca al lenguaje del negocio?"}]},{"@type":"WebSite","@id":"https:\/\/infosol.com.mx\/wordpress\/#website","url":"https:\/\/infosol.com.mx\/wordpress\/","name":"Charlas de Caf\u00e9 de Comunicaci\u00f3n y Otras Pasiones","description":"Comunicaci\u00f3n, Relaciones P\u00fablicas, Redes Sociales y algo m\u00e1s...","publisher":{"@id":"https:\/\/infosol.com.mx\/wordpress\/#organization"},"potentialAction":[{"@type":"SearchAction","target":{"@type":"EntryPoint","urlTemplate":"https:\/\/infosol.com.mx\/wordpress\/?s={search_term_string}"},"query-input":{"@type":"PropertyValueSpecification","valueRequired":true,"valueName":"search_term_string"}}],"inLanguage":"es"},{"@type":"Organization","@id":"https:\/\/infosol.com.mx\/wordpress\/#organization","name":"InfoSol","url":"https:\/\/infosol.com.mx\/wordpress\/","logo":{"@type":"ImageObject","inLanguage":"es","@id":"https:\/\/infosol.com.mx\/wordpress\/#\/schema\/logo\/image\/","url":"https:\/\/infosol.com.mx\/wordpress\/wp-content\/uploads\/InfoSol-6.0-160x46-1.webp","contentUrl":"https:\/\/infosol.com.mx\/wordpress\/wp-content\/uploads\/InfoSol-6.0-160x46-1.webp","width":160,"height":46,"caption":"InfoSol"},"image":{"@id":"https:\/\/infosol.com.mx\/wordpress\/#\/schema\/logo\/image\/"},"sameAs":["https:\/\/www.facebook.com\/infosol\/","https:\/\/x.com\/EspacioInfoSol","https:\/\/www.linkedin.com\/company\/grupoinfosol\/","https:\/\/www.pinterest.com.mx\/GrupoInfoSol\/","https:\/\/www.youtube.com\/user\/InfoSolMiEspacio"]},{"@type":"Person","@id":"https:\/\/infosol.com.mx\/wordpress\/#\/schema\/person\/bb70f136abbd7e36b1f997a14c53ac3a","name":"H\u00e9ctor M. Meza","image":{"@type":"ImageObject","inLanguage":"es","@id":"http:\/\/infosol.com.mx\/wordpress\/wp-content\/uploads\/cropped-h-meza-96x96.png","url":"http:\/\/infosol.com.mx\/wordpress\/wp-content\/uploads\/cropped-h-meza-96x96.png","contentUrl":"http:\/\/infosol.com.mx\/wordpress\/wp-content\/uploads\/cropped-h-meza-96x96.png","caption":"H\u00e9ctor M. Meza"},"description":"Director General de InfoSol. MBA, Consultor y Catedr\u00e1tico en Estrategias de Comunicaci\u00f3n Integradas a la Mercadotecnia. Fue Vicepresidente en IBM de M\u00e9xico y Presidente de Motorola para M\u00e9xico, Centroam\u00e9rica y el Caribe y VP de la Corporaci\u00f3n.","sameAs":["http:\/\/www.infosol.com.mx","https:\/\/www.facebook.com\/HectorM.MezaC?ref=br_rs_WyJrZXl3b3Jkc191c2VycyJd","https:\/\/www.linkedin.com\/in\/h\u00e9ctor-meza-curiel\/","https:\/\/x.com\/https:\/\/twitter.com\/HectorMezaC"],"url":"https:\/\/infosol.com.mx\/wordpress\/author\/h-meza\/"}]}},"_links":{"self":[{"href":"https:\/\/infosol.com.mx\/wordpress\/wp-json\/wp\/v2\/posts\/243250","targetHints":{"allow":["GET"]}}],"collection":[{"href":"https:\/\/infosol.com.mx\/wordpress\/wp-json\/wp\/v2\/posts"}],"about":[{"href":"https:\/\/infosol.com.mx\/wordpress\/wp-json\/wp\/v2\/types\/post"}],"author":[{"embeddable":true,"href":"https:\/\/infosol.com.mx\/wordpress\/wp-json\/wp\/v2\/users\/2"}],"replies":[{"embeddable":true,"href":"https:\/\/infosol.com.mx\/wordpress\/wp-json\/wp\/v2\/comments?post=243250"}],"version-history":[{"count":4,"href":"https:\/\/infosol.com.mx\/wordpress\/wp-json\/wp\/v2\/posts\/243250\/revisions"}],"predecessor-version":[{"id":243261,"href":"https:\/\/infosol.com.mx\/wordpress\/wp-json\/wp\/v2\/posts\/243250\/revisions\/243261"}],"wp:featuredmedia":[{"embeddable":true,"href":"https:\/\/infosol.com.mx\/wordpress\/wp-json\/wp\/v2\/media\/243254"}],"wp:attachment":[{"href":"https:\/\/infosol.com.mx\/wordpress\/wp-json\/wp\/v2\/media?parent=243250"}],"wp:term":[{"taxonomy":"category","embeddable":true,"href":"https:\/\/infosol.com.mx\/wordpress\/wp-json\/wp\/v2\/categories?post=243250"},{"taxonomy":"post_tag","embeddable":true,"href":"https:\/\/infosol.com.mx\/wordpress\/wp-json\/wp\/v2\/tags?post=243250"}],"curies":[{"name":"wp","href":"https:\/\/api.w.org\/{rel}","templated":true}]}}