{"id":1962,"date":"2016-09-05T18:12:29","date_gmt":"2016-09-05T23:12:29","guid":{"rendered":"http:\/\/infosol.com.mx\/wordpress\/?p=1962"},"modified":"2025-12-30T10:38:59","modified_gmt":"2025-12-30T16:38:59","slug":"4-recomendaciones-que-tu-marca-debe-seguir-ante-reacciones","status":"publish","type":"post","link":"https:\/\/infosol.com.mx\/wordpress\/4-recomendaciones-que-tu-marca-debe-seguir-ante-reacciones\/","title":{"rendered":"\u00bfC\u00f3mo afectan las reacciones de tu comunidad en Facebook la imagen de tu empresa?"},"content":{"rendered":"<p>[et_pb_section fb_built=\u00bb1&#8243; _builder_version=\u00bb4.16&#8243; global_colors_info=\u00bb{}\u00bb theme_builder_area=\u00bbpost_content\u00bb][et_pb_row _builder_version=\u00bb4.16&#8243; background_size=\u00bbinitial\u00bb background_position=\u00bbtop_left\u00bb background_repeat=\u00bbrepeat\u00bb global_colors_info=\u00bb{}\u00bb theme_builder_area=\u00bbpost_content\u00bb][et_pb_column type=\u00bb4_4&#8243; _builder_version=\u00bb4.16&#8243; custom_padding=\u00bb|||\u00bb global_colors_info=\u00bb{}\u00bb custom_padding__hover=\u00bb|||\u00bb theme_builder_area=\u00bbpost_content\u00bb][et_pb_text _builder_version=\u00bb4.27.4&#8243; background_size=\u00bbinitial\u00bb background_position=\u00bbtop_left\u00bb background_repeat=\u00bbrepeat\u00bb global_colors_info=\u00bb{}\u00bb theme_builder_area=\u00bbpost_content\u00bb]Muchas compa\u00f1\u00edas est\u00e1n buscando la validaci\u00f3n de su presencia en Redes Sociales para poder mantenerse en la mente de los usuarios, acercarse a ellos y finalmente vender. Estas reacciones son realmente buenas para los equipos de marketing y ventas de las empresas porque los pone atentos a los gustos de su audiencia objetivo \u00a0y sus necesidades.<\/p>\n<p>Conocer estas preferencias te da la oportunidad de variar los contenidos para ver los tipos de sentimientos que provocas en la audiencia y as\u00ed empezar a construir relaciones significativas.<\/p>\n<p>Esto tambi\u00e9n significa que si no te atrev\u00edas a publicar cierto contenido por no estar seguro de la aceptaci\u00f3n, ahora lo puedes probar y ver las reacciones del p\u00fablico y si al final no te convence, no hay problema,\u00a0 por lo menos ahora sabes qu\u00e9 no debes publicar en tus redes la pr\u00f3xima vez.<\/p>\n<p>Ahora el contenido que puedes compartir debe ser m\u00e1s humanizado, educativo e informativo para abordar todas las reacciones en el p\u00fablico.<\/p>\n<p>Si realizas un cambio en tu negocio qu\u00e9 mejor que las reacciones de Facebook para determinar si les agrada el peque\u00f1o giro que diste. Toma nota de los comentarios precisos que te pueden ayudar, incluso da un vistazo a los perfiles de la competencia para ver si el tipo de estrategia que est\u00e1n utilizando los ayuda o perjudica.<\/p>\n<p><b>Tambi\u00e9n te puede interesar:<\/b>[\/et_pb_text][\/et_pb_column][\/et_pb_row][\/et_pb_section][et_pb_section fb_built=\u00bb1&#8243; _builder_version=\u00bb4.27.4&#8243; _module_preset=\u00bbdefault\u00bb background_color=\u00bbrgba(5,149,168,0.6)\u00bb custom_padding=\u00bb25px||0px||false|false\u00bb border_radii=\u00bbon|25px|25px|25px|25px\u00bb global_colors_info=\u00bb{}\u00bb theme_builder_area=\u00bbpost_content\u00bb locked=\u00bboff\u00bb][et_pb_row _builder_version=\u00bb4.27.4&#8243; _module_preset=\u00bbdefault\u00bb background_color=\u00bbrgba(5,149,168,0.73)\u00bb custom_margin=\u00bb||||false|false\u00bb custom_padding=\u00bb36px|25px|20px|25px|false|true\u00bb border_radii=\u00bbon|10px|10px|10px|10px\u00bb global_colors_info=\u00bb{}\u00bb theme_builder_area=\u00bbpost_content\u00bb][et_pb_column type=\u00bb4_4&#8243; _builder_version=\u00bb4.27.4&#8243; _module_preset=\u00bbdefault\u00bb custom_padding=\u00bb0px||0px||false|false\u00bb global_colors_info=\u00bb{}\u00bb theme_builder_area=\u00bbpost_content\u00bb][dpdfg_filtergrid custom_query=\u00bbposts_ids\u00bb posts_ids=\u00bb1916&#8243; post_number=\u00bb1&#8243; thumbnail_size=\u00bb320&#215;240&#8243; use_overlay=\u00bboff\u00bb show_author=\u00bboff\u00bb show_content=\u00bbon\u00bb read_more=\u00bbon\u00bb read_more_text=\u00bbSeguir leyendo\u00bb read_more_window=\u00bbon\u00bb custom_content_container=\u00bboff\u00bb show_filters=\u00bboff\u00bb show_pagination=\u00bboff\u00bb items_layout=\u00bbdp-dfg-layout-list\u00bb thumb_width=\u00bb36%\u00bb primary_view=\u00bb%91{%22name%22:%22thumbnail%22,%22show%22:%22on%22},{%22name%22:%22overlay%22,%22show%22:%22on%22},{%22name%22:%22title%22,%22show%22:%22off%22},{%22name%22:%22meta%22,%22show%22:%22off%22},{%22name%22:%22ext%22,%22show%22:%22off%22},{%22name%22:%22content%22,%22show%22:%22off%22},{%22name%22:%22read_more_button%22,%22show%22:%22off%22},{%22name%22:%22action_button%22,%22show%22:%22off%22},{%22name%22:%22custom_content%22,%22show%22:%22off%22}%93&#8243; secondary_view=\u00bb%91{%22name%22:%22thumbnail%22,%22show%22:%22off%22},{%22name%22:%22meta%22,%22show%22:%22on%22},{%22name%22:%22title%22,%22show%22:%22on%22},{%22name%22:%22ext%22,%22show%22:%22on%22},{%22name%22:%22content%22,%22show%22:%22on%22},{%22name%22:%22action_button%22,%22show%22:%22on%22},{%22name%22:%22read_more_button%22,%22show%22:%22on%22},{%22name%22:%22custom_content%22,%22show%22:%22on%22}%93&#8243; bg_items=\u00bbRGBA(255,255,255,0)\u00bb _builder_version=\u00bb4.27.4&#8243; _module_preset=\u00bbdefault\u00bb dpdfg_entry_title_level=\u00bbh6&#8243; dpdfg_entry_title_font=\u00bbOswald|||on|||||\u00bb dpdfg_entry_title_text_color=\u00bb#506ebb\u00bb dpdfg_entry_title_font_size=\u00bb2rem\u00bb dpdfg_entry_title_line_height=\u00bb1.1em\u00bb dpdfg_entry_summary_font=\u00bbEditorialNew-Light||||||||\u00bb dpdfg_entry_summary_text_color=\u00bb#FFFFFF\u00bb dpdfg_entry_summary_font_size=\u00bb1.5rem\u00bb dpdfg_entry_summary_line_height=\u00bb1.2em\u00bb background_enable_color=\u00bboff\u00bb custom_read_more_button=\u00bbon\u00bb read_more_button_text_color=\u00bb#FFFFFF\u00bb read_more_button_font=\u00bbOswald|||on|||||\u00bb read_more_button_icon=\u00bb&#x24;||divi||400&#8243; read_more_button_on_hover=\u00bboff\u00bb read_more_button_alignment=\u00bbcenter\u00bb read_more_button_custom_margin=\u00bb||0px||false|false\u00bb read_more_button_custom_padding=\u00bb||||false|false\u00bb custom_margin=\u00bb|0px|0px|0px|false|false\u00bb custom_padding=\u00bb|0px|0px|0px|false|false\u00bb hover_enabled=\u00bb0&#8243; custom_css_main_element=\u00bb.et_pb_post_content_0_tb_body h6 {||  text-decoration: none !important;||}||.et_pb_post {||  margin-bottom: 20px !important;||}\u00bb custom_css_entry-thumb=\u00bbborder-radius: 25px;\u00bb border_width_all=\u00bb0px\u00bb global_colors_info=\u00bb{}\u00bb theme_builder_area=\u00bbpost_content\u00bb sticky_enabled=\u00bb0&#8243;][\/dpdfg_filtergrid][\/et_pb_column][\/et_pb_row][\/et_pb_section][et_pb_section fb_built=\u00bb1&#8243; _builder_version=\u00bb4.16&#8243; global_colors_info=\u00bb{}\u00bb theme_builder_area=\u00bbpost_content\u00bb][et_pb_row _builder_version=\u00bb4.16&#8243; background_size=\u00bbinitial\u00bb background_position=\u00bbtop_left\u00bb background_repeat=\u00bbrepeat\u00bb global_colors_info=\u00bb{}\u00bb theme_builder_area=\u00bbpost_content\u00bb][et_pb_column type=\u00bb4_4&#8243; _builder_version=\u00bb4.16&#8243; custom_padding=\u00bb|||\u00bb global_colors_info=\u00bb{}\u00bb custom_padding__hover=\u00bb|||\u00bb theme_builder_area=\u00bbpost_content\u00bb][et_pb_text _builder_version=\u00bb4.27.4&#8243; background_size=\u00bbinitial\u00bb background_position=\u00bbtop_left\u00bb background_repeat=\u00bbrepeat\u00bb global_colors_info=\u00bb{}\u00bb theme_builder_area=\u00bbpost_content\u00bb]Todo esto es fundamental en una red como Facebook, que cuenta con m\u00e1s de 1.500 millones de usuarios activos mensuales, seg\u00fan <em>Search Engine Journal<\/em> y en donde los usuarios dan m\u00e1s de 6 mil millones de clics al bot\u00f3n \u201cme gusta\u201d diariamente.<\/p>\n<p>Cabe mencionar que las primeras posiciones de posts en el muro principal de los usuarios se basar\u00e1n en la cantidad de reacciones. Si una publicaci\u00f3n tiene m\u00e1s \u201cme encanta\u201d que likes, ser\u00e1 autom\u00e1ticamente m\u00e1s valiosa en la secci\u00f3n de noticias.<\/p>\n<p>Escribir un comentario toma m\u00e1s tiempo que usar las reacciones. No todos dejan comentarios para expresar sus opiniones y emociones en las p\u00e1ginas de Facebook pero, es muy probable que los fans usen las reacciones para mostrar si el contenido les enoja o los hace re\u00edr.<\/p>\n<p>Las marcas tienen la oportunidad de reaccionar en tiempo real cuando los fans expresan reacciones de tristeza o enojo. Averigua qu\u00e9 provoca emociones positivas vs emociones negativas y qu\u00e9 tienen que ver con tu negocio.<\/p>\n<p>Al conocer todo esto, es momento que creadores de contenido para Redes Sociales, Marketing y ventas aumenten los esfuerzos para que los fans se identifiquen y reaccionen.<\/p>\n<p>Facebook est\u00e1 jugando un papel importante dentro de los esfuerzos de Marketing Digital, para brindar mayores beneficios a tu empresa, promoviendo la interacci\u00f3n con su audiencia objetivo, por lo que los esfuerzos deben dirigirse a buscar la forma de poder posicionarse dentro de esta gran red gracias a las emociones de los usuarios.<\/p>\n<p><strong>**Colaboraci\u00f3n basada en los art\u00edculos \u00bfC\u00f3mo aprovechar las reacciones en Facebook para tu negocio? y Las reacciones de Facebook como m\u00e9tricas de marketing, publicados en luismaram.com.<\/strong>[\/et_pb_text][\/et_pb_column][\/et_pb_row][\/et_pb_section]<\/p>\n","protected":false},"excerpt":{"rendered":"<p>Muchas compa\u00f1\u00edas est\u00e1n buscando la validaci\u00f3n de su presencia en Redes Sociales para poder mantenerse en la mente de los usuarios, acercarse a ellos y finalmente vender. Estas reacciones son realmente buenas para los equipos de marketing y ventas de las empresas porque los pone atentos a los gustos de su audiencia objetivo \u00a0y sus [&hellip;]<\/p>\n","protected":false},"author":8,"featured_media":21801,"comment_status":"open","ping_status":"open","sticky":false,"template":"","format":"standard","meta":{"_et_pb_use_builder":"on","_et_pb_old_content":"<!-- wp:paragraph -->\n<p>Muchas compa\u00f1\u00edas est\u00e1n buscando la validaci\u00f3n de su presencia en Redes Sociales para poder mantenerse en la mente de los usuarios, acercarse a ellos y finalmente vender. Estas reacciones son realmente buenas para los equipos de marketing y ventas de las empresas porque los pone atentos a los gustos de su audiencia objetivo &nbsp;y sus necesidades.<\/p>\n<!-- \/wp:paragraph -->\n\n<!-- wp:paragraph -->\n<p>Conocer estas preferencias te da la oportunidad de variar los contenidos para ver los tipos de sentimientos que provocas en la audiencia y as\u00ed empezar a construir relaciones significativas.<\/p>\n<!-- \/wp:paragraph -->\n\n<!-- wp:paragraph -->\n<p>Esto tambi\u00e9n significa que si no te atrev\u00edas a publicar cierto contenido por no estar seguro de la aceptaci\u00f3n, ahora lo puedes probar y ver las reacciones del p\u00fablico y si al final no te convence, no hay problema,&nbsp; por lo menos ahora sabes qu\u00e9 no debes publicar en tus redes la pr\u00f3xima vez.<\/p>\n<!-- \/wp:paragraph -->\n\n<!-- wp:paragraph -->\n<p>Ahora el contenido que puedes compartir debe ser m\u00e1s humanizado, educativo e informativo para abordar todas las reacciones en el p\u00fablico.<\/p>\n<!-- \/wp:paragraph -->\n\n<!-- wp:paragraph -->\n<p>Si realizas un cambio en tu negocio qu\u00e9 mejor que las reacciones de Facebook para determinar si les agrada el peque\u00f1o giro que diste. Toma nota de los comentarios precisos que te pueden ayudar, incluso da un vistazo a los perfiles de la competencia para ver si el tipo de estrategia que est\u00e1n utilizando los ayuda o perjudica.<\/p>\n<!-- \/wp:paragraph -->\n\n<!-- wp:paragraph -->\n<p><b>Tambi\u00e9n te puede interesar: <\/b><\/p>\n<!-- \/wp:paragraph -->\n\n<!-- wp:html -->\n<article id=\"post-1916\">\n<figure><figure><img src=\"https:\/\/infosol.com.mx\/wordpress\/wp-content\/uploads\/influencia-redes-sociales-700x450.webp\" alt=\"\" width=\"700\" height=\"450\"><\/figure><\/figure>\n<header>Tags\n<ul>\n<li><a href=\"https:\/\/infosol.com.mx\/wordpress\/category\/medios-sociales\/\" rel=\"category\">Redes Sociales<\/a><\/li>\n<\/ul>\n<h2><a href=\"https:\/\/infosol.com.mx\/wordpress\/tips-para-aplicar-el-buen-humor-en-los-contenidos\/\">Influencia de las Redes Sociales \u00bfTe decidir\u00e1s a hacerlo?<\/a><\/h2>\n<\/header>\n<p>Cierto d\u00eda, mientras estaba trabajando en la oficina, mi amigo Crist\u00f3bal me llam\u00f3 por tel\u00e9fono para preguntar si sab\u00eda d\u00f3nde\u2026<\/p>\n<\/article>\n<!-- \/wp:html -->\n\n<!-- wp:paragraph -->\n<p>Todo esto es fundamental en una red como Facebook, que cuenta con m\u00e1s de 1.500 millones de usuarios activos mensuales, seg\u00fan <em>Search Engine Journal<\/em> y en donde los usuarios dan m\u00e1s de 6 mil millones de clics al bot\u00f3n \u201cme gusta\u201d diariamente.<\/p>\n<!-- \/wp:paragraph -->\n\n<!-- wp:paragraph -->\n<p>Cabe mencionar que las primeras posiciones de posts en el muro principal de los usuarios se basar\u00e1n en la cantidad de reacciones. Si una publicaci\u00f3n tiene m\u00e1s \u201cme encanta\u201d que likes, ser\u00e1 autom\u00e1ticamente m\u00e1s valiosa en la secci\u00f3n de noticias.<\/p>\n<!-- \/wp:paragraph -->\n\n<!-- wp:paragraph -->\n<p>Escribir un comentario toma m\u00e1s tiempo que usar las reacciones. No todos dejan comentarios para expresar sus opiniones y emociones en las p\u00e1ginas de Facebook pero, es muy probable que los fans usen las reacciones para mostrar si el contenido les enoja o los hace re\u00edr.<\/p>\n<!-- \/wp:paragraph -->\n\n<!-- wp:paragraph -->\n<p>Las marcas tienen la oportunidad de reaccionar en tiempo real cuando los fans expresan reacciones de tristeza o enojo. Averigua qu\u00e9 provoca emociones positivas vs emociones negativas y qu\u00e9 tienen que ver con tu negocio.<\/p>\n<!-- \/wp:paragraph -->\n\n<!-- wp:paragraph -->\n<p>Al conocer todo esto, es momento que creadores de contenido para Redes Sociales, Marketing y ventas aumenten los esfuerzos para que los fans se identifiquen y reaccionen.<\/p>\n<!-- \/wp:paragraph -->\n\n<!-- wp:paragraph -->\n<p>Facebook est\u00e1 jugando un papel importante dentro de los esfuerzos de Marketing Digital, para brindar mayores beneficios a tu empresa, promoviendo la interacci\u00f3n con su audiencia objetivo, por lo que los esfuerzos deben dirigirse a buscar la forma de poder posicionarse dentro de esta gran red gracias a las emociones de los usuarios.<\/p>\n<!-- \/wp:paragraph -->\n\n<!-- wp:paragraph -->\n<p><strong>**Colaboraci\u00f3n basada en los art\u00edculos \u00bfC\u00f3mo aprovechar las reacciones en Facebook para tu negocio? y Las reacciones de Facebook como m\u00e9tricas de marketing, publicados en luismaram.com.<\/strong><\/p>\n<!-- \/wp:paragraph -->","_et_gb_content_width":"","content-type":"","_joinchat":[],"footnotes":""},"categories":[80],"tags":[512,513,2905],"class_list":["post-1962","post","type-post","status-publish","format-standard","has-post-thumbnail","hentry","category-marketing-digital","tag-reaccioones-de-facebook","tag-recomendaciones","tag-articulos","et-has-post-format-content","et_post_format-et-post-format-standard"],"yoast_head":"<!-- This site is optimized with the Yoast SEO plugin v27.2 - https:\/\/yoast.com\/product\/yoast-seo-wordpress\/ -->\n<title>\u00bfC\u00f3mo afectan las reacciones de tu comunidad en Facebook la imagen de tu empresa? - Charlas de Caf\u00e9 de Comunicaci\u00f3n y Otras Pasiones<\/title>\n<meta name=\"robots\" content=\"index, follow, max-snippet:-1, max-image-preview:large, max-video-preview:-1\" \/>\n<link rel=\"canonical\" href=\"https:\/\/infosol.com.mx\/wordpress\/4-recomendaciones-que-tu-marca-debe-seguir-ante-reacciones\/\" \/>\n<meta property=\"og:locale\" content=\"es_ES\" \/>\n<meta property=\"og:type\" content=\"article\" \/>\n<meta property=\"og:title\" content=\"\u00bfC\u00f3mo afectan las reacciones de tu comunidad en Facebook la imagen de tu empresa? - Charlas de Caf\u00e9 de Comunicaci\u00f3n y Otras Pasiones\" \/>\n<meta property=\"og:description\" content=\"Muchas compa\u00f1\u00edas est\u00e1n buscando la validaci\u00f3n de su presencia en Redes Sociales para poder mantenerse en la mente de los usuarios, acercarse a ellos y finalmente vender. Estas reacciones son realmente buenas para los equipos de marketing y ventas de las empresas porque los pone atentos a los gustos de su audiencia objetivo \u00a0y sus [&hellip;]\" \/>\n<meta property=\"og:url\" content=\"https:\/\/infosol.com.mx\/wordpress\/4-recomendaciones-que-tu-marca-debe-seguir-ante-reacciones\/\" \/>\n<meta property=\"og:site_name\" content=\"Charlas de Caf\u00e9 de Comunicaci\u00f3n y Otras Pasiones\" \/>\n<meta property=\"article:publisher\" content=\"https:\/\/www.facebook.com\/infosol\/\" \/>\n<meta property=\"article:published_time\" content=\"2016-09-05T23:12:29+00:00\" \/>\n<meta property=\"article:modified_time\" content=\"2025-12-30T16:38:59+00:00\" \/>\n<meta property=\"og:image\" content=\"https:\/\/infosol.com.mx\/wordpress\/wp-content\/uploads\/reacciones-de-facebook.webp\" \/>\n\t<meta property=\"og:image:width\" content=\"1200\" \/>\n\t<meta property=\"og:image:height\" content=\"675\" \/>\n\t<meta property=\"og:image:type\" content=\"image\/webp\" \/>\n<meta name=\"author\" content=\"Adriana M. Bravo\" \/>\n<meta name=\"twitter:card\" content=\"summary_large_image\" \/>\n<meta name=\"twitter:creator\" content=\"@EspacioInfoSol\" \/>\n<meta name=\"twitter:site\" content=\"@EspacioInfoSol\" \/>\n<meta name=\"twitter:label1\" content=\"Escrito por\" \/>\n\t<meta name=\"twitter:data1\" content=\"Adriana M. Bravo\" \/>\n\t<meta name=\"twitter:label2\" content=\"Tiempo de lectura\" \/>\n\t<meta name=\"twitter:data2\" content=\"3 minutos\" \/>\n<script type=\"application\/ld+json\" class=\"yoast-schema-graph\">{\"@context\":\"https:\/\/schema.org\",\"@graph\":[{\"@type\":\"Article\",\"@id\":\"https:\/\/infosol.com.mx\/wordpress\/4-recomendaciones-que-tu-marca-debe-seguir-ante-reacciones\/#article\",\"isPartOf\":{\"@id\":\"https:\/\/infosol.com.mx\/wordpress\/4-recomendaciones-que-tu-marca-debe-seguir-ante-reacciones\/\"},\"author\":{\"name\":\"Adriana M. Bravo\",\"@id\":\"https:\/\/infosol.com.mx\/wordpress\/#\/schema\/person\/c844cf1649e28a097c30ae82683f2542\"},\"headline\":\"\u00bfC\u00f3mo afectan las reacciones de tu comunidad en Facebook la imagen de tu empresa?\",\"datePublished\":\"2016-09-05T23:12:29+00:00\",\"dateModified\":\"2025-12-30T16:38:59+00:00\",\"mainEntityOfPage\":{\"@id\":\"https:\/\/infosol.com.mx\/wordpress\/4-recomendaciones-que-tu-marca-debe-seguir-ante-reacciones\/\"},\"wordCount\":1125,\"commentCount\":0,\"publisher\":{\"@id\":\"https:\/\/infosol.com.mx\/wordpress\/#organization\"},\"image\":{\"@id\":\"https:\/\/infosol.com.mx\/wordpress\/4-recomendaciones-que-tu-marca-debe-seguir-ante-reacciones\/#primaryimage\"},\"thumbnailUrl\":\"https:\/\/infosol.com.mx\/wordpress\/wp-content\/uploads\/reacciones-de-facebook.webp\",\"keywords\":[\"reaccioones de facebook\",\"recomendaciones\",\"Art\u00edculos\"],\"articleSection\":[\"Marketing Digital\"],\"inLanguage\":\"es\",\"potentialAction\":[{\"@type\":\"CommentAction\",\"name\":\"Comment\",\"target\":[\"https:\/\/infosol.com.mx\/wordpress\/4-recomendaciones-que-tu-marca-debe-seguir-ante-reacciones\/#respond\"]}]},{\"@type\":\"WebPage\",\"@id\":\"https:\/\/infosol.com.mx\/wordpress\/4-recomendaciones-que-tu-marca-debe-seguir-ante-reacciones\/\",\"url\":\"https:\/\/infosol.com.mx\/wordpress\/4-recomendaciones-que-tu-marca-debe-seguir-ante-reacciones\/\",\"name\":\"\u00bfC\u00f3mo afectan las reacciones de tu comunidad en Facebook la imagen de tu empresa? - Charlas de Caf\u00e9 de Comunicaci\u00f3n y Otras Pasiones\",\"isPartOf\":{\"@id\":\"https:\/\/infosol.com.mx\/wordpress\/#website\"},\"primaryImageOfPage\":{\"@id\":\"https:\/\/infosol.com.mx\/wordpress\/4-recomendaciones-que-tu-marca-debe-seguir-ante-reacciones\/#primaryimage\"},\"image\":{\"@id\":\"https:\/\/infosol.com.mx\/wordpress\/4-recomendaciones-que-tu-marca-debe-seguir-ante-reacciones\/#primaryimage\"},\"thumbnailUrl\":\"https:\/\/infosol.com.mx\/wordpress\/wp-content\/uploads\/reacciones-de-facebook.webp\",\"datePublished\":\"2016-09-05T23:12:29+00:00\",\"dateModified\":\"2025-12-30T16:38:59+00:00\",\"breadcrumb\":{\"@id\":\"https:\/\/infosol.com.mx\/wordpress\/4-recomendaciones-que-tu-marca-debe-seguir-ante-reacciones\/#breadcrumb\"},\"inLanguage\":\"es\",\"potentialAction\":[{\"@type\":\"ReadAction\",\"target\":[\"https:\/\/infosol.com.mx\/wordpress\/4-recomendaciones-que-tu-marca-debe-seguir-ante-reacciones\/\"]}]},{\"@type\":\"ImageObject\",\"inLanguage\":\"es\",\"@id\":\"https:\/\/infosol.com.mx\/wordpress\/4-recomendaciones-que-tu-marca-debe-seguir-ante-reacciones\/#primaryimage\",\"url\":\"https:\/\/infosol.com.mx\/wordpress\/wp-content\/uploads\/reacciones-de-facebook.webp\",\"contentUrl\":\"https:\/\/infosol.com.mx\/wordpress\/wp-content\/uploads\/reacciones-de-facebook.webp\",\"width\":1200,\"height\":675},{\"@type\":\"BreadcrumbList\",\"@id\":\"https:\/\/infosol.com.mx\/wordpress\/4-recomendaciones-que-tu-marca-debe-seguir-ante-reacciones\/#breadcrumb\",\"itemListElement\":[{\"@type\":\"ListItem\",\"position\":1,\"name\":\"Inicio\",\"item\":\"https:\/\/infosol.com.mx\/wordpress\/\"},{\"@type\":\"ListItem\",\"position\":2,\"name\":\"Marketing Digital\",\"item\":\"https:\/\/infosol.com.mx\/wordpress\/category\/marketing-digital\/\"},{\"@type\":\"ListItem\",\"position\":3,\"name\":\"\u00bfC\u00f3mo afectan las reacciones de tu comunidad en Facebook la imagen de tu empresa?\"}]},{\"@type\":\"WebSite\",\"@id\":\"https:\/\/infosol.com.mx\/wordpress\/#website\",\"url\":\"https:\/\/infosol.com.mx\/wordpress\/\",\"name\":\"Charlas de Caf\u00e9 de Comunicaci\u00f3n y Otras Pasiones\",\"description\":\"Comunicaci\u00f3n, Relaciones P\u00fablicas, Redes Sociales y algo m\u00e1s...\",\"publisher\":{\"@id\":\"https:\/\/infosol.com.mx\/wordpress\/#organization\"},\"potentialAction\":[{\"@type\":\"SearchAction\",\"target\":{\"@type\":\"EntryPoint\",\"urlTemplate\":\"https:\/\/infosol.com.mx\/wordpress\/?s={search_term_string}\"},\"query-input\":{\"@type\":\"PropertyValueSpecification\",\"valueRequired\":true,\"valueName\":\"search_term_string\"}}],\"inLanguage\":\"es\"},{\"@type\":\"Organization\",\"@id\":\"https:\/\/infosol.com.mx\/wordpress\/#organization\",\"name\":\"InfoSol\",\"url\":\"https:\/\/infosol.com.mx\/wordpress\/\",\"logo\":{\"@type\":\"ImageObject\",\"inLanguage\":\"es\",\"@id\":\"https:\/\/infosol.com.mx\/wordpress\/#\/schema\/logo\/image\/\",\"url\":\"https:\/\/infosol.com.mx\/wordpress\/wp-content\/uploads\/InfoSol-6.0-160x46-1.webp\",\"contentUrl\":\"https:\/\/infosol.com.mx\/wordpress\/wp-content\/uploads\/InfoSol-6.0-160x46-1.webp\",\"width\":160,\"height\":46,\"caption\":\"InfoSol\"},\"image\":{\"@id\":\"https:\/\/infosol.com.mx\/wordpress\/#\/schema\/logo\/image\/\"},\"sameAs\":[\"https:\/\/www.facebook.com\/infosol\/\",\"https:\/\/x.com\/EspacioInfoSol\",\"https:\/\/www.linkedin.com\/company\/grupoinfosol\/\",\"https:\/\/www.pinterest.com.mx\/GrupoInfoSol\/\",\"https:\/\/www.youtube.com\/user\/InfoSolMiEspacio\"]},{\"@type\":\"Person\",\"@id\":\"https:\/\/infosol.com.mx\/wordpress\/#\/schema\/person\/c844cf1649e28a097c30ae82683f2542\",\"name\":\"Adriana M. Bravo\",\"image\":{\"@type\":\"ImageObject\",\"inLanguage\":\"es\",\"@id\":\"http:\/\/infosol.com.mx\/wordpress\/wp-content\/uploads\/adriana-m-bravo-96x96.jpg\",\"url\":\"http:\/\/infosol.com.mx\/wordpress\/wp-content\/uploads\/adriana-m-bravo-96x96.jpg\",\"contentUrl\":\"http:\/\/infosol.com.mx\/wordpress\/wp-content\/uploads\/adriana-m-bravo-96x96.jpg\",\"caption\":\"Adriana M. Bravo\"},\"description\":\"Gerente de Comunicaci\u00f3n y Capital Intelectual en InfoSol. Coordina las estrategias Marketing de Contenidos para apoyar su Inbound Marketing \u2013a trav\u00e9s de CECREA\u00ae y las Redes Sociales para nuestros clientes.\",\"url\":\"https:\/\/infosol.com.mx\/wordpress\/author\/a-meza\/\"}]}<\/script>\n<!-- \/ Yoast SEO plugin. -->","yoast_head_json":{"title":"\u00bfC\u00f3mo afectan las reacciones de tu comunidad en Facebook la imagen de tu empresa? - Charlas de Caf\u00e9 de Comunicaci\u00f3n y Otras Pasiones","robots":{"index":"index","follow":"follow","max-snippet":"max-snippet:-1","max-image-preview":"max-image-preview:large","max-video-preview":"max-video-preview:-1"},"canonical":"https:\/\/infosol.com.mx\/wordpress\/4-recomendaciones-que-tu-marca-debe-seguir-ante-reacciones\/","og_locale":"es_ES","og_type":"article","og_title":"\u00bfC\u00f3mo afectan las reacciones de tu comunidad en Facebook la imagen de tu empresa? - Charlas de Caf\u00e9 de Comunicaci\u00f3n y Otras Pasiones","og_description":"Muchas compa\u00f1\u00edas est\u00e1n buscando la validaci\u00f3n de su presencia en Redes Sociales para poder mantenerse en la mente de los usuarios, acercarse a ellos y finalmente vender. Estas reacciones son realmente buenas para los equipos de marketing y ventas de las empresas porque los pone atentos a los gustos de su audiencia objetivo \u00a0y sus [&hellip;]","og_url":"https:\/\/infosol.com.mx\/wordpress\/4-recomendaciones-que-tu-marca-debe-seguir-ante-reacciones\/","og_site_name":"Charlas de Caf\u00e9 de Comunicaci\u00f3n y Otras Pasiones","article_publisher":"https:\/\/www.facebook.com\/infosol\/","article_published_time":"2016-09-05T23:12:29+00:00","article_modified_time":"2025-12-30T16:38:59+00:00","og_image":[{"width":1200,"height":675,"url":"https:\/\/infosol.com.mx\/wordpress\/wp-content\/uploads\/reacciones-de-facebook.webp","type":"image\/webp"}],"author":"Adriana M. Bravo","twitter_card":"summary_large_image","twitter_creator":"@EspacioInfoSol","twitter_site":"@EspacioInfoSol","twitter_misc":{"Escrito por":"Adriana M. Bravo","Tiempo de lectura":"3 minutos"},"schema":{"@context":"https:\/\/schema.org","@graph":[{"@type":"Article","@id":"https:\/\/infosol.com.mx\/wordpress\/4-recomendaciones-que-tu-marca-debe-seguir-ante-reacciones\/#article","isPartOf":{"@id":"https:\/\/infosol.com.mx\/wordpress\/4-recomendaciones-que-tu-marca-debe-seguir-ante-reacciones\/"},"author":{"name":"Adriana M. Bravo","@id":"https:\/\/infosol.com.mx\/wordpress\/#\/schema\/person\/c844cf1649e28a097c30ae82683f2542"},"headline":"\u00bfC\u00f3mo afectan las reacciones de tu comunidad en Facebook la imagen de tu empresa?","datePublished":"2016-09-05T23:12:29+00:00","dateModified":"2025-12-30T16:38:59+00:00","mainEntityOfPage":{"@id":"https:\/\/infosol.com.mx\/wordpress\/4-recomendaciones-que-tu-marca-debe-seguir-ante-reacciones\/"},"wordCount":1125,"commentCount":0,"publisher":{"@id":"https:\/\/infosol.com.mx\/wordpress\/#organization"},"image":{"@id":"https:\/\/infosol.com.mx\/wordpress\/4-recomendaciones-que-tu-marca-debe-seguir-ante-reacciones\/#primaryimage"},"thumbnailUrl":"https:\/\/infosol.com.mx\/wordpress\/wp-content\/uploads\/reacciones-de-facebook.webp","keywords":["reaccioones de facebook","recomendaciones","Art\u00edculos"],"articleSection":["Marketing Digital"],"inLanguage":"es","potentialAction":[{"@type":"CommentAction","name":"Comment","target":["https:\/\/infosol.com.mx\/wordpress\/4-recomendaciones-que-tu-marca-debe-seguir-ante-reacciones\/#respond"]}]},{"@type":"WebPage","@id":"https:\/\/infosol.com.mx\/wordpress\/4-recomendaciones-que-tu-marca-debe-seguir-ante-reacciones\/","url":"https:\/\/infosol.com.mx\/wordpress\/4-recomendaciones-que-tu-marca-debe-seguir-ante-reacciones\/","name":"\u00bfC\u00f3mo afectan las reacciones de tu comunidad en Facebook la imagen de tu empresa? - Charlas de Caf\u00e9 de Comunicaci\u00f3n y Otras Pasiones","isPartOf":{"@id":"https:\/\/infosol.com.mx\/wordpress\/#website"},"primaryImageOfPage":{"@id":"https:\/\/infosol.com.mx\/wordpress\/4-recomendaciones-que-tu-marca-debe-seguir-ante-reacciones\/#primaryimage"},"image":{"@id":"https:\/\/infosol.com.mx\/wordpress\/4-recomendaciones-que-tu-marca-debe-seguir-ante-reacciones\/#primaryimage"},"thumbnailUrl":"https:\/\/infosol.com.mx\/wordpress\/wp-content\/uploads\/reacciones-de-facebook.webp","datePublished":"2016-09-05T23:12:29+00:00","dateModified":"2025-12-30T16:38:59+00:00","breadcrumb":{"@id":"https:\/\/infosol.com.mx\/wordpress\/4-recomendaciones-que-tu-marca-debe-seguir-ante-reacciones\/#breadcrumb"},"inLanguage":"es","potentialAction":[{"@type":"ReadAction","target":["https:\/\/infosol.com.mx\/wordpress\/4-recomendaciones-que-tu-marca-debe-seguir-ante-reacciones\/"]}]},{"@type":"ImageObject","inLanguage":"es","@id":"https:\/\/infosol.com.mx\/wordpress\/4-recomendaciones-que-tu-marca-debe-seguir-ante-reacciones\/#primaryimage","url":"https:\/\/infosol.com.mx\/wordpress\/wp-content\/uploads\/reacciones-de-facebook.webp","contentUrl":"https:\/\/infosol.com.mx\/wordpress\/wp-content\/uploads\/reacciones-de-facebook.webp","width":1200,"height":675},{"@type":"BreadcrumbList","@id":"https:\/\/infosol.com.mx\/wordpress\/4-recomendaciones-que-tu-marca-debe-seguir-ante-reacciones\/#breadcrumb","itemListElement":[{"@type":"ListItem","position":1,"name":"Inicio","item":"https:\/\/infosol.com.mx\/wordpress\/"},{"@type":"ListItem","position":2,"name":"Marketing Digital","item":"https:\/\/infosol.com.mx\/wordpress\/category\/marketing-digital\/"},{"@type":"ListItem","position":3,"name":"\u00bfC\u00f3mo afectan las reacciones de tu comunidad en Facebook la imagen de tu empresa?"}]},{"@type":"WebSite","@id":"https:\/\/infosol.com.mx\/wordpress\/#website","url":"https:\/\/infosol.com.mx\/wordpress\/","name":"Charlas de Caf\u00e9 de Comunicaci\u00f3n y Otras Pasiones","description":"Comunicaci\u00f3n, Relaciones P\u00fablicas, Redes Sociales y algo m\u00e1s...","publisher":{"@id":"https:\/\/infosol.com.mx\/wordpress\/#organization"},"potentialAction":[{"@type":"SearchAction","target":{"@type":"EntryPoint","urlTemplate":"https:\/\/infosol.com.mx\/wordpress\/?s={search_term_string}"},"query-input":{"@type":"PropertyValueSpecification","valueRequired":true,"valueName":"search_term_string"}}],"inLanguage":"es"},{"@type":"Organization","@id":"https:\/\/infosol.com.mx\/wordpress\/#organization","name":"InfoSol","url":"https:\/\/infosol.com.mx\/wordpress\/","logo":{"@type":"ImageObject","inLanguage":"es","@id":"https:\/\/infosol.com.mx\/wordpress\/#\/schema\/logo\/image\/","url":"https:\/\/infosol.com.mx\/wordpress\/wp-content\/uploads\/InfoSol-6.0-160x46-1.webp","contentUrl":"https:\/\/infosol.com.mx\/wordpress\/wp-content\/uploads\/InfoSol-6.0-160x46-1.webp","width":160,"height":46,"caption":"InfoSol"},"image":{"@id":"https:\/\/infosol.com.mx\/wordpress\/#\/schema\/logo\/image\/"},"sameAs":["https:\/\/www.facebook.com\/infosol\/","https:\/\/x.com\/EspacioInfoSol","https:\/\/www.linkedin.com\/company\/grupoinfosol\/","https:\/\/www.pinterest.com.mx\/GrupoInfoSol\/","https:\/\/www.youtube.com\/user\/InfoSolMiEspacio"]},{"@type":"Person","@id":"https:\/\/infosol.com.mx\/wordpress\/#\/schema\/person\/c844cf1649e28a097c30ae82683f2542","name":"Adriana M. Bravo","image":{"@type":"ImageObject","inLanguage":"es","@id":"http:\/\/infosol.com.mx\/wordpress\/wp-content\/uploads\/adriana-m-bravo-96x96.jpg","url":"http:\/\/infosol.com.mx\/wordpress\/wp-content\/uploads\/adriana-m-bravo-96x96.jpg","contentUrl":"http:\/\/infosol.com.mx\/wordpress\/wp-content\/uploads\/adriana-m-bravo-96x96.jpg","caption":"Adriana M. Bravo"},"description":"Gerente de Comunicaci\u00f3n y Capital Intelectual en InfoSol. Coordina las estrategias Marketing de Contenidos para apoyar su Inbound Marketing \u2013a trav\u00e9s de CECREA\u00ae y las Redes Sociales para nuestros clientes.","url":"https:\/\/infosol.com.mx\/wordpress\/author\/a-meza\/"}]}},"_links":{"self":[{"href":"https:\/\/infosol.com.mx\/wordpress\/wp-json\/wp\/v2\/posts\/1962","targetHints":{"allow":["GET"]}}],"collection":[{"href":"https:\/\/infosol.com.mx\/wordpress\/wp-json\/wp\/v2\/posts"}],"about":[{"href":"https:\/\/infosol.com.mx\/wordpress\/wp-json\/wp\/v2\/types\/post"}],"author":[{"embeddable":true,"href":"https:\/\/infosol.com.mx\/wordpress\/wp-json\/wp\/v2\/users\/8"}],"replies":[{"embeddable":true,"href":"https:\/\/infosol.com.mx\/wordpress\/wp-json\/wp\/v2\/comments?post=1962"}],"version-history":[{"count":16,"href":"https:\/\/infosol.com.mx\/wordpress\/wp-json\/wp\/v2\/posts\/1962\/revisions"}],"predecessor-version":[{"id":243023,"href":"https:\/\/infosol.com.mx\/wordpress\/wp-json\/wp\/v2\/posts\/1962\/revisions\/243023"}],"wp:featuredmedia":[{"embeddable":true,"href":"https:\/\/infosol.com.mx\/wordpress\/wp-json\/wp\/v2\/media\/21801"}],"wp:attachment":[{"href":"https:\/\/infosol.com.mx\/wordpress\/wp-json\/wp\/v2\/media?parent=1962"}],"wp:term":[{"taxonomy":"category","embeddable":true,"href":"https:\/\/infosol.com.mx\/wordpress\/wp-json\/wp\/v2\/categories?post=1962"},{"taxonomy":"post_tag","embeddable":true,"href":"https:\/\/infosol.com.mx\/wordpress\/wp-json\/wp\/v2\/tags?post=1962"}],"curies":[{"name":"wp","href":"https:\/\/api.w.org\/{rel}","templated":true}]}}