{"id":16513,"date":"2023-08-02T11:07:00","date_gmt":"2023-08-02T17:07:00","guid":{"rendered":"http:\/\/infosol.com.mx\/wordpress\/?p=16513"},"modified":"2025-07-30T14:24:16","modified_gmt":"2025-07-30T20:24:16","slug":"hacia-un-uso-etico-de-la-ia-en-las-relaciones-publicas","status":"publish","type":"post","link":"https:\/\/infosol.com.mx\/wordpress\/hacia-un-uso-etico-de-la-ia-en-las-relaciones-publicas\/","title":{"rendered":"Hacia un uso \u00e9tico de la IA en las relaciones p\u00fablicas"},"content":{"rendered":"\n<p>La inteligencia artificial (IA) generativa es uno de los desarrollos de IA m\u00e1s recientes, cuya popularidad se ha extendido r\u00e1pidamente tanto en empresas como en personas usuarias, debido a sus amplias posibilidades. En el \u00e1mbito de las\u00a0<a href=\"https:\/\/infosol.com.mx\/wordpress\/beneficios-relaciones-publicas-marcas-b2b\/\" target=\"_blank\" rel=\"noreferrer noopener\"><strong>relaciones p\u00fablicas (RP)<\/strong><\/a>, en particular, veo grandes oportunidades, ya que agiliza tareas ordinarias, permitiendo dedicar m\u00e1s tiempo a acciones estrat\u00e9gicas. Sin embargo, a medida que esta tecnolog\u00eda gana adopci\u00f3n, surgen cuestionamientos en torno a c\u00f3mo utilizar estas herramientas de manera \u00e9tica.<\/p>\n\n\n\n<p>Ciertamente, el tema del&nbsp;<strong>uso \u00e9tico de la IA<\/strong>&nbsp;no es nuevo, pues desde que surgieron los primeros robots impulsados por esta tecnolog\u00eda, comenz\u00f3 a generarse el debate. Pero ahora, cuando vemos un surgimiento acelerado de herramientas de IA generativa, disponibles para casi cualquier persona con acceso a internet; se vuelve necesario el establecimiento de medidas \u00e9ticas y principios rectores que gu\u00eden su uso y nuestro actuar en la esfera de las RP.<\/p>\n\n\n\n<div id=\"ez-toc-container\" class=\"ez-toc-v2_0_82_2 counter-hierarchy ez-toc-counter ez-toc-custom ez-toc-container-direction\">\n<span class=\"ez-toc-title\" style=\"cursor:inherit\">\u00cdndice de Contenidos<\/span>\n<label for=\"ez-toc-cssicon-toggle-item-69ef22235bb08\" class=\"ez-toc-cssicon-toggle-label\"><span class=\"ez-toc-cssicon\"><span class=\"eztoc-hide\" style=\"display:none;\">Toggle<\/span><span class=\"ez-toc-icon-toggle-span\"><svg style=\"fill: #081116;color:#081116\" xmlns=\"http:\/\/www.w3.org\/2000\/svg\" class=\"list-377408\" width=\"20px\" height=\"20px\" viewBox=\"0 0 24 24\" fill=\"none\"><path d=\"M6 6H4v2h2V6zm14 0H8v2h12V6zM4 11h2v2H4v-2zm16 0H8v2h12v-2zM4 16h2v2H4v-2zm16 0H8v2h12v-2z\" fill=\"currentColor\"><\/path><\/svg><svg style=\"fill: #081116;color:#081116\" class=\"arrow-unsorted-368013\" xmlns=\"http:\/\/www.w3.org\/2000\/svg\" width=\"10px\" height=\"10px\" viewBox=\"0 0 24 24\" version=\"1.2\" baseProfile=\"tiny\"><path d=\"M18.2 9.3l-6.2-6.3-6.2 6.3c-.2.2-.3.4-.3.7s.1.5.3.7c.2.2.4.3.7.3h11c.3 0 .5-.1.7-.3.2-.2.3-.5.3-.7s-.1-.5-.3-.7zM5.8 14.7l6.2 6.3 6.2-6.3c.2-.2.3-.5.3-.7s-.1-.5-.3-.7c-.2-.2-.4-.3-.7-.3h-11c-.3 0-.5.1-.7.3-.2.2-.3.5-.3.7s.1.5.3.7z\"\/><\/svg><\/span><\/span><\/label><input type=\"checkbox\"  id=\"ez-toc-cssicon-toggle-item-69ef22235bb08\"  aria-label=\"Alternar\" \/><nav><ul class='ez-toc-list ez-toc-list-level-1 ' ><li class='ez-toc-page-1 ez-toc-heading-level-2'><a class=\"ez-toc-link ez-toc-heading-1\" href=\"https:\/\/infosol.com.mx\/wordpress\/hacia-un-uso-etico-de-la-ia-en-las-relaciones-publicas\/#%C2%BFPor_que_es_importante_el_uso_etico_de_la_IA_en_RP\" >\u00bfPor qu\u00e9 es importante el uso \u00e9tico de la IA en RP?<\/a><\/li><li class='ez-toc-page-1 ez-toc-heading-level-2'><a class=\"ez-toc-link ez-toc-heading-2\" href=\"https:\/\/infosol.com.mx\/wordpress\/hacia-un-uso-etico-de-la-ia-en-las-relaciones-publicas\/#Pautas_para_un_uso_responsable_de_IA_en_RP\" >Pautas para un uso responsable de IA en RP<\/a><\/li><\/ul><\/nav><\/div>\n<h2 class=\"wp-block-heading\"><span class=\"ez-toc-section\" id=\"%C2%BFPor_que_es_importante_el_uso_etico_de_la_IA_en_RP\"><\/span>\u00bfPor qu\u00e9 es importante el uso \u00e9tico de la IA en RP?<span class=\"ez-toc-section-end\"><\/span><\/h2>\n\n\n\n<p>Como en cualquier otra profesi\u00f3n, el comportamiento \u00e9tico es inherente en la pr\u00e1ctica de las relaciones p\u00fablicas, donde los valores \u00e9ticos como la honestidad, veracidad, respeto, integridad, imparcialidad y la comunicaci\u00f3n abierta han sido, tradicionalmente, esenciales para un buen ejercicio. Es importante que quienes formamos parte de esta industria practiquemos y defendamos estos valores, incluso ante los nuevos desaf\u00edos, y trabajemos para convertirnos en una fuente confiable de asesoramiento para nuestras organizaciones o clientes.<\/p>\n\n\n\n<p>Si somos conscientes, la mayor\u00eda de la informaci\u00f3n acerca de la IA generativa, gira en torno a sus ventajas y beneficios, pero pocos est\u00e1n enfocando su atenci\u00f3n a las&nbsp;<strong><a href=\"https:\/\/soy.marketing\/es-la-ia-el-mayor-enemigo-o-el-mejor-amigo-de-la-humanidad\/\" target=\"_blank\" rel=\"noreferrer noopener\">desventajas y riesgos<\/a><\/strong>&nbsp;que puede representar, como en la confidencialidad de la informaci\u00f3n de los clientes, ya que los datos que se ingresan en estas herramientas, a menudo se almacenan para el entrenamiento de los modelos o algoritmos de IA. Si no somos cuidadosos al interact\u00faan con estas soluciones, podr\u00edamos exponer f\u00e1cilmente datos empresariales \u201csensibles\u201d y patentados que comprometer\u00edan la confidencialidad.<\/p>\n\n\n\n<p>Otro tema clave a considerar en RP, tiene que ver con los derechos de autor, ya que los modelos de IA se entrenan a partir de cantidades masivas de datos de varias fuentes, que se utilizan para generar un resultado a nuestra consulta. El problema es que el producto final, ya sea un contenido escrito o audiovisual, puede incluir elementos del trabajo de alguien m\u00e1s, a quien nosotros, sin saberlo, no estar\u00edamos dando cr\u00e9dito.<\/p>\n\n\n\n<h2 class=\"wp-block-heading\"><span class=\"ez-toc-section\" id=\"Pautas_para_un_uso_responsable_de_IA_en_RP\"><\/span>Pautas para un uso responsable de IA en RP<span class=\"ez-toc-section-end\"><\/span><\/h2>\n\n\n\n<p>Los profesionales de relaciones p\u00fablicas tenemos un compromiso en la\u00a0<a href=\"https:\/\/infosol.com.mx\/wordpress\/5-formas-de-construir-la-confianza-con-relaciones-publicas\/?utm_source=Articulo&amp;utm_medium=generacion+de+confianza&amp;utm_campaign=Relaciones+Publicas+InfoSol\" target=\"_blank\" rel=\"noreferrer noopener\"><strong>generaci\u00f3n de confianza<\/strong><\/a>, por lo tanto, debemos asumir una responsabilidad \u00e9tica con nuestra propia organizaci\u00f3n, con nuestros clientes y con todos nuestros\u00a0<em>stakeholders<\/em>. Esto incluye el uso de herramientas de IA generativa que, debido a su funcionamiento y bajo un uso inadecuado, podr\u00edan generar riesgos que resulten en la p\u00e9rdida de confianza.<\/p>\n\n\n\n<p>\u00bfQu\u00e9 considerar para operar estas herramientas de forma \u00e9tica? Desde mi punto de vista, considero que es importante establecer pautas o pol\u00edticas que garanticen un uso responsable. Sin importar si se trata de un \u00e1rea interna dedicada a RP en una organizaci\u00f3n, una agencia de relaciones p\u00fablicas o un profesional independiente, estos consejos pueden ayudarnos a establecer nuestro manual o gu\u00eda de mejores pr\u00e1cticas.<\/p>\n\n\n\n<p>Primero, es importante priorizar la transparencia en el uso de la IA generativa, es decir, luego de definir claramente c\u00f3mo estaremos utilizando las herramientas, debemos comunicarlo a la organizaci\u00f3n o a nuestros clientes. Esto ayudar\u00e1 a dar transparencia en su uso, evitando generar dudas en nuestros clientes.<\/p>\n\n\n\n<p>Por otro lado, es crucial mantener la confidencialidad de la informaci\u00f3n sensible de nuestra empresa o clientes. Recuerda que la IA generativa es propiedad de empresas privadas, las cuales pueden utilizar la informaci\u00f3n que ingresamos en las consultas, para alimentar sus algoritmos. Por esta raz\u00f3n, debemos ser cuidadosos con los datos que ingresamos.<\/p>\n\n\n\n<p>Otra recomendaci\u00f3n es verificar siempre toda la informaci\u00f3n y los datos que nos generan las herramientas de IA, ya que la informaci\u00f3n puede ser incorrecta, falsa o sesgada. Por esto, te sugiero nunca dar credibilidad absoluta a la informaci\u00f3n que te proporcione; lo mejor es verificar los datos acudiendo a las fuentes originales.<\/p>\n\n\n\n<p>Un cuarto punto es tener una clara conciencia acerca de los l\u00edmites de la IA. Si bien es cierto que los resultados a las consultas pueden verse aceptables a simple vista; estos pueden carecer de contexto, creatividad, autenticidad y pensamiento cr\u00edtico, capacidades propias de los seres humanos. Bajo este paraguas, considero que estas plataformas no deben ser utilizadas de forma indiscriminada en RP, m\u00e1s bien, deben ser aprovechadas para estimular la creatividad y agilizar el proceso de generaci\u00f3n de ideas.<\/p>\n\n\n\n<p>Evidentemente, la IA es una tecnolog\u00eda que ha llegado para optimizar y agilizar las tareas de relaciones p\u00fablicas; sin embargo, no reemplaza las habilidades cognitivas y el talento propio del ser humano. As\u00ed mismo, su uso en RP, como en cualquier otra industria, debe garantizar la trasparencia, confidencialidad, veracidad y uso \u00e9tico.<\/p>\n\n\n\n<p>Este contenido apareci\u00f3 por&nbsp; primera vez en <a href=\"https:\/\/soy.marketing\/hacia-un-uso-etico-de-la-ia-en-las-relaciones-publicas\/\" target=\"_blank\" rel=\"noopener\"><strong>Soy Marketing<\/strong><\/a>.<\/p>\n\n\n\n<p>Conoce m\u00e1s contenido del autor en <a href=\"https:\/\/soy.marketing\/columnista\/hector-meza\/\" target=\"_blank\" rel=\"noreferrer noopener\"><strong>Soy Marketing<\/strong><\/a>.<\/p>\n","protected":false},"excerpt":{"rendered":"<p>Uso \u00e9tico y responsable  de la inteligencia artificial (IA) en relaciones p\u00fablicas (RP).<\/p>\n","protected":false},"author":2,"featured_media":21558,"comment_status":"open","ping_status":"closed","sticky":false,"template":"","format":"standard","meta":{"_et_pb_use_builder":"","_et_pb_old_content":"","_et_gb_content_width":"","content-type":"","_joinchat":[],"footnotes":""},"categories":[34],"tags":[2560,2905],"class_list":["post-16513","post","type-post","status-publish","format-standard","has-post-thumbnail","hentry","category-relaciones-publicas","tag-uso-etico-de-la-ia","tag-articulos"],"yoast_head":"<!-- This site is optimized with the Yoast SEO plugin v27.2 - https:\/\/yoast.com\/product\/yoast-seo-wordpress\/ -->\n<title>Hacia un uso \u00e9tico de la IA en las relaciones p\u00fablicas - Charlas de Caf\u00e9 de Comunicaci\u00f3n y Otras Pasiones<\/title>\n<meta name=\"description\" content=\"Uso \u00e9tico y responsable de la inteligencia artificial (IA) en relaciones p\u00fablicas (RP)\" \/>\n<meta name=\"robots\" content=\"index, follow, max-snippet:-1, max-image-preview:large, max-video-preview:-1\" \/>\n<link rel=\"canonical\" href=\"https:\/\/infosol.com.mx\/wordpress\/hacia-un-uso-etico-de-la-ia-en-las-relaciones-publicas\/\" \/>\n<meta property=\"og:locale\" content=\"es_ES\" \/>\n<meta property=\"og:type\" content=\"article\" \/>\n<meta property=\"og:title\" content=\"Hacia un uso \u00e9tico de la IA en las relaciones p\u00fablicas\" \/>\n<meta property=\"og:description\" content=\"Uso \u00e9tico y responsable de la inteligencia artificial (IA) en relaciones p\u00fablicas (RP)\" \/>\n<meta property=\"og:url\" content=\"https:\/\/infosol.com.mx\/wordpress\/hacia-un-uso-etico-de-la-ia-en-las-relaciones-publicas\/\" \/>\n<meta property=\"og:site_name\" content=\"Charlas de Caf\u00e9 de Comunicaci\u00f3n y Otras Pasiones\" \/>\n<meta property=\"article:publisher\" content=\"https:\/\/www.facebook.com\/infosol\/\" \/>\n<meta property=\"article:author\" content=\"https:\/\/www.facebook.com\/HectorM.MezaC?ref=br_rs_WyJrZXl3b3Jkc191c2VycyJd\" \/>\n<meta property=\"article:published_time\" content=\"2023-08-02T17:07:00+00:00\" \/>\n<meta property=\"article:modified_time\" content=\"2025-07-30T20:24:16+00:00\" \/>\n<meta property=\"og:image\" content=\"https:\/\/infosol.com.mx\/wordpress\/wp-content\/uploads\/hacia-un-uso-etico-de-la-ia-en-las-relaciones-publicas.webp\" \/>\n\t<meta property=\"og:image:width\" content=\"1200\" \/>\n\t<meta property=\"og:image:height\" content=\"675\" \/>\n\t<meta property=\"og:image:type\" content=\"image\/webp\" \/>\n<meta name=\"author\" content=\"H\u00e9ctor M. Meza\" \/>\n<meta name=\"twitter:card\" content=\"summary_large_image\" \/>\n<meta name=\"twitter:title\" content=\"Hacia un uso \u00e9tico de la IA en las relaciones p\u00fablicas\" \/>\n<meta name=\"twitter:description\" content=\"Uso \u00e9tico y responsable de la inteligencia artificial (IA) en relaciones p\u00fablicas (RP)\" \/>\n<meta name=\"twitter:image\" content=\"https:\/\/infosol.com.mx\/wordpress\/wp-content\/uploads\/hacia-un-uso-etico-de-la-ia-en-las-relaciones-publicas.webp\" \/>\n<meta name=\"twitter:creator\" content=\"@https:\/\/twitter.com\/HectorMezaC\" \/>\n<meta name=\"twitter:site\" content=\"@EspacioInfoSol\" \/>\n<meta name=\"twitter:label1\" content=\"Escrito por\" \/>\n\t<meta name=\"twitter:data1\" content=\"H\u00e9ctor M. Meza\" \/>\n\t<meta name=\"twitter:label2\" content=\"Tiempo de lectura\" \/>\n\t<meta name=\"twitter:data2\" content=\"5 minutos\" \/>\n<script type=\"application\/ld+json\" class=\"yoast-schema-graph\">{\"@context\":\"https:\/\/schema.org\",\"@graph\":[{\"@type\":[\"Article\",\"BlogPosting\"],\"@id\":\"https:\/\/infosol.com.mx\/wordpress\/hacia-un-uso-etico-de-la-ia-en-las-relaciones-publicas\/#article\",\"isPartOf\":{\"@id\":\"https:\/\/infosol.com.mx\/wordpress\/hacia-un-uso-etico-de-la-ia-en-las-relaciones-publicas\/\"},\"author\":{\"name\":\"H\u00e9ctor M. Meza\",\"@id\":\"https:\/\/infosol.com.mx\/wordpress\/#\/schema\/person\/bb70f136abbd7e36b1f997a14c53ac3a\"},\"headline\":\"Hacia un uso \u00e9tico de la IA en las relaciones p\u00fablicas\",\"datePublished\":\"2023-08-02T17:07:00+00:00\",\"dateModified\":\"2025-07-30T20:24:16+00:00\",\"mainEntityOfPage\":{\"@id\":\"https:\/\/infosol.com.mx\/wordpress\/hacia-un-uso-etico-de-la-ia-en-las-relaciones-publicas\/\"},\"wordCount\":908,\"commentCount\":0,\"publisher\":{\"@id\":\"https:\/\/infosol.com.mx\/wordpress\/#organization\"},\"image\":{\"@id\":\"https:\/\/infosol.com.mx\/wordpress\/hacia-un-uso-etico-de-la-ia-en-las-relaciones-publicas\/#primaryimage\"},\"thumbnailUrl\":\"https:\/\/infosol.com.mx\/wordpress\/wp-content\/uploads\/hacia-un-uso-etico-de-la-ia-en-las-relaciones-publicas-1.webp\",\"keywords\":[\"uso \u00e9tico de la IA\",\"Art\u00edculos\"],\"articleSection\":[\"Relaciones P\u00fablicas\"],\"inLanguage\":\"es\",\"potentialAction\":[{\"@type\":\"CommentAction\",\"name\":\"Comment\",\"target\":[\"https:\/\/infosol.com.mx\/wordpress\/hacia-un-uso-etico-de-la-ia-en-las-relaciones-publicas\/#respond\"]}]},{\"@type\":[\"WebPage\",\"ItemPage\"],\"@id\":\"https:\/\/infosol.com.mx\/wordpress\/hacia-un-uso-etico-de-la-ia-en-las-relaciones-publicas\/\",\"url\":\"https:\/\/infosol.com.mx\/wordpress\/hacia-un-uso-etico-de-la-ia-en-las-relaciones-publicas\/\",\"name\":\"Hacia un uso \u00e9tico de la IA en las relaciones p\u00fablicas - Charlas de Caf\u00e9 de Comunicaci\u00f3n y Otras Pasiones\",\"isPartOf\":{\"@id\":\"https:\/\/infosol.com.mx\/wordpress\/#website\"},\"primaryImageOfPage\":{\"@id\":\"https:\/\/infosol.com.mx\/wordpress\/hacia-un-uso-etico-de-la-ia-en-las-relaciones-publicas\/#primaryimage\"},\"image\":{\"@id\":\"https:\/\/infosol.com.mx\/wordpress\/hacia-un-uso-etico-de-la-ia-en-las-relaciones-publicas\/#primaryimage\"},\"thumbnailUrl\":\"https:\/\/infosol.com.mx\/wordpress\/wp-content\/uploads\/hacia-un-uso-etico-de-la-ia-en-las-relaciones-publicas-1.webp\",\"datePublished\":\"2023-08-02T17:07:00+00:00\",\"dateModified\":\"2025-07-30T20:24:16+00:00\",\"description\":\"Uso \u00e9tico y responsable de la inteligencia artificial (IA) en relaciones p\u00fablicas (RP)\",\"breadcrumb\":{\"@id\":\"https:\/\/infosol.com.mx\/wordpress\/hacia-un-uso-etico-de-la-ia-en-las-relaciones-publicas\/#breadcrumb\"},\"inLanguage\":\"es\",\"potentialAction\":[{\"@type\":\"ReadAction\",\"target\":[\"https:\/\/infosol.com.mx\/wordpress\/hacia-un-uso-etico-de-la-ia-en-las-relaciones-publicas\/\"]}]},{\"@type\":\"ImageObject\",\"inLanguage\":\"es\",\"@id\":\"https:\/\/infosol.com.mx\/wordpress\/hacia-un-uso-etico-de-la-ia-en-las-relaciones-publicas\/#primaryimage\",\"url\":\"https:\/\/infosol.com.mx\/wordpress\/wp-content\/uploads\/hacia-un-uso-etico-de-la-ia-en-las-relaciones-publicas-1.webp\",\"contentUrl\":\"https:\/\/infosol.com.mx\/wordpress\/wp-content\/uploads\/hacia-un-uso-etico-de-la-ia-en-las-relaciones-publicas-1.webp\",\"width\":1200,\"height\":675},{\"@type\":\"BreadcrumbList\",\"@id\":\"https:\/\/infosol.com.mx\/wordpress\/hacia-un-uso-etico-de-la-ia-en-las-relaciones-publicas\/#breadcrumb\",\"itemListElement\":[{\"@type\":\"ListItem\",\"position\":1,\"name\":\"Inicio\",\"item\":\"https:\/\/infosol.com.mx\/wordpress\/\"},{\"@type\":\"ListItem\",\"position\":2,\"name\":\"Relaciones P\u00fablicas\",\"item\":\"https:\/\/infosol.com.mx\/wordpress\/category\/relaciones-publicas\/\"},{\"@type\":\"ListItem\",\"position\":3,\"name\":\"Hacia un uso \u00e9tico de la IA en las relaciones p\u00fablicas\"}]},{\"@type\":\"WebSite\",\"@id\":\"https:\/\/infosol.com.mx\/wordpress\/#website\",\"url\":\"https:\/\/infosol.com.mx\/wordpress\/\",\"name\":\"Charlas de Caf\u00e9 de Comunicaci\u00f3n y Otras Pasiones\",\"description\":\"Comunicaci\u00f3n, Relaciones P\u00fablicas, Redes Sociales y algo m\u00e1s...\",\"publisher\":{\"@id\":\"https:\/\/infosol.com.mx\/wordpress\/#organization\"},\"potentialAction\":[{\"@type\":\"SearchAction\",\"target\":{\"@type\":\"EntryPoint\",\"urlTemplate\":\"https:\/\/infosol.com.mx\/wordpress\/?s={search_term_string}\"},\"query-input\":{\"@type\":\"PropertyValueSpecification\",\"valueRequired\":true,\"valueName\":\"search_term_string\"}}],\"inLanguage\":\"es\"},{\"@type\":\"Organization\",\"@id\":\"https:\/\/infosol.com.mx\/wordpress\/#organization\",\"name\":\"InfoSol\",\"url\":\"https:\/\/infosol.com.mx\/wordpress\/\",\"logo\":{\"@type\":\"ImageObject\",\"inLanguage\":\"es\",\"@id\":\"https:\/\/infosol.com.mx\/wordpress\/#\/schema\/logo\/image\/\",\"url\":\"https:\/\/infosol.com.mx\/wordpress\/wp-content\/uploads\/InfoSol-6.0-160x46-1.webp\",\"contentUrl\":\"https:\/\/infosol.com.mx\/wordpress\/wp-content\/uploads\/InfoSol-6.0-160x46-1.webp\",\"width\":160,\"height\":46,\"caption\":\"InfoSol\"},\"image\":{\"@id\":\"https:\/\/infosol.com.mx\/wordpress\/#\/schema\/logo\/image\/\"},\"sameAs\":[\"https:\/\/www.facebook.com\/infosol\/\",\"https:\/\/x.com\/EspacioInfoSol\",\"https:\/\/www.linkedin.com\/company\/grupoinfosol\/\",\"https:\/\/www.pinterest.com.mx\/GrupoInfoSol\/\",\"https:\/\/www.youtube.com\/user\/InfoSolMiEspacio\"]},{\"@type\":\"Person\",\"@id\":\"https:\/\/infosol.com.mx\/wordpress\/#\/schema\/person\/bb70f136abbd7e36b1f997a14c53ac3a\",\"name\":\"H\u00e9ctor M. Meza\",\"image\":{\"@type\":\"ImageObject\",\"inLanguage\":\"es\",\"@id\":\"http:\/\/infosol.com.mx\/wordpress\/wp-content\/uploads\/cropped-h-meza-96x96.png\",\"url\":\"http:\/\/infosol.com.mx\/wordpress\/wp-content\/uploads\/cropped-h-meza-96x96.png\",\"contentUrl\":\"http:\/\/infosol.com.mx\/wordpress\/wp-content\/uploads\/cropped-h-meza-96x96.png\",\"caption\":\"H\u00e9ctor M. Meza\"},\"description\":\"Director General de InfoSol. MBA, Consultor y Catedr\u00e1tico en Estrategias de Comunicaci\u00f3n Integradas a la Mercadotecnia. Fue Vicepresidente en IBM de M\u00e9xico y Presidente de Motorola para M\u00e9xico, Centroam\u00e9rica y el Caribe y VP de la Corporaci\u00f3n.\",\"sameAs\":[\"http:\/\/www.infosol.com.mx\",\"https:\/\/www.facebook.com\/HectorM.MezaC?ref=br_rs_WyJrZXl3b3Jkc191c2VycyJd\",\"https:\/\/www.linkedin.com\/in\/h\u00e9ctor-meza-curiel\/\",\"https:\/\/x.com\/https:\/\/twitter.com\/HectorMezaC\"],\"url\":\"https:\/\/infosol.com.mx\/wordpress\/author\/h-meza\/\"}]}<\/script>\n<!-- \/ Yoast SEO plugin. -->","yoast_head_json":{"title":"Hacia un uso \u00e9tico de la IA en las relaciones p\u00fablicas - Charlas de Caf\u00e9 de Comunicaci\u00f3n y Otras Pasiones","description":"Uso \u00e9tico y responsable de la inteligencia artificial (IA) en relaciones p\u00fablicas (RP)","robots":{"index":"index","follow":"follow","max-snippet":"max-snippet:-1","max-image-preview":"max-image-preview:large","max-video-preview":"max-video-preview:-1"},"canonical":"https:\/\/infosol.com.mx\/wordpress\/hacia-un-uso-etico-de-la-ia-en-las-relaciones-publicas\/","og_locale":"es_ES","og_type":"article","og_title":"Hacia un uso \u00e9tico de la IA en las relaciones p\u00fablicas","og_description":"Uso \u00e9tico y responsable de la inteligencia artificial (IA) en relaciones p\u00fablicas (RP)","og_url":"https:\/\/infosol.com.mx\/wordpress\/hacia-un-uso-etico-de-la-ia-en-las-relaciones-publicas\/","og_site_name":"Charlas de Caf\u00e9 de Comunicaci\u00f3n y Otras Pasiones","article_publisher":"https:\/\/www.facebook.com\/infosol\/","article_author":"https:\/\/www.facebook.com\/HectorM.MezaC?ref=br_rs_WyJrZXl3b3Jkc191c2VycyJd","article_published_time":"2023-08-02T17:07:00+00:00","article_modified_time":"2025-07-30T20:24:16+00:00","og_image":[{"width":1200,"height":675,"url":"https:\/\/infosol.com.mx\/wordpress\/wp-content\/uploads\/hacia-un-uso-etico-de-la-ia-en-las-relaciones-publicas.webp","type":"image\/webp"}],"author":"H\u00e9ctor M. Meza","twitter_card":"summary_large_image","twitter_title":"Hacia un uso \u00e9tico de la IA en las relaciones p\u00fablicas","twitter_description":"Uso \u00e9tico y responsable de la inteligencia artificial (IA) en relaciones p\u00fablicas (RP)","twitter_image":"https:\/\/infosol.com.mx\/wordpress\/wp-content\/uploads\/hacia-un-uso-etico-de-la-ia-en-las-relaciones-publicas.webp","twitter_creator":"@https:\/\/twitter.com\/HectorMezaC","twitter_site":"@EspacioInfoSol","twitter_misc":{"Escrito por":"H\u00e9ctor M. Meza","Tiempo de lectura":"5 minutos"},"schema":{"@context":"https:\/\/schema.org","@graph":[{"@type":["Article","BlogPosting"],"@id":"https:\/\/infosol.com.mx\/wordpress\/hacia-un-uso-etico-de-la-ia-en-las-relaciones-publicas\/#article","isPartOf":{"@id":"https:\/\/infosol.com.mx\/wordpress\/hacia-un-uso-etico-de-la-ia-en-las-relaciones-publicas\/"},"author":{"name":"H\u00e9ctor M. Meza","@id":"https:\/\/infosol.com.mx\/wordpress\/#\/schema\/person\/bb70f136abbd7e36b1f997a14c53ac3a"},"headline":"Hacia un uso \u00e9tico de la IA en las relaciones p\u00fablicas","datePublished":"2023-08-02T17:07:00+00:00","dateModified":"2025-07-30T20:24:16+00:00","mainEntityOfPage":{"@id":"https:\/\/infosol.com.mx\/wordpress\/hacia-un-uso-etico-de-la-ia-en-las-relaciones-publicas\/"},"wordCount":908,"commentCount":0,"publisher":{"@id":"https:\/\/infosol.com.mx\/wordpress\/#organization"},"image":{"@id":"https:\/\/infosol.com.mx\/wordpress\/hacia-un-uso-etico-de-la-ia-en-las-relaciones-publicas\/#primaryimage"},"thumbnailUrl":"https:\/\/infosol.com.mx\/wordpress\/wp-content\/uploads\/hacia-un-uso-etico-de-la-ia-en-las-relaciones-publicas-1.webp","keywords":["uso \u00e9tico de la IA","Art\u00edculos"],"articleSection":["Relaciones P\u00fablicas"],"inLanguage":"es","potentialAction":[{"@type":"CommentAction","name":"Comment","target":["https:\/\/infosol.com.mx\/wordpress\/hacia-un-uso-etico-de-la-ia-en-las-relaciones-publicas\/#respond"]}]},{"@type":["WebPage","ItemPage"],"@id":"https:\/\/infosol.com.mx\/wordpress\/hacia-un-uso-etico-de-la-ia-en-las-relaciones-publicas\/","url":"https:\/\/infosol.com.mx\/wordpress\/hacia-un-uso-etico-de-la-ia-en-las-relaciones-publicas\/","name":"Hacia un uso \u00e9tico de la IA en las relaciones p\u00fablicas - Charlas de Caf\u00e9 de Comunicaci\u00f3n y Otras Pasiones","isPartOf":{"@id":"https:\/\/infosol.com.mx\/wordpress\/#website"},"primaryImageOfPage":{"@id":"https:\/\/infosol.com.mx\/wordpress\/hacia-un-uso-etico-de-la-ia-en-las-relaciones-publicas\/#primaryimage"},"image":{"@id":"https:\/\/infosol.com.mx\/wordpress\/hacia-un-uso-etico-de-la-ia-en-las-relaciones-publicas\/#primaryimage"},"thumbnailUrl":"https:\/\/infosol.com.mx\/wordpress\/wp-content\/uploads\/hacia-un-uso-etico-de-la-ia-en-las-relaciones-publicas-1.webp","datePublished":"2023-08-02T17:07:00+00:00","dateModified":"2025-07-30T20:24:16+00:00","description":"Uso \u00e9tico y responsable de la inteligencia artificial (IA) en relaciones p\u00fablicas (RP)","breadcrumb":{"@id":"https:\/\/infosol.com.mx\/wordpress\/hacia-un-uso-etico-de-la-ia-en-las-relaciones-publicas\/#breadcrumb"},"inLanguage":"es","potentialAction":[{"@type":"ReadAction","target":["https:\/\/infosol.com.mx\/wordpress\/hacia-un-uso-etico-de-la-ia-en-las-relaciones-publicas\/"]}]},{"@type":"ImageObject","inLanguage":"es","@id":"https:\/\/infosol.com.mx\/wordpress\/hacia-un-uso-etico-de-la-ia-en-las-relaciones-publicas\/#primaryimage","url":"https:\/\/infosol.com.mx\/wordpress\/wp-content\/uploads\/hacia-un-uso-etico-de-la-ia-en-las-relaciones-publicas-1.webp","contentUrl":"https:\/\/infosol.com.mx\/wordpress\/wp-content\/uploads\/hacia-un-uso-etico-de-la-ia-en-las-relaciones-publicas-1.webp","width":1200,"height":675},{"@type":"BreadcrumbList","@id":"https:\/\/infosol.com.mx\/wordpress\/hacia-un-uso-etico-de-la-ia-en-las-relaciones-publicas\/#breadcrumb","itemListElement":[{"@type":"ListItem","position":1,"name":"Inicio","item":"https:\/\/infosol.com.mx\/wordpress\/"},{"@type":"ListItem","position":2,"name":"Relaciones P\u00fablicas","item":"https:\/\/infosol.com.mx\/wordpress\/category\/relaciones-publicas\/"},{"@type":"ListItem","position":3,"name":"Hacia un uso \u00e9tico de la IA en las relaciones p\u00fablicas"}]},{"@type":"WebSite","@id":"https:\/\/infosol.com.mx\/wordpress\/#website","url":"https:\/\/infosol.com.mx\/wordpress\/","name":"Charlas de Caf\u00e9 de Comunicaci\u00f3n y Otras Pasiones","description":"Comunicaci\u00f3n, Relaciones P\u00fablicas, Redes Sociales y algo m\u00e1s...","publisher":{"@id":"https:\/\/infosol.com.mx\/wordpress\/#organization"},"potentialAction":[{"@type":"SearchAction","target":{"@type":"EntryPoint","urlTemplate":"https:\/\/infosol.com.mx\/wordpress\/?s={search_term_string}"},"query-input":{"@type":"PropertyValueSpecification","valueRequired":true,"valueName":"search_term_string"}}],"inLanguage":"es"},{"@type":"Organization","@id":"https:\/\/infosol.com.mx\/wordpress\/#organization","name":"InfoSol","url":"https:\/\/infosol.com.mx\/wordpress\/","logo":{"@type":"ImageObject","inLanguage":"es","@id":"https:\/\/infosol.com.mx\/wordpress\/#\/schema\/logo\/image\/","url":"https:\/\/infosol.com.mx\/wordpress\/wp-content\/uploads\/InfoSol-6.0-160x46-1.webp","contentUrl":"https:\/\/infosol.com.mx\/wordpress\/wp-content\/uploads\/InfoSol-6.0-160x46-1.webp","width":160,"height":46,"caption":"InfoSol"},"image":{"@id":"https:\/\/infosol.com.mx\/wordpress\/#\/schema\/logo\/image\/"},"sameAs":["https:\/\/www.facebook.com\/infosol\/","https:\/\/x.com\/EspacioInfoSol","https:\/\/www.linkedin.com\/company\/grupoinfosol\/","https:\/\/www.pinterest.com.mx\/GrupoInfoSol\/","https:\/\/www.youtube.com\/user\/InfoSolMiEspacio"]},{"@type":"Person","@id":"https:\/\/infosol.com.mx\/wordpress\/#\/schema\/person\/bb70f136abbd7e36b1f997a14c53ac3a","name":"H\u00e9ctor M. Meza","image":{"@type":"ImageObject","inLanguage":"es","@id":"http:\/\/infosol.com.mx\/wordpress\/wp-content\/uploads\/cropped-h-meza-96x96.png","url":"http:\/\/infosol.com.mx\/wordpress\/wp-content\/uploads\/cropped-h-meza-96x96.png","contentUrl":"http:\/\/infosol.com.mx\/wordpress\/wp-content\/uploads\/cropped-h-meza-96x96.png","caption":"H\u00e9ctor M. Meza"},"description":"Director General de InfoSol. MBA, Consultor y Catedr\u00e1tico en Estrategias de Comunicaci\u00f3n Integradas a la Mercadotecnia. Fue Vicepresidente en IBM de M\u00e9xico y Presidente de Motorola para M\u00e9xico, Centroam\u00e9rica y el Caribe y VP de la Corporaci\u00f3n.","sameAs":["http:\/\/www.infosol.com.mx","https:\/\/www.facebook.com\/HectorM.MezaC?ref=br_rs_WyJrZXl3b3Jkc191c2VycyJd","https:\/\/www.linkedin.com\/in\/h\u00e9ctor-meza-curiel\/","https:\/\/x.com\/https:\/\/twitter.com\/HectorMezaC"],"url":"https:\/\/infosol.com.mx\/wordpress\/author\/h-meza\/"}]}},"_links":{"self":[{"href":"https:\/\/infosol.com.mx\/wordpress\/wp-json\/wp\/v2\/posts\/16513","targetHints":{"allow":["GET"]}}],"collection":[{"href":"https:\/\/infosol.com.mx\/wordpress\/wp-json\/wp\/v2\/posts"}],"about":[{"href":"https:\/\/infosol.com.mx\/wordpress\/wp-json\/wp\/v2\/types\/post"}],"author":[{"embeddable":true,"href":"https:\/\/infosol.com.mx\/wordpress\/wp-json\/wp\/v2\/users\/2"}],"replies":[{"embeddable":true,"href":"https:\/\/infosol.com.mx\/wordpress\/wp-json\/wp\/v2\/comments?post=16513"}],"version-history":[{"count":14,"href":"https:\/\/infosol.com.mx\/wordpress\/wp-json\/wp\/v2\/posts\/16513\/revisions"}],"predecessor-version":[{"id":240777,"href":"https:\/\/infosol.com.mx\/wordpress\/wp-json\/wp\/v2\/posts\/16513\/revisions\/240777"}],"wp:featuredmedia":[{"embeddable":true,"href":"https:\/\/infosol.com.mx\/wordpress\/wp-json\/wp\/v2\/media\/21558"}],"wp:attachment":[{"href":"https:\/\/infosol.com.mx\/wordpress\/wp-json\/wp\/v2\/media?parent=16513"}],"wp:term":[{"taxonomy":"category","embeddable":true,"href":"https:\/\/infosol.com.mx\/wordpress\/wp-json\/wp\/v2\/categories?post=16513"},{"taxonomy":"post_tag","embeddable":true,"href":"https:\/\/infosol.com.mx\/wordpress\/wp-json\/wp\/v2\/tags?post=16513"}],"curies":[{"name":"wp","href":"https:\/\/api.w.org\/{rel}","templated":true}]}}