{"id":12705,"date":"2022-12-13T11:02:36","date_gmt":"2022-12-13T17:02:36","guid":{"rendered":"http:\/\/infosol.com.mx\/wordpress\/?p=12705"},"modified":"2025-09-12T15:06:18","modified_gmt":"2025-09-12T21:06:18","slug":"neuroliderazgo-promover-el-bienestar-de-los-colaboradores-y-gestionar-la-diversidad","status":"publish","type":"post","link":"https:\/\/infosol.com.mx\/wordpress\/neuroliderazgo-promover-el-bienestar-de-los-colaboradores-y-gestionar-la-diversidad\/","title":{"rendered":"Neuroliderazgo: Promover el bienestar de los colaboradores y gestionar la diversidad"},"content":{"rendered":"<p>[et_pb_section fb_built=\u00bb1&#8243; _builder_version=\u00bb4.16&#8243; global_colors_info=\u00bb{}\u00bb theme_builder_area=\u00bbpost_content\u00bb][et_pb_row _builder_version=\u00bb4.16&#8243; background_size=\u00bbinitial\u00bb background_position=\u00bbtop_left\u00bb background_repeat=\u00bbrepeat\u00bb global_colors_info=\u00bb{}\u00bb theme_builder_area=\u00bbpost_content\u00bb][et_pb_column type=\u00bb4_4&#8243; _builder_version=\u00bb4.16&#8243; custom_padding=\u00bb|||\u00bb global_colors_info=\u00bb{}\u00bb custom_padding__hover=\u00bb|||\u00bb theme_builder_area=\u00bbpost_content\u00bb][et_pb_text _builder_version=\u00bb4.27.4&#8243; background_size=\u00bbinitial\u00bb background_position=\u00bbtop_left\u00bb background_repeat=\u00bbrepeat\u00bb hover_enabled=\u00bb0&#8243; global_colors_info=\u00bb{}\u00bb theme_builder_area=\u00bbpost_content\u00bb custom_css_main_element=\u00bbh2 a {font-size: 2.75rem !important;}\u00bb sticky_enabled=\u00bb0&#8243;]A menudo escuchamos la frase <em>\u201cCada cabeza es un mundo\u201d <\/em>y entendemos la alusi\u00f3n, pero hoy quiero ahondar m\u00e1s en ello. Todos tenemos pensamientos, experiencias, un sistema de creencias y procesos qu\u00edmicos que componen nuestra mente y nos ayudan a desarrollarnos como seres humanos en sociedad. Se dice que cada cabeza es un mundo, debido que tenemos aproximadamente 60,000 pensamientos al d\u00eda seg\u00fan la Sociedad Espa\u00f1ola de Medicina y es as\u00ed como construimos nuestra perspectiva de la realidad y la forma en la que nos desenvolvemos en las distintas actividades y \u00e1reas de la vida.<\/p>\n<p>Al reconocer esa individualidad es necesario implementar las <strong>neurociencias en las organizaciones<\/strong>, ya que a trav\u00e9s del <strong>neuroliderazgo<\/strong>, los l\u00edderes pueden entender el funcionamiento del cerebro y adaptar sus mentes para enfrentar los \u00faltimos retos (liderazgo inclusivo, gesti\u00f3n multigeneracional, conexi\u00f3n emocional, etc.) Para desarrollar <a href=\"https:\/\/infosol.com.mx\/wordpress\/ensenanzas-de-resiliencia-y-liderazgo-inspiradas-en-la-vida-de-frida-kahlo\/\" target=\"_blank\" rel=\"noreferrer noopener\">un mejor liderazgo y resiliencia<\/a><a href=\"https:\/\/infosol.com.mx\/wordpress\/ensenanzas-de-resiliencia-y-liderazgo-inspiradas-en-la-vida-de-frida-kahlo\/\">.<\/a><\/p>\n<p>Algunos de los conceptos utilizados en <strong>neurociencia aplicados al liderazgo en las organizaciones<\/strong>, son la inteligencia emocional y la neuroplasticidad (capacidad de cambiar y reasignar la mente); pero \u00bfc\u00f3mo se conjugan la neurociencia y el liderazgo para el beneficio del l\u00edder y las organizaciones de hoy?<\/p>\n<p>A continuaci\u00f3n te muestro en mi opini\u00f3n, tres <strong>aplicaciones de las neurociencia para mejorar el liderazgo y la cultura organizacional.<\/strong><\/p>\n<div id=\"ez-toc-container\" class=\"ez-toc-v2_0_82_2 counter-hierarchy ez-toc-counter ez-toc-custom ez-toc-container-direction\">\n<span class=\"ez-toc-title\" style=\"cursor:inherit\">\u00cdndice de Contenidos<\/span>\n<label for=\"ez-toc-cssicon-toggle-item-69ef21418edfc\" class=\"ez-toc-cssicon-toggle-label\"><span class=\"ez-toc-cssicon\"><span class=\"eztoc-hide\" style=\"display:none;\">Toggle<\/span><span class=\"ez-toc-icon-toggle-span\"><svg style=\"fill: #081116;color:#081116\" xmlns=\"http:\/\/www.w3.org\/2000\/svg\" class=\"list-377408\" width=\"20px\" height=\"20px\" viewBox=\"0 0 24 24\" fill=\"none\"><path d=\"M6 6H4v2h2V6zm14 0H8v2h12V6zM4 11h2v2H4v-2zm16 0H8v2h12v-2zM4 16h2v2H4v-2zm16 0H8v2h12v-2z\" fill=\"currentColor\"><\/path><\/svg><svg style=\"fill: #081116;color:#081116\" class=\"arrow-unsorted-368013\" xmlns=\"http:\/\/www.w3.org\/2000\/svg\" width=\"10px\" height=\"10px\" viewBox=\"0 0 24 24\" version=\"1.2\" baseProfile=\"tiny\"><path d=\"M18.2 9.3l-6.2-6.3-6.2 6.3c-.2.2-.3.4-.3.7s.1.5.3.7c.2.2.4.3.7.3h11c.3 0 .5-.1.7-.3.2-.2.3-.5.3-.7s-.1-.5-.3-.7zM5.8 14.7l6.2 6.3 6.2-6.3c.2-.2.3-.5.3-.7s-.1-.5-.3-.7c-.2-.2-.4-.3-.7-.3h-11c-.3 0-.5.1-.7.3-.2.2-.3.5-.3.7s.1.5.3.7z\"\/><\/svg><\/span><\/span><\/label><input type=\"checkbox\"  id=\"ez-toc-cssicon-toggle-item-69ef21418edfc\"  aria-label=\"Alternar\" \/><nav><ul class='ez-toc-list ez-toc-list-level-1 ' ><li class='ez-toc-page-1 ez-toc-heading-level-2'><a class=\"ez-toc-link ez-toc-heading-1\" href=\"https:\/\/infosol.com.mx\/wordpress\/neuroliderazgo-promover-el-bienestar-de-los-colaboradores-y-gestionar-la-diversidad\/#Bienestar_empresarial\" >Bienestar empresarial<\/a><\/li><li class='ez-toc-page-1 ez-toc-heading-level-2'><a class=\"ez-toc-link ez-toc-heading-2\" href=\"https:\/\/infosol.com.mx\/wordpress\/neuroliderazgo-promover-el-bienestar-de-los-colaboradores-y-gestionar-la-diversidad\/#Conciencia_y_conexion\" >Conciencia y conexi\u00f3n<\/a><\/li><li class='ez-toc-page-1 ez-toc-heading-level-2'><a class=\"ez-toc-link ez-toc-heading-3\" href=\"https:\/\/infosol.com.mx\/wordpress\/neuroliderazgo-promover-el-bienestar-de-los-colaboradores-y-gestionar-la-diversidad\/#Regulacion-_Inteligencia_emocional\" >Regulaci\u00f3n- Inteligencia emocional<\/a><\/li><\/ul><\/nav><\/div>\n<h2 class=\"wp-block-heading\"><span class=\"ez-toc-section\" id=\"Bienestar_empresarial\"><\/span>Bienestar empresarial<span class=\"ez-toc-section-end\"><\/span><\/h2>\n<p><em>El informe Talent Trends 2021 de Randstad Sourceright se\u00f1ala que la salud y el bienestar se encuentran en el top de las prioridades en la gesti\u00f3n de talento<\/em>, la neurociencia del bienestar en el liderazgo, brinda un plan de acciones orientadas a la mejora del estado del colaborador desde varios \u00e1ngulos (f\u00edsica, mental y emocional). De esta forma se puede comprender sus necesidades (tiempo para sus actividades laborales y personales, reconocimiento de sus emociones y conexi\u00f3n emocional) para la mejora de su desempe\u00f1o, compromiso y trabajo en equipo.<\/p>\n<h2 class=\"wp-block-heading\"><span class=\"ez-toc-section\" id=\"Conciencia_y_conexion\"><\/span>Conciencia y <a href=\"https:\/\/infosol.com.mx\/wordpress\/conexion-emocional-la-forma-de-aumentar-el-compromiso-de-los-empleados\/\" target=\"_blank\" rel=\"noopener\">conexi\u00f3n<\/a><span class=\"ez-toc-section-end\"><\/span><\/h2>\n<p>La conciencia en el neuroliderazgo apela al reconocimiento de los l\u00edderes sobre sus emociones y frustraciones, a la mejora en la observaci\u00f3n del entorno y al uso de refuerzos positivos en la organizaci\u00f3n. La neurociencia explica que el cerebro acelera el proceso de aprendizaje al recibir un est\u00edmulo positivo; as\u00ed que podemos conectar con los colaboradores mediante una palabra de aliento y\/o una sesi\u00f3n de retroalimentaci\u00f3n, as\u00ed como mejorar el rendimiento del equipo y la organizaci\u00f3n \u00a0mediante un mapeo constante del talento y \u00e1reas de oportunidad.<\/p>\n<h2 class=\"wp-block-heading\"><span class=\"ez-toc-section\" id=\"Regulacion-_Inteligencia_emocional\"><\/span><a href=\"https:\/\/infosol.com.mx\/wordpress\/importancia-de-la-inteligencia-emocional-en-el-liderazgo-del-futuro\/\" target=\"_blank\" rel=\"noreferrer noopener\">Regulaci\u00f3n- Inteligencia emocional<\/a><span class=\"ez-toc-section-end\"><\/span><\/h2>\n<p>La verdadera transformaci\u00f3n ocurre en el nivel emocional, no en el nivel racional.\u00a0Comprender y aprovechar las emociones que se experimentan, impulsa la efectividad de los l\u00edderes, ya que contextualizar los sentipensares personales y generales en la organizaci\u00f3n ayuda a la toma de decisiones objetivas y menos impulsivas que pudieran debilitar la conexi\u00f3n y rendimiento de los colaboradores.<\/p>\n<p>El l\u00edder de hoy es un l\u00edder visionario que busca resolver problemas complejos dentro y fuera de la organizaci\u00f3n, por un lado debe tomar el tim\u00f3n de la marca y librarla de aguas turbulentas para llevarlas al \u00e9xito; y por otro, debe mantener el orden y progreso en la tripulaci\u00f3n. Es as\u00ed como la neurociencia entra en el juego para ense\u00f1arnos a buscar ese equilibrio e impulso.<\/p>\n<p>Este contenido apareci\u00f3 por primera vez en <strong><a href=\"https:\/\/www.informabtl.com\/neuroliderazgo-que-es\/\" target=\"_blank\" rel=\"noreferrer noopener\">InformaBTL<\/a><\/strong>.<\/p>\n<p>Conoce m\u00e1s contenido del autor en <strong><a href=\"https:\/\/www.informabtl.com\/author\/hector-meza\/\" target=\"_blank\" rel=\"noreferrer noopener\">InformaBTL<\/a><\/strong>.[\/et_pb_text][\/et_pb_column][\/et_pb_row][\/et_pb_section]<\/p>\n","protected":false},"excerpt":{"rendered":"<p>Neuroliderazgo como aplicaci\u00f3n de la neurociencia en las organizaciones para mejorar el liderazgo de pensamiento y la cultura organizacional.<\/p>\n","protected":false},"author":2,"featured_media":17601,"comment_status":"open","ping_status":"open","sticky":false,"template":"","format":"standard","meta":{"_et_pb_use_builder":"on","_et_pb_old_content":"<!-- wp:paragraph -->\n<p>A menudo escuchamos la frase <em>\u201cCada cabeza es un mundo\u201d <\/em>y entendemos la alusi\u00f3n, pero hoy quiero ahondar m\u00e1s en ello. Todos tenemos pensamientos, experiencias, un sistema de creencias y procesos qu\u00edmicos que componen nuestra mente y nos ayudan a desarrollarnos como seres humanos en sociedad. Se dice que cada cabeza es un mundo, debido que tenemos aproximadamente 60,000 pensamientos al d\u00eda seg\u00fan la Sociedad Espa\u00f1ola de Medicina y es as\u00ed como construimos nuestra perspectiva de la realidad y la forma en la que nos desenvolvemos en las distintas actividades y \u00e1reas de la vida.<\/p>\n<!-- \/wp:paragraph -->\n\n<!-- wp:paragraph {\"className\":\"h2 a {font-size: 2.75rem !important;}\"} -->\n<p class=\"h2 a {font-size: 2.75rem !important;}\">Al reconocer esa individualidad es necesario implementar las <strong>neurociencias en las organizaciones<\/strong>, ya que a trav\u00e9s del <strong>neuroliderazgo<\/strong>, los l\u00edderes pueden entender el funcionamiento del cerebro y adaptar sus mentes para enfrentar los \u00faltimos retos (liderazgo inclusivo, gesti\u00f3n multigeneracional, conexi\u00f3n emocional, etc.) Para desarrollar <a href=\"http:\/\/infosol.com.mx\/wordpress\/ensenanzas-de-resiliencia-y-liderazgo-inspiradas-en-la-vida-de-frida-kahlo\/\" target=\"_blank\" rel=\"noreferrer noopener\">un mejor liderazgo y resiliencia<\/a><a href=\"http:\/\/infosol.com.mx\/wordpress\/ensenanzas-de-resiliencia-y-liderazgo-inspiradas-en-la-vida-de-frida-kahlo\/\">.<\/a><\/p>\n<!-- \/wp:paragraph -->\n\n<!-- wp:paragraph -->\n<p>Algunos de los conceptos utilizados en <strong>neurociencia aplicados al liderazgo en las organizaciones<\/strong>, son la inteligencia emocional y la neuroplasticidad (capacidad de cambiar y reasignar la mente); pero \u00bfc\u00f3mo se conjugan la neurociencia y el liderazgo para el beneficio del l\u00edder y las organizaciones de hoy?<\/p>\n<!-- \/wp:paragraph -->\n\n<!-- wp:paragraph -->\n<p>A continuaci\u00f3n te muestro en mi opini\u00f3n, tres <strong>aplicaciones de las neurociencia para mejorar el liderazgo y la cultura organizacional.<\/strong><\/p>\n<!-- \/wp:paragraph -->\n\n<!-- wp:heading -->\n<h2 class=\"wp-block-heading\">Bienestar empresarial<\/h2>\n<!-- \/wp:heading -->\n\n<!-- wp:paragraph -->\n<p><em>El informe Talent Trends 2021 de Randstad Sourceright se\u00f1ala que la salud y el bienestar se encuentran en el top de las prioridades en la gesti\u00f3n de talento<\/em>, la neurociencia del bienestar en el liderazgo, brinda un plan de acciones orientadas a la mejora del estado del colaborador desde varios \u00e1ngulos (f\u00edsica, mental y emocional). De esta forma se puede comprender sus necesidades (tiempo para sus actividades laborales y personales, reconocimiento de sus emociones y conexi\u00f3n emocional) para la mejora de su desempe\u00f1o, compromiso y trabajo en equipo.<\/p>\n<!-- \/wp:paragraph -->\n\n<!-- wp:heading -->\n<h2 class=\"wp-block-heading\">Conciencia y <a href=\"http:\/\/infosol.com.mx\/wordpress\/conexion-emocional-la-forma-de-aumentar-el-compromiso-de-los-empleados\/\" target=\"_blank\" rel=\"noopener\">conexi\u00f3n<\/a><\/h2>\n<!-- \/wp:heading -->\n\n<!-- wp:paragraph -->\n<p>La conciencia en el neuroliderazgo apela al reconocimiento de los l\u00edderes sobre sus emociones y frustraciones, a la mejora en la observaci\u00f3n del entorno y al uso de refuerzos positivos en la organizaci\u00f3n. La neurociencia explica que el cerebro acelera el proceso de aprendizaje al recibir un est\u00edmulo positivo; as\u00ed que podemos conectar con los colaboradores mediante una palabra de aliento y\/o una sesi\u00f3n de retroalimentaci\u00f3n, as\u00ed como mejorar el rendimiento del equipo y la organizaci\u00f3n &nbsp;mediante un mapeo constante del talento y \u00e1reas de oportunidad.<\/p>\n<!-- \/wp:paragraph -->\n\n<!-- wp:heading -->\n<h2 class=\"wp-block-heading\"><a href=\"http:\/\/infosol.com.mx\/wordpress\/importancia-de-la-inteligencia-emocional-en-el-liderazgo-del-futuro\/\" target=\"_blank\" rel=\"noreferrer noopener\">Regulaci\u00f3n- Inteligencia emocional<\/a><\/h2>\n<!-- \/wp:heading -->\n\n<!-- wp:paragraph -->\n<p>La verdadera transformaci\u00f3n ocurre en el nivel emocional, no en el nivel racional.&nbsp;Comprender y aprovechar las emociones que se experimentan, impulsa la efectividad de los l\u00edderes, ya que contextualizar los sentipensares personales y generales en la organizaci\u00f3n ayuda a la toma de decisiones objetivas y menos impulsivas que pudieran debilitar la conexi\u00f3n y rendimiento de los colaboradores.<\/p>\n<!-- \/wp:paragraph -->\n\n<!-- wp:paragraph -->\n<p>El l\u00edder de hoy es un l\u00edder visionario que busca resolver problemas complejos dentro y fuera de la organizaci\u00f3n, por un lado debe tomar el tim\u00f3n de la marca y librarla de aguas turbulentas para llevarlas al \u00e9xito; y por otro, debe mantener el orden y progreso en la tripulaci\u00f3n. Es as\u00ed como la neurociencia entra en el juego para ense\u00f1arnos a buscar ese equilibrio e impulso.<\/p>\n<!-- \/wp:paragraph -->\n\n<!-- wp:paragraph -->\n<p>Este contenido apareci\u00f3 por primera vez en <strong><a href=\"https:\/\/www.informabtl.com\/neuroliderazgo-que-es\/\" target=\"_blank\" rel=\"noreferrer noopener\">InformaBTL<\/a><\/strong>.<\/p>\n<!-- \/wp:paragraph -->\n\n<!-- wp:paragraph -->\n<p>Conoce m\u00e1s contenido del autor en <strong><a href=\"https:\/\/www.informabtl.com\/author\/hector-meza\/\" target=\"_blank\" rel=\"noreferrer noopener\">InformaBTL<\/a><\/strong>.<\/p>\n<!-- \/wp:paragraph -->","_et_gb_content_width":"","content-type":"","_joinchat":[],"footnotes":""},"categories":[34],"tags":[505,1584,2102,2103,2905],"class_list":["post-12705","post","type-post","status-publish","format-standard","has-post-thumbnail","hentry","category-relaciones-publicas","tag-liderazgo-de-pensamiento","tag-cultura-organizacional","tag-neuroliderazgo","tag-neurociencia-en-las-organizaciones","tag-articulos"],"yoast_head":"<!-- This site is optimized with the Yoast SEO plugin v27.2 - https:\/\/yoast.com\/product\/yoast-seo-wordpress\/ -->\n<title>Neuroliderazgo: Promover el bienestar de los colaboradores y gestionar la diversidad - Charlas de Caf\u00e9 de Comunicaci\u00f3n y Otras Pasiones<\/title>\n<meta name=\"description\" content=\"Neuroliderazgo como aplicaci\u00f3n de la neurociencia en las organizaciones para mejorar el liderazgo de pensamiento y la cultura organizacional.\" \/>\n<meta name=\"robots\" content=\"index, follow, max-snippet:-1, max-image-preview:large, max-video-preview:-1\" \/>\n<link rel=\"canonical\" href=\"https:\/\/infosol.com.mx\/wordpress\/neuroliderazgo-promover-el-bienestar-de-los-colaboradores-y-gestionar-la-diversidad\/\" \/>\n<meta property=\"og:locale\" content=\"es_ES\" \/>\n<meta property=\"og:type\" content=\"article\" \/>\n<meta property=\"og:title\" content=\"Neuroliderazgo: Promover el bienestar de los colaboradores y gestionar la diversidad\" \/>\n<meta property=\"og:description\" content=\"Neuroliderazgo como aplicaci\u00f3n de la neurociencia en las organizaciones para mejorar el liderazgo de pensamiento y la cultura organizacional.\" \/>\n<meta property=\"og:url\" content=\"https:\/\/infosol.com.mx\/wordpress\/neuroliderazgo-promover-el-bienestar-de-los-colaboradores-y-gestionar-la-diversidad\/\" \/>\n<meta property=\"og:site_name\" content=\"Charlas de Caf\u00e9 de Comunicaci\u00f3n y Otras Pasiones\" \/>\n<meta property=\"article:publisher\" content=\"https:\/\/www.facebook.com\/infosol\/\" \/>\n<meta property=\"article:author\" content=\"https:\/\/www.facebook.com\/HectorM.MezaC?ref=br_rs_WyJrZXl3b3Jkc191c2VycyJd\" \/>\n<meta property=\"article:published_time\" content=\"2022-12-13T17:02:36+00:00\" \/>\n<meta property=\"article:modified_time\" content=\"2025-09-12T21:06:18+00:00\" \/>\n<meta property=\"og:image\" content=\"https:\/\/infosol.com.mx\/wordpress\/wp-content\/uploads\/neuroliderazgo-promover-el-bienestar-de-los-colaboradores-y-gestionar-la-diversidad-1.webp\" \/>\n\t<meta property=\"og:image:width\" content=\"1200\" \/>\n\t<meta property=\"og:image:height\" content=\"675\" \/>\n\t<meta property=\"og:image:type\" content=\"image\/webp\" \/>\n<meta name=\"author\" content=\"H\u00e9ctor M. Meza\" \/>\n<meta name=\"twitter:card\" content=\"summary_large_image\" \/>\n<meta name=\"twitter:title\" content=\"Neuroliderazgo: Promover el bienestar de los colaboradores y gestionar la diversidad\" \/>\n<meta name=\"twitter:description\" content=\"Neuroliderazgo como aplicaci\u00f3n de la neurociencia en las organizaciones para mejorar el liderazgo de pensamiento y la cultura organizacional.\" \/>\n<meta name=\"twitter:image\" content=\"https:\/\/infosol.com.mx\/wordpress\/wp-content\/uploads\/neuroliderazgo-promover-el-bienestar-de-los-colaboradores-y-gestionar-la-diversidad-1.webp\" \/>\n<meta name=\"twitter:creator\" content=\"@https:\/\/twitter.com\/HectorMezaC\" \/>\n<meta name=\"twitter:site\" content=\"@EspacioInfoSol\" \/>\n<meta name=\"twitter:label1\" content=\"Escrito por\" \/>\n\t<meta name=\"twitter:data1\" content=\"H\u00e9ctor M. Meza\" \/>\n\t<meta name=\"twitter:label2\" content=\"Tiempo de lectura\" \/>\n\t<meta name=\"twitter:data2\" content=\"3 minutos\" \/>\n<script type=\"application\/ld+json\" class=\"yoast-schema-graph\">{\"@context\":\"https:\/\/schema.org\",\"@graph\":[{\"@type\":[\"Article\",\"BlogPosting\"],\"@id\":\"https:\/\/infosol.com.mx\/wordpress\/neuroliderazgo-promover-el-bienestar-de-los-colaboradores-y-gestionar-la-diversidad\/#article\",\"isPartOf\":{\"@id\":\"https:\/\/infosol.com.mx\/wordpress\/neuroliderazgo-promover-el-bienestar-de-los-colaboradores-y-gestionar-la-diversidad\/\"},\"author\":{\"name\":\"H\u00e9ctor M. Meza\",\"@id\":\"https:\/\/infosol.com.mx\/wordpress\/#\/schema\/person\/bb70f136abbd7e36b1f997a14c53ac3a\"},\"headline\":\"Neuroliderazgo: Promover el bienestar de los colaboradores y gestionar la diversidad\",\"datePublished\":\"2022-12-13T17:02:36+00:00\",\"dateModified\":\"2025-09-12T21:06:18+00:00\",\"mainEntityOfPage\":{\"@id\":\"https:\/\/infosol.com.mx\/wordpress\/neuroliderazgo-promover-el-bienestar-de-los-colaboradores-y-gestionar-la-diversidad\/\"},\"wordCount\":686,\"commentCount\":0,\"publisher\":{\"@id\":\"https:\/\/infosol.com.mx\/wordpress\/#organization\"},\"image\":{\"@id\":\"https:\/\/infosol.com.mx\/wordpress\/neuroliderazgo-promover-el-bienestar-de-los-colaboradores-y-gestionar-la-diversidad\/#primaryimage\"},\"thumbnailUrl\":\"https:\/\/infosol.com.mx\/wordpress\/wp-content\/uploads\/neuroliderazgo-promover-el-bienestar-de-los-colaboradores-y-gestionar-la-diversidad-2.webp\",\"keywords\":[\"liderazgo de pensamiento\",\"Cultura organizacional\",\"Neuroliderazgo\",\"neurociencia en las organizaciones\",\"Art\u00edculos\"],\"articleSection\":[\"Relaciones P\u00fablicas\"],\"inLanguage\":\"es\",\"potentialAction\":[{\"@type\":\"CommentAction\",\"name\":\"Comment\",\"target\":[\"https:\/\/infosol.com.mx\/wordpress\/neuroliderazgo-promover-el-bienestar-de-los-colaboradores-y-gestionar-la-diversidad\/#respond\"]}]},{\"@type\":[\"WebPage\",\"ItemPage\"],\"@id\":\"https:\/\/infosol.com.mx\/wordpress\/neuroliderazgo-promover-el-bienestar-de-los-colaboradores-y-gestionar-la-diversidad\/\",\"url\":\"https:\/\/infosol.com.mx\/wordpress\/neuroliderazgo-promover-el-bienestar-de-los-colaboradores-y-gestionar-la-diversidad\/\",\"name\":\"Neuroliderazgo: Promover el bienestar de los colaboradores y gestionar la diversidad - Charlas de Caf\u00e9 de Comunicaci\u00f3n y Otras Pasiones\",\"isPartOf\":{\"@id\":\"https:\/\/infosol.com.mx\/wordpress\/#website\"},\"primaryImageOfPage\":{\"@id\":\"https:\/\/infosol.com.mx\/wordpress\/neuroliderazgo-promover-el-bienestar-de-los-colaboradores-y-gestionar-la-diversidad\/#primaryimage\"},\"image\":{\"@id\":\"https:\/\/infosol.com.mx\/wordpress\/neuroliderazgo-promover-el-bienestar-de-los-colaboradores-y-gestionar-la-diversidad\/#primaryimage\"},\"thumbnailUrl\":\"https:\/\/infosol.com.mx\/wordpress\/wp-content\/uploads\/neuroliderazgo-promover-el-bienestar-de-los-colaboradores-y-gestionar-la-diversidad-2.webp\",\"datePublished\":\"2022-12-13T17:02:36+00:00\",\"dateModified\":\"2025-09-12T21:06:18+00:00\",\"description\":\"Neuroliderazgo como aplicaci\u00f3n de la neurociencia en las organizaciones para mejorar el liderazgo de pensamiento y la cultura organizacional.\",\"breadcrumb\":{\"@id\":\"https:\/\/infosol.com.mx\/wordpress\/neuroliderazgo-promover-el-bienestar-de-los-colaboradores-y-gestionar-la-diversidad\/#breadcrumb\"},\"inLanguage\":\"es\",\"potentialAction\":[{\"@type\":\"ReadAction\",\"target\":[\"https:\/\/infosol.com.mx\/wordpress\/neuroliderazgo-promover-el-bienestar-de-los-colaboradores-y-gestionar-la-diversidad\/\"]}]},{\"@type\":\"ImageObject\",\"inLanguage\":\"es\",\"@id\":\"https:\/\/infosol.com.mx\/wordpress\/neuroliderazgo-promover-el-bienestar-de-los-colaboradores-y-gestionar-la-diversidad\/#primaryimage\",\"url\":\"https:\/\/infosol.com.mx\/wordpress\/wp-content\/uploads\/neuroliderazgo-promover-el-bienestar-de-los-colaboradores-y-gestionar-la-diversidad-2.webp\",\"contentUrl\":\"https:\/\/infosol.com.mx\/wordpress\/wp-content\/uploads\/neuroliderazgo-promover-el-bienestar-de-los-colaboradores-y-gestionar-la-diversidad-2.webp\",\"width\":1200,\"height\":675},{\"@type\":\"BreadcrumbList\",\"@id\":\"https:\/\/infosol.com.mx\/wordpress\/neuroliderazgo-promover-el-bienestar-de-los-colaboradores-y-gestionar-la-diversidad\/#breadcrumb\",\"itemListElement\":[{\"@type\":\"ListItem\",\"position\":1,\"name\":\"Inicio\",\"item\":\"https:\/\/infosol.com.mx\/wordpress\/\"},{\"@type\":\"ListItem\",\"position\":2,\"name\":\"Relaciones P\u00fablicas\",\"item\":\"https:\/\/infosol.com.mx\/wordpress\/category\/relaciones-publicas\/\"},{\"@type\":\"ListItem\",\"position\":3,\"name\":\"Neuroliderazgo: Promover el bienestar de los colaboradores y gestionar la diversidad\"}]},{\"@type\":\"WebSite\",\"@id\":\"https:\/\/infosol.com.mx\/wordpress\/#website\",\"url\":\"https:\/\/infosol.com.mx\/wordpress\/\",\"name\":\"Charlas de Caf\u00e9 de Comunicaci\u00f3n y Otras Pasiones\",\"description\":\"Comunicaci\u00f3n, Relaciones P\u00fablicas, Redes Sociales y algo m\u00e1s...\",\"publisher\":{\"@id\":\"https:\/\/infosol.com.mx\/wordpress\/#organization\"},\"potentialAction\":[{\"@type\":\"SearchAction\",\"target\":{\"@type\":\"EntryPoint\",\"urlTemplate\":\"https:\/\/infosol.com.mx\/wordpress\/?s={search_term_string}\"},\"query-input\":{\"@type\":\"PropertyValueSpecification\",\"valueRequired\":true,\"valueName\":\"search_term_string\"}}],\"inLanguage\":\"es\"},{\"@type\":\"Organization\",\"@id\":\"https:\/\/infosol.com.mx\/wordpress\/#organization\",\"name\":\"InfoSol\",\"url\":\"https:\/\/infosol.com.mx\/wordpress\/\",\"logo\":{\"@type\":\"ImageObject\",\"inLanguage\":\"es\",\"@id\":\"https:\/\/infosol.com.mx\/wordpress\/#\/schema\/logo\/image\/\",\"url\":\"https:\/\/infosol.com.mx\/wordpress\/wp-content\/uploads\/InfoSol-6.0-160x46-1.webp\",\"contentUrl\":\"https:\/\/infosol.com.mx\/wordpress\/wp-content\/uploads\/InfoSol-6.0-160x46-1.webp\",\"width\":160,\"height\":46,\"caption\":\"InfoSol\"},\"image\":{\"@id\":\"https:\/\/infosol.com.mx\/wordpress\/#\/schema\/logo\/image\/\"},\"sameAs\":[\"https:\/\/www.facebook.com\/infosol\/\",\"https:\/\/x.com\/EspacioInfoSol\",\"https:\/\/www.linkedin.com\/company\/grupoinfosol\/\",\"https:\/\/www.pinterest.com.mx\/GrupoInfoSol\/\",\"https:\/\/www.youtube.com\/user\/InfoSolMiEspacio\"]},{\"@type\":\"Person\",\"@id\":\"https:\/\/infosol.com.mx\/wordpress\/#\/schema\/person\/bb70f136abbd7e36b1f997a14c53ac3a\",\"name\":\"H\u00e9ctor M. Meza\",\"image\":{\"@type\":\"ImageObject\",\"inLanguage\":\"es\",\"@id\":\"http:\/\/infosol.com.mx\/wordpress\/wp-content\/uploads\/cropped-h-meza-96x96.png\",\"url\":\"http:\/\/infosol.com.mx\/wordpress\/wp-content\/uploads\/cropped-h-meza-96x96.png\",\"contentUrl\":\"http:\/\/infosol.com.mx\/wordpress\/wp-content\/uploads\/cropped-h-meza-96x96.png\",\"caption\":\"H\u00e9ctor M. Meza\"},\"description\":\"Director General de InfoSol. MBA, Consultor y Catedr\u00e1tico en Estrategias de Comunicaci\u00f3n Integradas a la Mercadotecnia. Fue Vicepresidente en IBM de M\u00e9xico y Presidente de Motorola para M\u00e9xico, Centroam\u00e9rica y el Caribe y VP de la Corporaci\u00f3n.\",\"sameAs\":[\"http:\/\/www.infosol.com.mx\",\"https:\/\/www.facebook.com\/HectorM.MezaC?ref=br_rs_WyJrZXl3b3Jkc191c2VycyJd\",\"https:\/\/www.linkedin.com\/in\/h\u00e9ctor-meza-curiel\/\",\"https:\/\/x.com\/https:\/\/twitter.com\/HectorMezaC\"],\"url\":\"https:\/\/infosol.com.mx\/wordpress\/author\/h-meza\/\"}]}<\/script>\n<!-- \/ Yoast SEO plugin. -->","yoast_head_json":{"title":"Neuroliderazgo: Promover el bienestar de los colaboradores y gestionar la diversidad - Charlas de Caf\u00e9 de Comunicaci\u00f3n y Otras Pasiones","description":"Neuroliderazgo como aplicaci\u00f3n de la neurociencia en las organizaciones para mejorar el liderazgo de pensamiento y la cultura organizacional.","robots":{"index":"index","follow":"follow","max-snippet":"max-snippet:-1","max-image-preview":"max-image-preview:large","max-video-preview":"max-video-preview:-1"},"canonical":"https:\/\/infosol.com.mx\/wordpress\/neuroliderazgo-promover-el-bienestar-de-los-colaboradores-y-gestionar-la-diversidad\/","og_locale":"es_ES","og_type":"article","og_title":"Neuroliderazgo: Promover el bienestar de los colaboradores y gestionar la diversidad","og_description":"Neuroliderazgo como aplicaci\u00f3n de la neurociencia en las organizaciones para mejorar el liderazgo de pensamiento y la cultura organizacional.","og_url":"https:\/\/infosol.com.mx\/wordpress\/neuroliderazgo-promover-el-bienestar-de-los-colaboradores-y-gestionar-la-diversidad\/","og_site_name":"Charlas de Caf\u00e9 de Comunicaci\u00f3n y Otras Pasiones","article_publisher":"https:\/\/www.facebook.com\/infosol\/","article_author":"https:\/\/www.facebook.com\/HectorM.MezaC?ref=br_rs_WyJrZXl3b3Jkc191c2VycyJd","article_published_time":"2022-12-13T17:02:36+00:00","article_modified_time":"2025-09-12T21:06:18+00:00","og_image":[{"width":1200,"height":675,"url":"https:\/\/infosol.com.mx\/wordpress\/wp-content\/uploads\/neuroliderazgo-promover-el-bienestar-de-los-colaboradores-y-gestionar-la-diversidad-1.webp","type":"image\/webp"}],"author":"H\u00e9ctor M. Meza","twitter_card":"summary_large_image","twitter_title":"Neuroliderazgo: Promover el bienestar de los colaboradores y gestionar la diversidad","twitter_description":"Neuroliderazgo como aplicaci\u00f3n de la neurociencia en las organizaciones para mejorar el liderazgo de pensamiento y la cultura organizacional.","twitter_image":"https:\/\/infosol.com.mx\/wordpress\/wp-content\/uploads\/neuroliderazgo-promover-el-bienestar-de-los-colaboradores-y-gestionar-la-diversidad-1.webp","twitter_creator":"@https:\/\/twitter.com\/HectorMezaC","twitter_site":"@EspacioInfoSol","twitter_misc":{"Escrito por":"H\u00e9ctor M. Meza","Tiempo de lectura":"3 minutos"},"schema":{"@context":"https:\/\/schema.org","@graph":[{"@type":["Article","BlogPosting"],"@id":"https:\/\/infosol.com.mx\/wordpress\/neuroliderazgo-promover-el-bienestar-de-los-colaboradores-y-gestionar-la-diversidad\/#article","isPartOf":{"@id":"https:\/\/infosol.com.mx\/wordpress\/neuroliderazgo-promover-el-bienestar-de-los-colaboradores-y-gestionar-la-diversidad\/"},"author":{"name":"H\u00e9ctor M. Meza","@id":"https:\/\/infosol.com.mx\/wordpress\/#\/schema\/person\/bb70f136abbd7e36b1f997a14c53ac3a"},"headline":"Neuroliderazgo: Promover el bienestar de los colaboradores y gestionar la diversidad","datePublished":"2022-12-13T17:02:36+00:00","dateModified":"2025-09-12T21:06:18+00:00","mainEntityOfPage":{"@id":"https:\/\/infosol.com.mx\/wordpress\/neuroliderazgo-promover-el-bienestar-de-los-colaboradores-y-gestionar-la-diversidad\/"},"wordCount":686,"commentCount":0,"publisher":{"@id":"https:\/\/infosol.com.mx\/wordpress\/#organization"},"image":{"@id":"https:\/\/infosol.com.mx\/wordpress\/neuroliderazgo-promover-el-bienestar-de-los-colaboradores-y-gestionar-la-diversidad\/#primaryimage"},"thumbnailUrl":"https:\/\/infosol.com.mx\/wordpress\/wp-content\/uploads\/neuroliderazgo-promover-el-bienestar-de-los-colaboradores-y-gestionar-la-diversidad-2.webp","keywords":["liderazgo de pensamiento","Cultura organizacional","Neuroliderazgo","neurociencia en las organizaciones","Art\u00edculos"],"articleSection":["Relaciones P\u00fablicas"],"inLanguage":"es","potentialAction":[{"@type":"CommentAction","name":"Comment","target":["https:\/\/infosol.com.mx\/wordpress\/neuroliderazgo-promover-el-bienestar-de-los-colaboradores-y-gestionar-la-diversidad\/#respond"]}]},{"@type":["WebPage","ItemPage"],"@id":"https:\/\/infosol.com.mx\/wordpress\/neuroliderazgo-promover-el-bienestar-de-los-colaboradores-y-gestionar-la-diversidad\/","url":"https:\/\/infosol.com.mx\/wordpress\/neuroliderazgo-promover-el-bienestar-de-los-colaboradores-y-gestionar-la-diversidad\/","name":"Neuroliderazgo: Promover el bienestar de los colaboradores y gestionar la diversidad - Charlas de Caf\u00e9 de Comunicaci\u00f3n y Otras Pasiones","isPartOf":{"@id":"https:\/\/infosol.com.mx\/wordpress\/#website"},"primaryImageOfPage":{"@id":"https:\/\/infosol.com.mx\/wordpress\/neuroliderazgo-promover-el-bienestar-de-los-colaboradores-y-gestionar-la-diversidad\/#primaryimage"},"image":{"@id":"https:\/\/infosol.com.mx\/wordpress\/neuroliderazgo-promover-el-bienestar-de-los-colaboradores-y-gestionar-la-diversidad\/#primaryimage"},"thumbnailUrl":"https:\/\/infosol.com.mx\/wordpress\/wp-content\/uploads\/neuroliderazgo-promover-el-bienestar-de-los-colaboradores-y-gestionar-la-diversidad-2.webp","datePublished":"2022-12-13T17:02:36+00:00","dateModified":"2025-09-12T21:06:18+00:00","description":"Neuroliderazgo como aplicaci\u00f3n de la neurociencia en las organizaciones para mejorar el liderazgo de pensamiento y la cultura organizacional.","breadcrumb":{"@id":"https:\/\/infosol.com.mx\/wordpress\/neuroliderazgo-promover-el-bienestar-de-los-colaboradores-y-gestionar-la-diversidad\/#breadcrumb"},"inLanguage":"es","potentialAction":[{"@type":"ReadAction","target":["https:\/\/infosol.com.mx\/wordpress\/neuroliderazgo-promover-el-bienestar-de-los-colaboradores-y-gestionar-la-diversidad\/"]}]},{"@type":"ImageObject","inLanguage":"es","@id":"https:\/\/infosol.com.mx\/wordpress\/neuroliderazgo-promover-el-bienestar-de-los-colaboradores-y-gestionar-la-diversidad\/#primaryimage","url":"https:\/\/infosol.com.mx\/wordpress\/wp-content\/uploads\/neuroliderazgo-promover-el-bienestar-de-los-colaboradores-y-gestionar-la-diversidad-2.webp","contentUrl":"https:\/\/infosol.com.mx\/wordpress\/wp-content\/uploads\/neuroliderazgo-promover-el-bienestar-de-los-colaboradores-y-gestionar-la-diversidad-2.webp","width":1200,"height":675},{"@type":"BreadcrumbList","@id":"https:\/\/infosol.com.mx\/wordpress\/neuroliderazgo-promover-el-bienestar-de-los-colaboradores-y-gestionar-la-diversidad\/#breadcrumb","itemListElement":[{"@type":"ListItem","position":1,"name":"Inicio","item":"https:\/\/infosol.com.mx\/wordpress\/"},{"@type":"ListItem","position":2,"name":"Relaciones P\u00fablicas","item":"https:\/\/infosol.com.mx\/wordpress\/category\/relaciones-publicas\/"},{"@type":"ListItem","position":3,"name":"Neuroliderazgo: Promover el bienestar de los colaboradores y gestionar la diversidad"}]},{"@type":"WebSite","@id":"https:\/\/infosol.com.mx\/wordpress\/#website","url":"https:\/\/infosol.com.mx\/wordpress\/","name":"Charlas de Caf\u00e9 de Comunicaci\u00f3n y Otras Pasiones","description":"Comunicaci\u00f3n, Relaciones P\u00fablicas, Redes Sociales y algo m\u00e1s...","publisher":{"@id":"https:\/\/infosol.com.mx\/wordpress\/#organization"},"potentialAction":[{"@type":"SearchAction","target":{"@type":"EntryPoint","urlTemplate":"https:\/\/infosol.com.mx\/wordpress\/?s={search_term_string}"},"query-input":{"@type":"PropertyValueSpecification","valueRequired":true,"valueName":"search_term_string"}}],"inLanguage":"es"},{"@type":"Organization","@id":"https:\/\/infosol.com.mx\/wordpress\/#organization","name":"InfoSol","url":"https:\/\/infosol.com.mx\/wordpress\/","logo":{"@type":"ImageObject","inLanguage":"es","@id":"https:\/\/infosol.com.mx\/wordpress\/#\/schema\/logo\/image\/","url":"https:\/\/infosol.com.mx\/wordpress\/wp-content\/uploads\/InfoSol-6.0-160x46-1.webp","contentUrl":"https:\/\/infosol.com.mx\/wordpress\/wp-content\/uploads\/InfoSol-6.0-160x46-1.webp","width":160,"height":46,"caption":"InfoSol"},"image":{"@id":"https:\/\/infosol.com.mx\/wordpress\/#\/schema\/logo\/image\/"},"sameAs":["https:\/\/www.facebook.com\/infosol\/","https:\/\/x.com\/EspacioInfoSol","https:\/\/www.linkedin.com\/company\/grupoinfosol\/","https:\/\/www.pinterest.com.mx\/GrupoInfoSol\/","https:\/\/www.youtube.com\/user\/InfoSolMiEspacio"]},{"@type":"Person","@id":"https:\/\/infosol.com.mx\/wordpress\/#\/schema\/person\/bb70f136abbd7e36b1f997a14c53ac3a","name":"H\u00e9ctor M. Meza","image":{"@type":"ImageObject","inLanguage":"es","@id":"http:\/\/infosol.com.mx\/wordpress\/wp-content\/uploads\/cropped-h-meza-96x96.png","url":"http:\/\/infosol.com.mx\/wordpress\/wp-content\/uploads\/cropped-h-meza-96x96.png","contentUrl":"http:\/\/infosol.com.mx\/wordpress\/wp-content\/uploads\/cropped-h-meza-96x96.png","caption":"H\u00e9ctor M. Meza"},"description":"Director General de InfoSol. MBA, Consultor y Catedr\u00e1tico en Estrategias de Comunicaci\u00f3n Integradas a la Mercadotecnia. Fue Vicepresidente en IBM de M\u00e9xico y Presidente de Motorola para M\u00e9xico, Centroam\u00e9rica y el Caribe y VP de la Corporaci\u00f3n.","sameAs":["http:\/\/www.infosol.com.mx","https:\/\/www.facebook.com\/HectorM.MezaC?ref=br_rs_WyJrZXl3b3Jkc191c2VycyJd","https:\/\/www.linkedin.com\/in\/h\u00e9ctor-meza-curiel\/","https:\/\/x.com\/https:\/\/twitter.com\/HectorMezaC"],"url":"https:\/\/infosol.com.mx\/wordpress\/author\/h-meza\/"}]}},"_links":{"self":[{"href":"https:\/\/infosol.com.mx\/wordpress\/wp-json\/wp\/v2\/posts\/12705","targetHints":{"allow":["GET"]}}],"collection":[{"href":"https:\/\/infosol.com.mx\/wordpress\/wp-json\/wp\/v2\/posts"}],"about":[{"href":"https:\/\/infosol.com.mx\/wordpress\/wp-json\/wp\/v2\/types\/post"}],"author":[{"embeddable":true,"href":"https:\/\/infosol.com.mx\/wordpress\/wp-json\/wp\/v2\/users\/2"}],"replies":[{"embeddable":true,"href":"https:\/\/infosol.com.mx\/wordpress\/wp-json\/wp\/v2\/comments?post=12705"}],"version-history":[{"count":14,"href":"https:\/\/infosol.com.mx\/wordpress\/wp-json\/wp\/v2\/posts\/12705\/revisions"}],"predecessor-version":[{"id":242408,"href":"https:\/\/infosol.com.mx\/wordpress\/wp-json\/wp\/v2\/posts\/12705\/revisions\/242408"}],"wp:featuredmedia":[{"embeddable":true,"href":"https:\/\/infosol.com.mx\/wordpress\/wp-json\/wp\/v2\/media\/17601"}],"wp:attachment":[{"href":"https:\/\/infosol.com.mx\/wordpress\/wp-json\/wp\/v2\/media?parent=12705"}],"wp:term":[{"taxonomy":"category","embeddable":true,"href":"https:\/\/infosol.com.mx\/wordpress\/wp-json\/wp\/v2\/categories?post=12705"},{"taxonomy":"post_tag","embeddable":true,"href":"https:\/\/infosol.com.mx\/wordpress\/wp-json\/wp\/v2\/tags?post=12705"}],"curies":[{"name":"wp","href":"https:\/\/api.w.org\/{rel}","templated":true}]}}