{"id":1045,"date":"2017-02-19T10:05:49","date_gmt":"2017-02-19T16:05:49","guid":{"rendered":"http:\/\/www.infosol.com.mx\/CGI-BIN\/wordpress\/?p=1045"},"modified":"2025-07-07T15:01:36","modified_gmt":"2025-07-07T21:01:36","slug":"medios-sociales-y-movilidad-moda-que-hace-mas-vulnerables-a-las-organizaciones","status":"publish","type":"post","link":"https:\/\/infosol.com.mx\/wordpress\/medios-sociales-y-movilidad-moda-que-hace-mas-vulnerables-a-las-organizaciones\/","title":{"rendered":"Redes Sociales y Movilidad, un escenario m\u00e1s vulnerable para las organizaciones"},"content":{"rendered":"<p>La mezcla de la convergencia social con los dispositivos m\u00f3viles equipados con elementos como c\u00e1maras de video, han llevado a captar y difundir a la velocidad de la luz, informaci\u00f3n e im\u00e1genes que en segundos generan opini\u00f3n y percepciones. As\u00ed, con estos recursos, es como se hace noticia en la actualidad. Lo cual pone bajo una enorme presi\u00f3n a todas las organizaciones llev\u00e1ndolas, hoy m\u00e1s que nunca, a contar con estrategias de Comunicaci\u00f3n que les permita responder r\u00e1pidamente cuando las cosas van en picada.<\/p>\n<p>Otro aspecto interesante es que, si todo el mundo tiene la oportunidad de crear una historia, entonces, cualquier persona que forme parte de una compa\u00f1\u00eda puede ser objeto de esa historia\u2026 cuesti\u00f3n que nos lleva a preguntarnos: \u00bfTodos est\u00e1n REALMENTE capacitados para no caer en temas escabrosos y de impacto para la empresa? \u00bfDeber\u00edan todos los empleados de una organizaci\u00f3n contar con, al menos, los elementos b\u00e1sicos de una estrategia de crisis?<\/p>\n<p>                        <svg xmlns=\"http:\/\/www.w3.org\/2000\/svg\" width=\"48\" height=\"48\" viewBox=\"0 0 48 48\">\n                            <circle cx=\"24\" cy=\"24\" r=\"24\"\/>\n                            <path d=\"M33.6506355,22.4458786 C34.1870129,24.3649793 34.1999448,26.4569702 33.6852534,28.1856729 C33.115054,30.1017893 31.9414302,31.3977692 30.3804449,31.8340732 C29.9875127,31.9440942 29.5828423,32 29.177575,32 C27.1880449,32 25.4239286,30.6602504 24.8875513,28.7425424 C24.2258336,26.3757974 25.612536,23.9115654 27.9796789,23.2492508 C29.0289571,22.9569888 30.1876594,23.0682036 31.158948,23.5488741 C31.1277124,23.417963 31.0952831,23.2924236 31.0610632,23.1696696 C30.1958165,20.0761493 28.4985484,18.684274 27.5698357,18.684274 L27.5288514,18.6850698 C27.3503906,18.6932269 27.1786941,18.5728603 27.1289559,18.3947974 L26.6134686,16.5509009 C26.5830288,16.4426704 26.5999398,16.3268798 26.6598247,16.2315813 C26.7199085,16.1368797 26.8169976,16.0716231 26.9280133,16.0521257 C27.1237831,16.0175079 27.3247256,16 27.5258671,16 C30.0300887,16 32.6063312,18.7111327 33.6506355,22.4458786 Z M17.2027923,16.0003979 C19.7076107,16.0003979 22.2834553,18.7111327 23.3283565,22.4454807 C23.8649328,24.3647803 23.8776658,26.4569702 23.3631733,28.1856729 C22.792775,30.1017893 21.6191512,31.3977692 20.0583649,31.8340732 C19.6652337,31.9440942 19.2605633,32 18.855296,32 C16.8657659,32 15.1016496,30.6602504 14.5652723,28.7425424 C13.9031566,26.3757974 15.290257,23.9115654 17.657002,23.2492508 C18.7062802,22.9569888 19.8645846,23.0682036 20.8362711,23.5488741 C20.8052345,23.4187588 20.7728051,23.2932194 20.7383862,23.1696696 C19.8731396,20.0761493 18.1756725,18.684274 17.2469599,18.684274 L17.2063735,18.6850698 C17.0247294,18.6932269 16.8562162,18.5728603 16.8064779,18.3947974 L16.2907917,16.5509009 C16.2605509,16.4426704 16.2774619,16.3268798 16.3373467,16.2315813 C16.3972316,16.1368797 16.4945196,16.0712252 16.6053364,16.0521257 C16.8009072,16.0175079 17.0020487,16.0003979 17.2027923,16.0003979 Z\"\/>\n                        <\/svg><\/p>\n<blockquote>\n<p>\u201cHoy cuando todos son \u201creporteros\u201d y buscan compartir lo que pasa en su entorno, todo empleado puede ser blanco y protagonista  de las historias\u201d<\/p>\n<\/blockquote>\n<p>Ante esta din\u00e1mica de comunicaci\u00f3n, en d\u00f3nde los planes de \u201cempujar\u201d informaci\u00f3n de parte de las empresas hacia sus audiencias, ya no est\u00e1 \u201cIN\u201d; todo p\u00fablico tiene la oportunidad de pedir la informaci\u00f3n que requiera y le satisfaga, pero tambi\u00e9n, tiene el derecho de emitir cualquier juicio en contra o a favor de una marca. Por ello, hoy ya no es suficiente con confiar en los profesionales para defender su reputaci\u00f3n. Cualquier organizaci\u00f3n con personal de cara al p\u00fablico, trabajadores de campo \u2013 cualquier empresa en realidad \u2013 ahora debe tener un programa no s\u00f3lo de relaciones con los medios, sino tambi\u00e9n, una estrategia de crisis que involucre a todo su personal.<\/p>\n<p>Como coment\u00f3 Patrice Cloutier<sup>1<\/sup>, \u201cesto se piensa bajo una premisa con un enfoque de sentido com\u00fan. Sus empleados son sus representantes y se espera que se comporten decentemente, con respeto y compasi\u00f3n\u201d.<\/p>\n<p><strong>Tomando esto como ejemplo de lo que no se debe de hacer en manejo de crisis: <\/strong><\/p>\n<p>En PEPSI se llev\u00f3 a cabo un comercial llamativo en abril del 2017 con la modelo del momento, Kendall Jenner, que llev\u00f3 a indignar a m\u00e1s de una ONG en menos de 24 horas v\u00eda redes sociales. Cuando lleg\u00f3 la prensa a entrevistar a los directores, estos borraron inmediatamente el material visual y s\u00f3lo ofrecieron disculpas a los ofendidos. A pesar de que se retir\u00f3 el anuncio publicitario, hubo m\u00e1s quejas y no solamente a la marca, sino a la misma modelo por haberse prestado a esta campa\u00f1a, lo cual nos ense\u00f1a que guardar silencio, no siempre es una buena estrategia.<\/p>\n<p>Pero, \u00bfcu\u00e1les son los fundamentos para evitar una posibilidad de que la crisis se potencialice?<\/p>\n<ul>\n<li>\u00bfQu\u00e9 tiene que hacer el personal si alguno de ellos es abordado por los medios de comunicaci\u00f3n? \u00bfQu\u00e9 declaraci\u00f3n o l\u00edneas deber\u00e1n seguir de acuerdo al plan de crisis? \u2013 \u00bfO bien, cu\u00e1les son las instrucciones a seguir para no hacer comentarios y dirigir a los medios con los voceros adecuados?\n<\/li>\n<li>\u00bfQu\u00e9 nivel de autonom\u00eda se puede dar al personal? \u00bfSon libres para hablar de su \u00e1rea de especializaci\u00f3n, siempre y cuando se mantengan dentro de las pol\u00edticas definidas en el plan de crisis?\n<\/li>\n<li>\u00bfSe aplican estas reglas s\u00f3lo para atender a las solicitudes de los medios de comunicaci\u00f3n \u201ctradicionales\u201d o se aplican tambi\u00e9n a cualquier persona armada con un tel\u00e9fono celular o una c\u00e1mara digital?\n<\/li>\n<li>\u00bfQu\u00e9 tanto se tiene que compartir con los empleados y c\u00f3mo limitar qu\u00e9 s\u00ed, qu\u00e9 no y qu\u00e9 a qui\u00e9n? \u00bfEste punto REALMENTE aplica ante este riesgo tan latente para todo tipo de organizaci\u00f3n?\n<\/li>\n<li>\u00bfQu\u00e9 tan preparado est\u00e1 tu personal de Comunicaci\u00f3n para apoyar al equipo de crisis y toda la C-suite? \u00bfQu\u00e9 tanto conoce a la organizaci\u00f3n para anticiparse a los posibles escenarios y plantear la forma de reaccionar para minimizar el golpe?<\/li>\n<\/ul>\n<p>Las noticias ahora se crean de una manera totalmente diferente a \u00a0como se generaban apenas unos a\u00f1os atr\u00e1s. Actualmente, la velocidad es el nombre del juego y su reputaci\u00f3n puede quedar herida de muerte en cuesti\u00f3n de minutos\u2026 Por ello, las empresas, hoy m\u00e1s que nunca, tienen que adicionar un ingrediente al ritmo vertiginoso de este mundo tan interconectado, <strong><a href=\"https:\/\/infosol.com.mx\/wordpress\/prevenir-y-sortear-una-crisis-en-6-pasos\/\" target=\"_blank\" rel=\"noopener\">una estrategia de Manejo de Crisis<\/a><\/strong>.<\/p>\n<p><sup>1<\/sup> Jefe del equipo de comunicaciones estrat\u00e9gicas de la Direcci\u00f3n de Comunicaciones del Ministerio de Servicios Penitenciarios y Seguridad de la Comunidad de Ontario y especialista en temas de Manejo de Crisis<strong> (2014.)<\/strong><b><\/b><\/p>\n","protected":false},"excerpt":{"rendered":"<p>La mezcla de la convergencia social con los dispositivos m\u00f3viles equipados con elementos como c\u00e1maras de video, han llevado a captar y difundir a la velocidad de la luz, informaci\u00f3n e im\u00e1genes que en segundos generan opini\u00f3n y percepciones. As\u00ed, con estos recursos, es como se hace noticia en la actualidad. Lo cual pone bajo [&hellip;]<\/p>\n","protected":false},"author":8,"featured_media":17767,"comment_status":"open","ping_status":"open","sticky":false,"template":"","format":"standard","meta":{"_et_pb_use_builder":"","_et_pb_old_content":"","_et_gb_content_width":"","content-type":"","_joinchat":[],"footnotes":""},"categories":[217],"tags":[18,28,241,242,243,2905],"class_list":["post-1045","post","type-post","status-publish","format-standard","has-post-thumbnail","hentry","category-1manejo-de-crisis","tag-manejo-de-crisis","tag-redes-sociales","tag-redes-sociales-peligro","tag-comunicacion-c-suite","tag-preguntas-crisis-comunicacional","tag-articulos"],"yoast_head":"<!-- This site is optimized with the Yoast SEO plugin v27.2 - https:\/\/yoast.com\/product\/yoast-seo-wordpress\/ -->\n<title>Redes Sociales y Movilidad, un escenario m\u00e1s vulnerable para las organizaciones - Charlas de Caf\u00e9 de Comunicaci\u00f3n y Otras Pasiones<\/title>\n<meta name=\"robots\" content=\"index, follow, max-snippet:-1, max-image-preview:large, max-video-preview:-1\" \/>\n<link rel=\"canonical\" href=\"https:\/\/infosol.com.mx\/wordpress\/medios-sociales-y-movilidad-moda-que-hace-mas-vulnerables-a-las-organizaciones\/\" \/>\n<meta property=\"og:locale\" content=\"es_ES\" \/>\n<meta property=\"og:type\" content=\"article\" \/>\n<meta property=\"og:title\" content=\"Redes Sociales y Movilidad, un escenario m\u00e1s vulnerable para las organizaciones - Charlas de Caf\u00e9 de Comunicaci\u00f3n y Otras Pasiones\" \/>\n<meta property=\"og:description\" content=\"La mezcla de la convergencia social con los dispositivos m\u00f3viles equipados con elementos como c\u00e1maras de video, han llevado a captar y difundir a la velocidad de la luz, informaci\u00f3n e im\u00e1genes que en segundos generan opini\u00f3n y percepciones. As\u00ed, con estos recursos, es como se hace noticia en la actualidad. Lo cual pone bajo [&hellip;]\" \/>\n<meta property=\"og:url\" content=\"https:\/\/infosol.com.mx\/wordpress\/medios-sociales-y-movilidad-moda-que-hace-mas-vulnerables-a-las-organizaciones\/\" \/>\n<meta property=\"og:site_name\" content=\"Charlas de Caf\u00e9 de Comunicaci\u00f3n y Otras Pasiones\" \/>\n<meta property=\"article:publisher\" content=\"https:\/\/www.facebook.com\/infosol\/\" \/>\n<meta property=\"article:published_time\" content=\"2017-02-19T16:05:49+00:00\" \/>\n<meta property=\"article:modified_time\" content=\"2025-07-07T21:01:36+00:00\" \/>\n<meta property=\"og:image\" content=\"https:\/\/infosol.com.mx\/wordpress\/wp-content\/uploads\/preguntas-crisis-comunicacional.webp\" \/>\n\t<meta property=\"og:image:width\" content=\"1200\" \/>\n\t<meta property=\"og:image:height\" content=\"675\" \/>\n\t<meta property=\"og:image:type\" content=\"image\/webp\" \/>\n<meta name=\"author\" content=\"Adriana M. Bravo\" \/>\n<meta name=\"twitter:card\" content=\"summary_large_image\" \/>\n<meta name=\"twitter:creator\" content=\"@EspacioInfoSol\" \/>\n<meta name=\"twitter:site\" content=\"@EspacioInfoSol\" \/>\n<meta name=\"twitter:label1\" content=\"Escrito por\" \/>\n\t<meta name=\"twitter:data1\" content=\"Adriana M. Bravo\" \/>\n\t<meta name=\"twitter:label2\" content=\"Tiempo de lectura\" \/>\n\t<meta name=\"twitter:data2\" content=\"4 minutos\" \/>\n<script type=\"application\/ld+json\" class=\"yoast-schema-graph\">{\"@context\":\"https:\/\/schema.org\",\"@graph\":[{\"@type\":\"Article\",\"@id\":\"https:\/\/infosol.com.mx\/wordpress\/medios-sociales-y-movilidad-moda-que-hace-mas-vulnerables-a-las-organizaciones\/#article\",\"isPartOf\":{\"@id\":\"https:\/\/infosol.com.mx\/wordpress\/medios-sociales-y-movilidad-moda-que-hace-mas-vulnerables-a-las-organizaciones\/\"},\"author\":{\"name\":\"Adriana M. Bravo\",\"@id\":\"https:\/\/infosol.com.mx\/wordpress\/#\/schema\/person\/c844cf1649e28a097c30ae82683f2542\"},\"headline\":\"Redes Sociales y Movilidad, un escenario m\u00e1s vulnerable para las organizaciones\",\"datePublished\":\"2017-02-19T16:05:49+00:00\",\"dateModified\":\"2025-07-07T21:01:36+00:00\",\"mainEntityOfPage\":{\"@id\":\"https:\/\/infosol.com.mx\/wordpress\/medios-sociales-y-movilidad-moda-que-hace-mas-vulnerables-a-las-organizaciones\/\"},\"wordCount\":811,\"commentCount\":0,\"publisher\":{\"@id\":\"https:\/\/infosol.com.mx\/wordpress\/#organization\"},\"image\":{\"@id\":\"https:\/\/infosol.com.mx\/wordpress\/medios-sociales-y-movilidad-moda-que-hace-mas-vulnerables-a-las-organizaciones\/#primaryimage\"},\"thumbnailUrl\":\"https:\/\/infosol.com.mx\/wordpress\/wp-content\/uploads\/preguntas-crisis-comunicacional.webp\",\"keywords\":[\"manejo de crisis\",\"redes sociales\",\"Redes Sociales Peligro\",\"Comunicaci\u00f3n C-suite\",\"Preguntas Crisis Comunicacional\",\"Art\u00edculos\"],\"articleSection\":[\"Manejo de Crisis\"],\"inLanguage\":\"es\",\"potentialAction\":[{\"@type\":\"CommentAction\",\"name\":\"Comment\",\"target\":[\"https:\/\/infosol.com.mx\/wordpress\/medios-sociales-y-movilidad-moda-que-hace-mas-vulnerables-a-las-organizaciones\/#respond\"]}]},{\"@type\":\"WebPage\",\"@id\":\"https:\/\/infosol.com.mx\/wordpress\/medios-sociales-y-movilidad-moda-que-hace-mas-vulnerables-a-las-organizaciones\/\",\"url\":\"https:\/\/infosol.com.mx\/wordpress\/medios-sociales-y-movilidad-moda-que-hace-mas-vulnerables-a-las-organizaciones\/\",\"name\":\"Redes Sociales y Movilidad, un escenario m\u00e1s vulnerable para las organizaciones - Charlas de Caf\u00e9 de Comunicaci\u00f3n y Otras Pasiones\",\"isPartOf\":{\"@id\":\"https:\/\/infosol.com.mx\/wordpress\/#website\"},\"primaryImageOfPage\":{\"@id\":\"https:\/\/infosol.com.mx\/wordpress\/medios-sociales-y-movilidad-moda-que-hace-mas-vulnerables-a-las-organizaciones\/#primaryimage\"},\"image\":{\"@id\":\"https:\/\/infosol.com.mx\/wordpress\/medios-sociales-y-movilidad-moda-que-hace-mas-vulnerables-a-las-organizaciones\/#primaryimage\"},\"thumbnailUrl\":\"https:\/\/infosol.com.mx\/wordpress\/wp-content\/uploads\/preguntas-crisis-comunicacional.webp\",\"datePublished\":\"2017-02-19T16:05:49+00:00\",\"dateModified\":\"2025-07-07T21:01:36+00:00\",\"breadcrumb\":{\"@id\":\"https:\/\/infosol.com.mx\/wordpress\/medios-sociales-y-movilidad-moda-que-hace-mas-vulnerables-a-las-organizaciones\/#breadcrumb\"},\"inLanguage\":\"es\",\"potentialAction\":[{\"@type\":\"ReadAction\",\"target\":[\"https:\/\/infosol.com.mx\/wordpress\/medios-sociales-y-movilidad-moda-que-hace-mas-vulnerables-a-las-organizaciones\/\"]}]},{\"@type\":\"ImageObject\",\"inLanguage\":\"es\",\"@id\":\"https:\/\/infosol.com.mx\/wordpress\/medios-sociales-y-movilidad-moda-que-hace-mas-vulnerables-a-las-organizaciones\/#primaryimage\",\"url\":\"https:\/\/infosol.com.mx\/wordpress\/wp-content\/uploads\/preguntas-crisis-comunicacional.webp\",\"contentUrl\":\"https:\/\/infosol.com.mx\/wordpress\/wp-content\/uploads\/preguntas-crisis-comunicacional.webp\",\"width\":1200,\"height\":675},{\"@type\":\"BreadcrumbList\",\"@id\":\"https:\/\/infosol.com.mx\/wordpress\/medios-sociales-y-movilidad-moda-que-hace-mas-vulnerables-a-las-organizaciones\/#breadcrumb\",\"itemListElement\":[{\"@type\":\"ListItem\",\"position\":1,\"name\":\"Inicio\",\"item\":\"https:\/\/infosol.com.mx\/wordpress\/\"},{\"@type\":\"ListItem\",\"position\":2,\"name\":\"Manejo de Crisis\",\"item\":\"https:\/\/infosol.com.mx\/wordpress\/category\/1manejo-de-crisis\/\"},{\"@type\":\"ListItem\",\"position\":3,\"name\":\"Redes Sociales y Movilidad, un escenario m\u00e1s vulnerable para las organizaciones\"}]},{\"@type\":\"WebSite\",\"@id\":\"https:\/\/infosol.com.mx\/wordpress\/#website\",\"url\":\"https:\/\/infosol.com.mx\/wordpress\/\",\"name\":\"Charlas de Caf\u00e9 de Comunicaci\u00f3n y Otras Pasiones\",\"description\":\"Comunicaci\u00f3n, Relaciones P\u00fablicas, Redes Sociales y algo m\u00e1s...\",\"publisher\":{\"@id\":\"https:\/\/infosol.com.mx\/wordpress\/#organization\"},\"potentialAction\":[{\"@type\":\"SearchAction\",\"target\":{\"@type\":\"EntryPoint\",\"urlTemplate\":\"https:\/\/infosol.com.mx\/wordpress\/?s={search_term_string}\"},\"query-input\":{\"@type\":\"PropertyValueSpecification\",\"valueRequired\":true,\"valueName\":\"search_term_string\"}}],\"inLanguage\":\"es\"},{\"@type\":\"Organization\",\"@id\":\"https:\/\/infosol.com.mx\/wordpress\/#organization\",\"name\":\"InfoSol\",\"url\":\"https:\/\/infosol.com.mx\/wordpress\/\",\"logo\":{\"@type\":\"ImageObject\",\"inLanguage\":\"es\",\"@id\":\"https:\/\/infosol.com.mx\/wordpress\/#\/schema\/logo\/image\/\",\"url\":\"https:\/\/infosol.com.mx\/wordpress\/wp-content\/uploads\/InfoSol-6.0-160x46-1.webp\",\"contentUrl\":\"https:\/\/infosol.com.mx\/wordpress\/wp-content\/uploads\/InfoSol-6.0-160x46-1.webp\",\"width\":160,\"height\":46,\"caption\":\"InfoSol\"},\"image\":{\"@id\":\"https:\/\/infosol.com.mx\/wordpress\/#\/schema\/logo\/image\/\"},\"sameAs\":[\"https:\/\/www.facebook.com\/infosol\/\",\"https:\/\/x.com\/EspacioInfoSol\",\"https:\/\/www.linkedin.com\/company\/grupoinfosol\/\",\"https:\/\/www.pinterest.com.mx\/GrupoInfoSol\/\",\"https:\/\/www.youtube.com\/user\/InfoSolMiEspacio\"]},{\"@type\":\"Person\",\"@id\":\"https:\/\/infosol.com.mx\/wordpress\/#\/schema\/person\/c844cf1649e28a097c30ae82683f2542\",\"name\":\"Adriana M. Bravo\",\"image\":{\"@type\":\"ImageObject\",\"inLanguage\":\"es\",\"@id\":\"http:\/\/infosol.com.mx\/wordpress\/wp-content\/uploads\/adriana-m-bravo-96x96.jpg\",\"url\":\"http:\/\/infosol.com.mx\/wordpress\/wp-content\/uploads\/adriana-m-bravo-96x96.jpg\",\"contentUrl\":\"http:\/\/infosol.com.mx\/wordpress\/wp-content\/uploads\/adriana-m-bravo-96x96.jpg\",\"caption\":\"Adriana M. Bravo\"},\"description\":\"Gerente de Comunicaci\u00f3n y Capital Intelectual en InfoSol. Coordina las estrategias Marketing de Contenidos para apoyar su Inbound Marketing \u2013a trav\u00e9s de CECREA\u00ae y las Redes Sociales para nuestros clientes.\",\"url\":\"https:\/\/infosol.com.mx\/wordpress\/author\/a-meza\/\"}]}<\/script>\n<!-- \/ Yoast SEO plugin. -->","yoast_head_json":{"title":"Redes Sociales y Movilidad, un escenario m\u00e1s vulnerable para las organizaciones - Charlas de Caf\u00e9 de Comunicaci\u00f3n y Otras Pasiones","robots":{"index":"index","follow":"follow","max-snippet":"max-snippet:-1","max-image-preview":"max-image-preview:large","max-video-preview":"max-video-preview:-1"},"canonical":"https:\/\/infosol.com.mx\/wordpress\/medios-sociales-y-movilidad-moda-que-hace-mas-vulnerables-a-las-organizaciones\/","og_locale":"es_ES","og_type":"article","og_title":"Redes Sociales y Movilidad, un escenario m\u00e1s vulnerable para las organizaciones - Charlas de Caf\u00e9 de Comunicaci\u00f3n y Otras Pasiones","og_description":"La mezcla de la convergencia social con los dispositivos m\u00f3viles equipados con elementos como c\u00e1maras de video, han llevado a captar y difundir a la velocidad de la luz, informaci\u00f3n e im\u00e1genes que en segundos generan opini\u00f3n y percepciones. As\u00ed, con estos recursos, es como se hace noticia en la actualidad. Lo cual pone bajo [&hellip;]","og_url":"https:\/\/infosol.com.mx\/wordpress\/medios-sociales-y-movilidad-moda-que-hace-mas-vulnerables-a-las-organizaciones\/","og_site_name":"Charlas de Caf\u00e9 de Comunicaci\u00f3n y Otras Pasiones","article_publisher":"https:\/\/www.facebook.com\/infosol\/","article_published_time":"2017-02-19T16:05:49+00:00","article_modified_time":"2025-07-07T21:01:36+00:00","og_image":[{"width":1200,"height":675,"url":"https:\/\/infosol.com.mx\/wordpress\/wp-content\/uploads\/preguntas-crisis-comunicacional.webp","type":"image\/webp"}],"author":"Adriana M. Bravo","twitter_card":"summary_large_image","twitter_creator":"@EspacioInfoSol","twitter_site":"@EspacioInfoSol","twitter_misc":{"Escrito por":"Adriana M. Bravo","Tiempo de lectura":"4 minutos"},"schema":{"@context":"https:\/\/schema.org","@graph":[{"@type":"Article","@id":"https:\/\/infosol.com.mx\/wordpress\/medios-sociales-y-movilidad-moda-que-hace-mas-vulnerables-a-las-organizaciones\/#article","isPartOf":{"@id":"https:\/\/infosol.com.mx\/wordpress\/medios-sociales-y-movilidad-moda-que-hace-mas-vulnerables-a-las-organizaciones\/"},"author":{"name":"Adriana M. Bravo","@id":"https:\/\/infosol.com.mx\/wordpress\/#\/schema\/person\/c844cf1649e28a097c30ae82683f2542"},"headline":"Redes Sociales y Movilidad, un escenario m\u00e1s vulnerable para las organizaciones","datePublished":"2017-02-19T16:05:49+00:00","dateModified":"2025-07-07T21:01:36+00:00","mainEntityOfPage":{"@id":"https:\/\/infosol.com.mx\/wordpress\/medios-sociales-y-movilidad-moda-que-hace-mas-vulnerables-a-las-organizaciones\/"},"wordCount":811,"commentCount":0,"publisher":{"@id":"https:\/\/infosol.com.mx\/wordpress\/#organization"},"image":{"@id":"https:\/\/infosol.com.mx\/wordpress\/medios-sociales-y-movilidad-moda-que-hace-mas-vulnerables-a-las-organizaciones\/#primaryimage"},"thumbnailUrl":"https:\/\/infosol.com.mx\/wordpress\/wp-content\/uploads\/preguntas-crisis-comunicacional.webp","keywords":["manejo de crisis","redes sociales","Redes Sociales Peligro","Comunicaci\u00f3n C-suite","Preguntas Crisis Comunicacional","Art\u00edculos"],"articleSection":["Manejo de Crisis"],"inLanguage":"es","potentialAction":[{"@type":"CommentAction","name":"Comment","target":["https:\/\/infosol.com.mx\/wordpress\/medios-sociales-y-movilidad-moda-que-hace-mas-vulnerables-a-las-organizaciones\/#respond"]}]},{"@type":"WebPage","@id":"https:\/\/infosol.com.mx\/wordpress\/medios-sociales-y-movilidad-moda-que-hace-mas-vulnerables-a-las-organizaciones\/","url":"https:\/\/infosol.com.mx\/wordpress\/medios-sociales-y-movilidad-moda-que-hace-mas-vulnerables-a-las-organizaciones\/","name":"Redes Sociales y Movilidad, un escenario m\u00e1s vulnerable para las organizaciones - Charlas de Caf\u00e9 de Comunicaci\u00f3n y Otras Pasiones","isPartOf":{"@id":"https:\/\/infosol.com.mx\/wordpress\/#website"},"primaryImageOfPage":{"@id":"https:\/\/infosol.com.mx\/wordpress\/medios-sociales-y-movilidad-moda-que-hace-mas-vulnerables-a-las-organizaciones\/#primaryimage"},"image":{"@id":"https:\/\/infosol.com.mx\/wordpress\/medios-sociales-y-movilidad-moda-que-hace-mas-vulnerables-a-las-organizaciones\/#primaryimage"},"thumbnailUrl":"https:\/\/infosol.com.mx\/wordpress\/wp-content\/uploads\/preguntas-crisis-comunicacional.webp","datePublished":"2017-02-19T16:05:49+00:00","dateModified":"2025-07-07T21:01:36+00:00","breadcrumb":{"@id":"https:\/\/infosol.com.mx\/wordpress\/medios-sociales-y-movilidad-moda-que-hace-mas-vulnerables-a-las-organizaciones\/#breadcrumb"},"inLanguage":"es","potentialAction":[{"@type":"ReadAction","target":["https:\/\/infosol.com.mx\/wordpress\/medios-sociales-y-movilidad-moda-que-hace-mas-vulnerables-a-las-organizaciones\/"]}]},{"@type":"ImageObject","inLanguage":"es","@id":"https:\/\/infosol.com.mx\/wordpress\/medios-sociales-y-movilidad-moda-que-hace-mas-vulnerables-a-las-organizaciones\/#primaryimage","url":"https:\/\/infosol.com.mx\/wordpress\/wp-content\/uploads\/preguntas-crisis-comunicacional.webp","contentUrl":"https:\/\/infosol.com.mx\/wordpress\/wp-content\/uploads\/preguntas-crisis-comunicacional.webp","width":1200,"height":675},{"@type":"BreadcrumbList","@id":"https:\/\/infosol.com.mx\/wordpress\/medios-sociales-y-movilidad-moda-que-hace-mas-vulnerables-a-las-organizaciones\/#breadcrumb","itemListElement":[{"@type":"ListItem","position":1,"name":"Inicio","item":"https:\/\/infosol.com.mx\/wordpress\/"},{"@type":"ListItem","position":2,"name":"Manejo de Crisis","item":"https:\/\/infosol.com.mx\/wordpress\/category\/1manejo-de-crisis\/"},{"@type":"ListItem","position":3,"name":"Redes Sociales y Movilidad, un escenario m\u00e1s vulnerable para las organizaciones"}]},{"@type":"WebSite","@id":"https:\/\/infosol.com.mx\/wordpress\/#website","url":"https:\/\/infosol.com.mx\/wordpress\/","name":"Charlas de Caf\u00e9 de Comunicaci\u00f3n y Otras Pasiones","description":"Comunicaci\u00f3n, Relaciones P\u00fablicas, Redes Sociales y algo m\u00e1s...","publisher":{"@id":"https:\/\/infosol.com.mx\/wordpress\/#organization"},"potentialAction":[{"@type":"SearchAction","target":{"@type":"EntryPoint","urlTemplate":"https:\/\/infosol.com.mx\/wordpress\/?s={search_term_string}"},"query-input":{"@type":"PropertyValueSpecification","valueRequired":true,"valueName":"search_term_string"}}],"inLanguage":"es"},{"@type":"Organization","@id":"https:\/\/infosol.com.mx\/wordpress\/#organization","name":"InfoSol","url":"https:\/\/infosol.com.mx\/wordpress\/","logo":{"@type":"ImageObject","inLanguage":"es","@id":"https:\/\/infosol.com.mx\/wordpress\/#\/schema\/logo\/image\/","url":"https:\/\/infosol.com.mx\/wordpress\/wp-content\/uploads\/InfoSol-6.0-160x46-1.webp","contentUrl":"https:\/\/infosol.com.mx\/wordpress\/wp-content\/uploads\/InfoSol-6.0-160x46-1.webp","width":160,"height":46,"caption":"InfoSol"},"image":{"@id":"https:\/\/infosol.com.mx\/wordpress\/#\/schema\/logo\/image\/"},"sameAs":["https:\/\/www.facebook.com\/infosol\/","https:\/\/x.com\/EspacioInfoSol","https:\/\/www.linkedin.com\/company\/grupoinfosol\/","https:\/\/www.pinterest.com.mx\/GrupoInfoSol\/","https:\/\/www.youtube.com\/user\/InfoSolMiEspacio"]},{"@type":"Person","@id":"https:\/\/infosol.com.mx\/wordpress\/#\/schema\/person\/c844cf1649e28a097c30ae82683f2542","name":"Adriana M. Bravo","image":{"@type":"ImageObject","inLanguage":"es","@id":"http:\/\/infosol.com.mx\/wordpress\/wp-content\/uploads\/adriana-m-bravo-96x96.jpg","url":"http:\/\/infosol.com.mx\/wordpress\/wp-content\/uploads\/adriana-m-bravo-96x96.jpg","contentUrl":"http:\/\/infosol.com.mx\/wordpress\/wp-content\/uploads\/adriana-m-bravo-96x96.jpg","caption":"Adriana M. Bravo"},"description":"Gerente de Comunicaci\u00f3n y Capital Intelectual en InfoSol. Coordina las estrategias Marketing de Contenidos para apoyar su Inbound Marketing \u2013a trav\u00e9s de CECREA\u00ae y las Redes Sociales para nuestros clientes.","url":"https:\/\/infosol.com.mx\/wordpress\/author\/a-meza\/"}]}},"_links":{"self":[{"href":"https:\/\/infosol.com.mx\/wordpress\/wp-json\/wp\/v2\/posts\/1045","targetHints":{"allow":["GET"]}}],"collection":[{"href":"https:\/\/infosol.com.mx\/wordpress\/wp-json\/wp\/v2\/posts"}],"about":[{"href":"https:\/\/infosol.com.mx\/wordpress\/wp-json\/wp\/v2\/types\/post"}],"author":[{"embeddable":true,"href":"https:\/\/infosol.com.mx\/wordpress\/wp-json\/wp\/v2\/users\/8"}],"replies":[{"embeddable":true,"href":"https:\/\/infosol.com.mx\/wordpress\/wp-json\/wp\/v2\/comments?post=1045"}],"version-history":[{"count":19,"href":"https:\/\/infosol.com.mx\/wordpress\/wp-json\/wp\/v2\/posts\/1045\/revisions"}],"predecessor-version":[{"id":17770,"href":"https:\/\/infosol.com.mx\/wordpress\/wp-json\/wp\/v2\/posts\/1045\/revisions\/17770"}],"wp:featuredmedia":[{"embeddable":true,"href":"https:\/\/infosol.com.mx\/wordpress\/wp-json\/wp\/v2\/media\/17767"}],"wp:attachment":[{"href":"https:\/\/infosol.com.mx\/wordpress\/wp-json\/wp\/v2\/media?parent=1045"}],"wp:term":[{"taxonomy":"category","embeddable":true,"href":"https:\/\/infosol.com.mx\/wordpress\/wp-json\/wp\/v2\/categories?post=1045"},{"taxonomy":"post_tag","embeddable":true,"href":"https:\/\/infosol.com.mx\/wordpress\/wp-json\/wp\/v2\/tags?post=1045"}],"curies":[{"name":"wp","href":"https:\/\/api.w.org\/{rel}","templated":true}]}}