{"id":1877,"date":"2018-10-28T21:07:00","date_gmt":"2018-10-29T03:07:00","guid":{"rendered":"http:\/\/infosol.com.mx\/miespacio?p=1877"},"modified":"2023-12-14T17:31:08","modified_gmt":"2023-12-14T17:31:08","slug":"la-creacion-de-marcas","status":"publish","type":"post","link":"https:\/\/infosol.com.mx\/miespacio\/la-creacion-de-marcas\/","title":{"rendered":"La Creaci\u00f3n de Marcas"},"content":{"rendered":"\n<p>El astron\u00f3mico crecimiento en la riqueza e influencia cultural de las empresas multinacionales durante los \u00faltimos 15 a\u00f1os puede ser trazada hacia una sola idea desarrollada por los te\u00f3ricos de los a\u00f1os 80: que para las empresas exitosas debe ser m\u00e1s importante producir marcas que productos.<\/p>\n\n\n\n<p>Seg\u00fan Naomi Klein, autora del popular libro&nbsp;<em>No Logo<\/em>, no fue sino hasta ese momento en que las empresas empezaron a utilizar sus marcas para dar la idea de que producir bienes era s\u00f3lo una parte incidental de sus operaciones, y que, gracias a la globalizaci\u00f3n, podr\u00edan tener sus productos fabricados por otros productores. Lo que estas compa\u00f1\u00edas produc\u00edan principalmente, no eran cosas sino im\u00e1genes impregnadas de su marca. Su trabajo real no resid\u00eda en la manufactura, sino en el marketing. Y esta f\u00f3rmula ha probado ser enormemente redituable.<\/p>\n\n\n\n<h2 class=\"wp-block-heading\"><strong>\u00bfQu\u00e9 es marca?<\/strong><\/h2>\n\n\n\n<p>En mercadotecnia, una marca es la representaci\u00f3n simb\u00f3lica de todo aquello relacionado a una compa\u00f1\u00eda, producto o servicio. Una marca usualmente incluye un nombre, un logotipo y otros elementos visuales como im\u00e1genes, tipograf\u00eda, esquemas de color y s\u00edmbolos. Tambi\u00e9n incluye un conjunto de expectativas asociadas a un producto o servicio usualmente construido en la mente de la gente. Dichas personas son del conjunto formado por los empleados, el due\u00f1o, la gente incluida en el proceso de distribuci\u00f3n, ventas, proveedores del producto o servicio y finalmente los consumidores.<\/p>\n\n\n\n<h2 class=\"wp-block-heading\"><strong>Historia<\/strong><\/h2>\n\n\n\n<p>Las marcas se originaron con el nacimiento de los productos envasados en el siglo XIX. La industrializaci\u00f3n traslad\u00f3 la producci\u00f3n de muchos productos de consumo de las comunidades locales a f\u00e1bricas centralizadas. Estas plantas dedicadas a la fabricaci\u00f3n de productos de consumo masivo, necesitaban vender sus art\u00edculos en mercados m\u00e1s amplios, con una base de consumidores familiarizados tan s\u00f3lo con producciones locales. Enseguida pareci\u00f3 claro que un empaque gen\u00e9rico de detergente ten\u00eda dificultades para competir con productos locales o familiares. Los fabricantes de productos envasados necesitaron convencer al p\u00fablico de que pod\u00edan depositar su confianza en un producto que no era local. Muchas marcas que encontramos en dicha \u00e9poca, como los cereales de desayuno Kellogg&#8217;s representan un claro ejemplo de este problema. El fabricante quer\u00eda que sus productos aparecieran y se hicieran sentir tan familiares como la producci\u00f3n local de los granjeros. De ah\u00ed, con la ayuda de la publicidad, los fabricantes enseguida aprendieron a asociar otros tipos de valores de marca como juventud, diversi\u00f3n o lujo con sus productos, lo cual propici\u00f3 el lanzamiento de lo que hoy conocemos como gesti\u00f3n de marca.<\/p>\n\n\n\n<p><strong>Factores de \u00e9xito para una marca:<\/strong><\/p>\n\n\n\n<ul class=\"ticss-c6b973e9 wp-block-list\"><li><strong>Que sea corta.<\/strong>&nbsp;Algunas empresas se han esforzado por acortar sus marcas en un principio demasiado largas.<\/li><li><strong>Que sea f\u00e1cil de leer y de pronunciar<\/strong>. En M\u00e9xico, tuvieron muchas dificultades para ser pronunciadas marcas como William Lawsons, teniendo que reforzarse con campa\u00f1as publicitarias que incid\u00edan en su pronunciaci\u00f3n.<\/li><li><strong>Que se asocie al producto o a alguna de las caracter\u00edsticas del mismo.<\/strong>&nbsp;Recordemos casos tan claros como Maestro Limpio, Charm\u00edn, etc.<\/li><li><strong>Que sea f\u00e1cil de reconocer y recordar.<\/strong>&nbsp;Existen algunos grafismos tan enrevesados que resultan pr\u00e1cticamente ilegibles, por lo que tienen asegurado el fracaso. Qu\u00e9 tal el caso de Jaggerm\u00ebister.&nbsp;<\/li><li><strong>Que sea euf\u00f3nica<\/strong>. Que sea agradable al o\u00eddo y que no resulte rid\u00edcula. Imaginemos una marca de brandy que se llamara &#8216;Pepito&#8217;, dif\u00edcilmente tendr\u00eda \u00e9xito en el mercado.<\/li><li><strong>Que tenga connotaciones positivas<\/strong>. Un buen ejemplo es Mejoral. Con su frase popular: &#8220;Mejor Mejora Mejoral&#8221;. Por el contrario, existen numerosos ejemplos en diferentes idiomas que no supieron conocer el significado de su marca en una cultura determinada. En Espa\u00f1a, se comercializ\u00f3 un todoterreno llamado &#8216;Pajero&#8217; cuya marca tuvo que ser r\u00e1pidamente sustituida.<\/li><li><strong>Que sea distinta de las marcas competidoras<\/strong>. La mejor manera de hacerse un hueco en la mente del consumidor es&nbsp;<strong><a href=\"https:\/\/www.infosol.com.mx\/wordpress\/6-elementos-para-capitalizar-tus-diferenciadores\/\" target=\"_blank\" rel=\"noreferrer noopener\">diferenci\u00e1ndose al m\u00e1ximo de los productos competidores<\/a><\/strong>.<\/li><\/ul>\n\n\n\n<h2 class=\"wp-block-heading\"><strong>Money Talks<\/strong><\/h2>\n\n\n\n<p>Si una marca no es valiosa por su n\u00famero de empleados o por el n\u00famero de productos que fabrica, entonces \u00bfpor qu\u00e9 lo es?&nbsp;<\/p>\n\n\n\n<p>Hay muchos ingredientes que producen a las marcas m\u00e1s valiosos hoy en d\u00eda. El principal sin duda es el factor econ\u00f3mico. Siquiera para calificar al criterio utilizado por Business Week, cada marca de representar ganancias por m\u00e1s de 1 bill\u00f3n de d\u00f3lares y que por lo menos un tercio de sus ganancias ser\u00e1n generadas fuera de su pa\u00eds de origen.&nbsp;<\/p>\n\n\n\n<p>Se puede aprender mucho de estas marcas por su publicidad y datos financieros. Pero lo m\u00e1s importante en las marcas que aparecen es la facilidad que tendr\u00e1n en un futuro de proyectar ganancias superiores. En concreto se tomaron en cuenta sus ganancias, los pron\u00f3sticos hacen que sus ganancias futuras.<\/p>\n\n\n\n<h2 class=\"wp-block-heading\"><strong>Creaci\u00f3n de Marcas<\/strong><\/h2>\n\n\n\n<p>En cada una de ellas, podemos encontrar un gran n\u00famero de productos, pero solamente una misma sensaci\u00f3n relacionada con la marca alrededor del mundo. Podemos concluir que la fuerza de una marca para determinar un liderazgo de mercado est\u00e1 determinada en la manera en la que una organizaci\u00f3n quiere proyectar un concepto, una imagen de ligereza, estabilidad y hoy en d\u00eda un alcance global, pero sobre todo, su habilidad para traspasar barreras culturales y geogr\u00e1ficas.<\/p>\n\n\n\n<p><strong><em>Basado en el libro&nbsp;<em>No Logo<\/em>, de Naomi Klein, editorial Harpercollins, Businessweek.com. M\u00e9xico, 2018.<\/em><\/strong><\/p>\n\n\n\n<p><strong><em>Los art\u00edculos publicados son opini\u00f3n del autor y no reflejan el punto de vista de InfoSol \/ Mi Espacio<sup>\u00ae<\/sup>.<\/em><\/strong><\/p>\n","protected":false},"excerpt":{"rendered":"<p>El astron\u00f3mico crecimiento en la riqueza e influencia cultural de las empresas multinacionales durante los \u00faltimos 15 a\u00f1os puede ser trazada hacia una sola idea desarrollada por los te\u00f3ricos de los a\u00f1os 80: que para las empresas exitosas debe ser m\u00e1s importante producir marcas que productos. Seg\u00fan Naomi Klein, autora del popular libro&nbsp;No Logo, no [&hellip;]<\/p>\n","protected":false},"author":56,"featured_media":9775,"comment_status":"open","ping_status":"open","sticky":false,"template":"","format":"standard","meta":{"content-type":"","footnotes":""},"categories":[155],"tags":[257,340,339,326,301],"class_list":["post-1877","post","type-post","status-publish","format-standard","has-post-thumbnail","hentry","category-desde-el-aula","tag-comunicacion","tag-comunicacion-empresarial","tag-comunicacion-en-el-siglo-xxi","tag-desde-el-aula","tag-guestmiespacio"],"yoast_head":"<!-- This site is optimized with the Yoast SEO plugin v27.2 - https:\/\/yoast.com\/product\/yoast-seo-wordpress\/ -->\n<title>La Creaci\u00f3n de Marcas - Mi Espacio<\/title>\n<meta name=\"robots\" content=\"index, follow, max-snippet:-1, max-image-preview:large, max-video-preview:-1\" \/>\n<link rel=\"canonical\" href=\"https:\/\/infosol.com.mx\/miespacio\/la-creacion-de-marcas\/\" \/>\n<meta property=\"og:locale\" content=\"es_MX\" \/>\n<meta property=\"og:type\" content=\"article\" \/>\n<meta property=\"og:title\" content=\"La Creaci\u00f3n de Marcas - Mi Espacio\" \/>\n<meta property=\"og:description\" content=\"El astron\u00f3mico crecimiento en la riqueza e influencia cultural de las empresas multinacionales durante los \u00faltimos 15 a\u00f1os puede ser trazada hacia una sola idea desarrollada por los te\u00f3ricos de los a\u00f1os 80: que para las empresas exitosas debe ser m\u00e1s importante producir marcas que productos. Seg\u00fan Naomi Klein, autora del popular libro&nbsp;No Logo, no [&hellip;]\" \/>\n<meta property=\"og:url\" content=\"https:\/\/infosol.com.mx\/miespacio\/la-creacion-de-marcas\/\" \/>\n<meta property=\"og:site_name\" content=\"Mi Espacio\" \/>\n<meta property=\"article:publisher\" content=\"https:\/\/www.facebook.com\/InfoSolMiEspacio\/\" \/>\n<meta property=\"article:published_time\" content=\"2018-10-29T03:07:00+00:00\" \/>\n<meta property=\"article:modified_time\" content=\"2023-12-14T17:31:08+00:00\" \/>\n<meta property=\"og:image\" content=\"https:\/\/infosol.com.mx\/miespacio\/wp-content\/uploads\/2018\/10\/la-creacion-de-marcas.webp\" \/>\n\t<meta property=\"og:image:width\" content=\"1200\" \/>\n\t<meta property=\"og:image:height\" content=\"675\" \/>\n\t<meta property=\"og:image:type\" content=\"image\/webp\" \/>\n<meta name=\"author\" content=\"Rafael Bret\u00f3n\" \/>\n<meta name=\"twitter:card\" content=\"summary_large_image\" \/>\n<meta name=\"twitter:creator\" content=\"@EspacioInfoSol\" \/>\n<meta name=\"twitter:site\" content=\"@EspacioInfoSol\" \/>\n<meta name=\"twitter:label1\" content=\"Escrito por\" \/>\n\t<meta name=\"twitter:data1\" content=\"Rafael Bret\u00f3n\" \/>\n\t<meta name=\"twitter:label2\" content=\"Tiempo de lectura\" \/>\n\t<meta name=\"twitter:data2\" content=\"5 minutos\" \/>\n<script type=\"application\/ld+json\" class=\"yoast-schema-graph\">{\"@context\":\"https:\/\/schema.org\",\"@graph\":[{\"@type\":\"Article\",\"@id\":\"https:\/\/infosol.com.mx\/miespacio\/la-creacion-de-marcas\/#article\",\"isPartOf\":{\"@id\":\"https:\/\/infosol.com.mx\/miespacio\/la-creacion-de-marcas\/\"},\"author\":{\"name\":\"Rafael Bret\u00f3n\",\"@id\":\"https:\/\/infosol.com.mx\/miespacio\/#\/schema\/person\/b168752ada771dd7065df0062fa833dc\"},\"headline\":\"La Creaci\u00f3n de Marcas\",\"datePublished\":\"2018-10-29T03:07:00+00:00\",\"dateModified\":\"2023-12-14T17:31:08+00:00\",\"mainEntityOfPage\":{\"@id\":\"https:\/\/infosol.com.mx\/miespacio\/la-creacion-de-marcas\/\"},\"wordCount\":959,\"commentCount\":0,\"publisher\":{\"@id\":\"https:\/\/infosol.com.mx\/miespacio\/#organization\"},\"image\":{\"@id\":\"https:\/\/infosol.com.mx\/miespacio\/la-creacion-de-marcas\/#primaryimage\"},\"thumbnailUrl\":\"https:\/\/infosol.com.mx\/miespacio\/wp-content\/uploads\/2018\/10\/la-creacion-de-marcas.webp\",\"keywords\":[\"Comunicaci\u00f3n\",\"Comunicaci\u00f3n empresarial\",\"Comunicaci\u00f3n en el siglo XXI\",\"Desde el Aula\",\"GuestMiEspacio\"],\"articleSection\":[\"Desde el Aula\"],\"inLanguage\":\"es\",\"potentialAction\":[{\"@type\":\"CommentAction\",\"name\":\"Comment\",\"target\":[\"https:\/\/infosol.com.mx\/miespacio\/la-creacion-de-marcas\/#respond\"]}]},{\"@type\":\"WebPage\",\"@id\":\"https:\/\/infosol.com.mx\/miespacio\/la-creacion-de-marcas\/\",\"url\":\"https:\/\/infosol.com.mx\/miespacio\/la-creacion-de-marcas\/\",\"name\":\"La Creaci\u00f3n de Marcas - Mi Espacio\",\"isPartOf\":{\"@id\":\"https:\/\/infosol.com.mx\/miespacio\/#website\"},\"primaryImageOfPage\":{\"@id\":\"https:\/\/infosol.com.mx\/miespacio\/la-creacion-de-marcas\/#primaryimage\"},\"image\":{\"@id\":\"https:\/\/infosol.com.mx\/miespacio\/la-creacion-de-marcas\/#primaryimage\"},\"thumbnailUrl\":\"https:\/\/infosol.com.mx\/miespacio\/wp-content\/uploads\/2018\/10\/la-creacion-de-marcas.webp\",\"datePublished\":\"2018-10-29T03:07:00+00:00\",\"dateModified\":\"2023-12-14T17:31:08+00:00\",\"breadcrumb\":{\"@id\":\"https:\/\/infosol.com.mx\/miespacio\/la-creacion-de-marcas\/#breadcrumb\"},\"inLanguage\":\"es\",\"potentialAction\":[{\"@type\":\"ReadAction\",\"target\":[\"https:\/\/infosol.com.mx\/miespacio\/la-creacion-de-marcas\/\"]}]},{\"@type\":\"ImageObject\",\"inLanguage\":\"es\",\"@id\":\"https:\/\/infosol.com.mx\/miespacio\/la-creacion-de-marcas\/#primaryimage\",\"url\":\"https:\/\/infosol.com.mx\/miespacio\/wp-content\/uploads\/2018\/10\/la-creacion-de-marcas.webp\",\"contentUrl\":\"https:\/\/infosol.com.mx\/miespacio\/wp-content\/uploads\/2018\/10\/la-creacion-de-marcas.webp\",\"width\":1200,\"height\":675},{\"@type\":\"BreadcrumbList\",\"@id\":\"https:\/\/infosol.com.mx\/miespacio\/la-creacion-de-marcas\/#breadcrumb\",\"itemListElement\":[{\"@type\":\"ListItem\",\"position\":1,\"name\":\"Inicio\",\"item\":\"https:\/\/infosol.com.mx\/miespacio\/\"},{\"@type\":\"ListItem\",\"position\":2,\"name\":\"Desde el Aula\",\"item\":\"https:\/\/infosol.com.mx\/miespacio\/category\/desde-el-aula\/\"},{\"@type\":\"ListItem\",\"position\":3,\"name\":\"La Creaci\u00f3n de Marcas\"}]},{\"@type\":\"WebSite\",\"@id\":\"https:\/\/infosol.com.mx\/miespacio\/#website\",\"url\":\"https:\/\/infosol.com.mx\/miespacio\/\",\"name\":\"Mi Espacio - Primer sitio colaborativo en M\u00e9xico\",\"description\":\"Primer sitio colaborativo en M\u00e9xico\",\"publisher\":{\"@id\":\"https:\/\/infosol.com.mx\/miespacio\/#organization\"},\"potentialAction\":[{\"@type\":\"SearchAction\",\"target\":{\"@type\":\"EntryPoint\",\"urlTemplate\":\"https:\/\/infosol.com.mx\/miespacio\/?s={search_term_string}\"},\"query-input\":{\"@type\":\"PropertyValueSpecification\",\"valueRequired\":true,\"valueName\":\"search_term_string\"}}],\"inLanguage\":\"es\"},{\"@type\":\"Organization\",\"@id\":\"https:\/\/infosol.com.mx\/miespacio\/#organization\",\"name\":\"InfoSol\",\"url\":\"https:\/\/infosol.com.mx\/miespacio\/\",\"logo\":{\"@type\":\"ImageObject\",\"inLanguage\":\"es\",\"@id\":\"https:\/\/infosol.com.mx\/miespacio\/#\/schema\/logo\/image\/\",\"url\":\"https:\/\/infosol.com.mx\/miespacio\/wp-content\/uploads\/2023\/11\/mi-espacio.svg\",\"contentUrl\":\"https:\/\/infosol.com.mx\/miespacio\/wp-content\/uploads\/2023\/11\/mi-espacio.svg\",\"width\":3000,\"height\":3000,\"caption\":\"InfoSol\"},\"image\":{\"@id\":\"https:\/\/infosol.com.mx\/miespacio\/#\/schema\/logo\/image\/\"},\"sameAs\":[\"https:\/\/www.facebook.com\/InfoSolMiEspacio\/\",\"https:\/\/x.com\/EspacioInfoSol\",\"https:\/\/www.linkedin.com\/company\/grupoinfosol\/\",\"https:\/\/www.youtube.com\/channel\/UCM2aZWPUbaX6ZqvE-REPA9g\"]},{\"@type\":\"Person\",\"@id\":\"https:\/\/infosol.com.mx\/miespacio\/#\/schema\/person\/b168752ada771dd7065df0062fa833dc\",\"name\":\"Rafael Bret\u00f3n\",\"image\":{\"@type\":\"ImageObject\",\"inLanguage\":\"es\",\"@id\":\"https:\/\/secure.gravatar.com\/avatar\/1e31a7f935322f5b4ae2af14e3cae39814a8a2ccdae3994834dea6b51e64cc05?s=96&d=mm&r=g\",\"url\":\"https:\/\/secure.gravatar.com\/avatar\/1e31a7f935322f5b4ae2af14e3cae39814a8a2ccdae3994834dea6b51e64cc05?s=96&d=mm&r=g\",\"contentUrl\":\"https:\/\/secure.gravatar.com\/avatar\/1e31a7f935322f5b4ae2af14e3cae39814a8a2ccdae3994834dea6b51e64cc05?s=96&d=mm&r=g\",\"caption\":\"Rafael Bret\u00f3n\"},\"description\":\"Licenciado en Ciencias de la Comunicaci\u00f3n.\",\"url\":\"https:\/\/infosol.com.mx\/miespacio\/author\/r-breton\/\"}]}<\/script>\n<!-- \/ Yoast SEO plugin. -->","yoast_head_json":{"title":"La Creaci\u00f3n de Marcas - Mi Espacio","robots":{"index":"index","follow":"follow","max-snippet":"max-snippet:-1","max-image-preview":"max-image-preview:large","max-video-preview":"max-video-preview:-1"},"canonical":"https:\/\/infosol.com.mx\/miespacio\/la-creacion-de-marcas\/","og_locale":"es_MX","og_type":"article","og_title":"La Creaci\u00f3n de Marcas - Mi Espacio","og_description":"El astron\u00f3mico crecimiento en la riqueza e influencia cultural de las empresas multinacionales durante los \u00faltimos 15 a\u00f1os puede ser trazada hacia una sola idea desarrollada por los te\u00f3ricos de los a\u00f1os 80: que para las empresas exitosas debe ser m\u00e1s importante producir marcas que productos. Seg\u00fan Naomi Klein, autora del popular libro&nbsp;No Logo, no [&hellip;]","og_url":"https:\/\/infosol.com.mx\/miespacio\/la-creacion-de-marcas\/","og_site_name":"Mi Espacio","article_publisher":"https:\/\/www.facebook.com\/InfoSolMiEspacio\/","article_published_time":"2018-10-29T03:07:00+00:00","article_modified_time":"2023-12-14T17:31:08+00:00","og_image":[{"width":1200,"height":675,"url":"https:\/\/infosol.com.mx\/miespacio\/wp-content\/uploads\/2018\/10\/la-creacion-de-marcas.webp","type":"image\/webp"}],"author":"Rafael Bret\u00f3n","twitter_card":"summary_large_image","twitter_creator":"@EspacioInfoSol","twitter_site":"@EspacioInfoSol","twitter_misc":{"Escrito por":"Rafael Bret\u00f3n","Tiempo de lectura":"5 minutos"},"schema":{"@context":"https:\/\/schema.org","@graph":[{"@type":"Article","@id":"https:\/\/infosol.com.mx\/miespacio\/la-creacion-de-marcas\/#article","isPartOf":{"@id":"https:\/\/infosol.com.mx\/miespacio\/la-creacion-de-marcas\/"},"author":{"name":"Rafael Bret\u00f3n","@id":"https:\/\/infosol.com.mx\/miespacio\/#\/schema\/person\/b168752ada771dd7065df0062fa833dc"},"headline":"La Creaci\u00f3n de Marcas","datePublished":"2018-10-29T03:07:00+00:00","dateModified":"2023-12-14T17:31:08+00:00","mainEntityOfPage":{"@id":"https:\/\/infosol.com.mx\/miespacio\/la-creacion-de-marcas\/"},"wordCount":959,"commentCount":0,"publisher":{"@id":"https:\/\/infosol.com.mx\/miespacio\/#organization"},"image":{"@id":"https:\/\/infosol.com.mx\/miespacio\/la-creacion-de-marcas\/#primaryimage"},"thumbnailUrl":"https:\/\/infosol.com.mx\/miespacio\/wp-content\/uploads\/2018\/10\/la-creacion-de-marcas.webp","keywords":["Comunicaci\u00f3n","Comunicaci\u00f3n empresarial","Comunicaci\u00f3n en el siglo XXI","Desde el Aula","GuestMiEspacio"],"articleSection":["Desde el Aula"],"inLanguage":"es","potentialAction":[{"@type":"CommentAction","name":"Comment","target":["https:\/\/infosol.com.mx\/miespacio\/la-creacion-de-marcas\/#respond"]}]},{"@type":"WebPage","@id":"https:\/\/infosol.com.mx\/miespacio\/la-creacion-de-marcas\/","url":"https:\/\/infosol.com.mx\/miespacio\/la-creacion-de-marcas\/","name":"La Creaci\u00f3n de Marcas - Mi Espacio","isPartOf":{"@id":"https:\/\/infosol.com.mx\/miespacio\/#website"},"primaryImageOfPage":{"@id":"https:\/\/infosol.com.mx\/miespacio\/la-creacion-de-marcas\/#primaryimage"},"image":{"@id":"https:\/\/infosol.com.mx\/miespacio\/la-creacion-de-marcas\/#primaryimage"},"thumbnailUrl":"https:\/\/infosol.com.mx\/miespacio\/wp-content\/uploads\/2018\/10\/la-creacion-de-marcas.webp","datePublished":"2018-10-29T03:07:00+00:00","dateModified":"2023-12-14T17:31:08+00:00","breadcrumb":{"@id":"https:\/\/infosol.com.mx\/miespacio\/la-creacion-de-marcas\/#breadcrumb"},"inLanguage":"es","potentialAction":[{"@type":"ReadAction","target":["https:\/\/infosol.com.mx\/miespacio\/la-creacion-de-marcas\/"]}]},{"@type":"ImageObject","inLanguage":"es","@id":"https:\/\/infosol.com.mx\/miespacio\/la-creacion-de-marcas\/#primaryimage","url":"https:\/\/infosol.com.mx\/miespacio\/wp-content\/uploads\/2018\/10\/la-creacion-de-marcas.webp","contentUrl":"https:\/\/infosol.com.mx\/miespacio\/wp-content\/uploads\/2018\/10\/la-creacion-de-marcas.webp","width":1200,"height":675},{"@type":"BreadcrumbList","@id":"https:\/\/infosol.com.mx\/miespacio\/la-creacion-de-marcas\/#breadcrumb","itemListElement":[{"@type":"ListItem","position":1,"name":"Inicio","item":"https:\/\/infosol.com.mx\/miespacio\/"},{"@type":"ListItem","position":2,"name":"Desde el Aula","item":"https:\/\/infosol.com.mx\/miespacio\/category\/desde-el-aula\/"},{"@type":"ListItem","position":3,"name":"La Creaci\u00f3n de Marcas"}]},{"@type":"WebSite","@id":"https:\/\/infosol.com.mx\/miespacio\/#website","url":"https:\/\/infosol.com.mx\/miespacio\/","name":"Mi Espacio - Primer sitio colaborativo en M\u00e9xico","description":"Primer sitio colaborativo en M\u00e9xico","publisher":{"@id":"https:\/\/infosol.com.mx\/miespacio\/#organization"},"potentialAction":[{"@type":"SearchAction","target":{"@type":"EntryPoint","urlTemplate":"https:\/\/infosol.com.mx\/miespacio\/?s={search_term_string}"},"query-input":{"@type":"PropertyValueSpecification","valueRequired":true,"valueName":"search_term_string"}}],"inLanguage":"es"},{"@type":"Organization","@id":"https:\/\/infosol.com.mx\/miespacio\/#organization","name":"InfoSol","url":"https:\/\/infosol.com.mx\/miespacio\/","logo":{"@type":"ImageObject","inLanguage":"es","@id":"https:\/\/infosol.com.mx\/miespacio\/#\/schema\/logo\/image\/","url":"https:\/\/infosol.com.mx\/miespacio\/wp-content\/uploads\/2023\/11\/mi-espacio.svg","contentUrl":"https:\/\/infosol.com.mx\/miespacio\/wp-content\/uploads\/2023\/11\/mi-espacio.svg","width":3000,"height":3000,"caption":"InfoSol"},"image":{"@id":"https:\/\/infosol.com.mx\/miespacio\/#\/schema\/logo\/image\/"},"sameAs":["https:\/\/www.facebook.com\/InfoSolMiEspacio\/","https:\/\/x.com\/EspacioInfoSol","https:\/\/www.linkedin.com\/company\/grupoinfosol\/","https:\/\/www.youtube.com\/channel\/UCM2aZWPUbaX6ZqvE-REPA9g"]},{"@type":"Person","@id":"https:\/\/infosol.com.mx\/miespacio\/#\/schema\/person\/b168752ada771dd7065df0062fa833dc","name":"Rafael Bret\u00f3n","image":{"@type":"ImageObject","inLanguage":"es","@id":"https:\/\/secure.gravatar.com\/avatar\/1e31a7f935322f5b4ae2af14e3cae39814a8a2ccdae3994834dea6b51e64cc05?s=96&d=mm&r=g","url":"https:\/\/secure.gravatar.com\/avatar\/1e31a7f935322f5b4ae2af14e3cae39814a8a2ccdae3994834dea6b51e64cc05?s=96&d=mm&r=g","contentUrl":"https:\/\/secure.gravatar.com\/avatar\/1e31a7f935322f5b4ae2af14e3cae39814a8a2ccdae3994834dea6b51e64cc05?s=96&d=mm&r=g","caption":"Rafael Bret\u00f3n"},"description":"Licenciado en Ciencias de la Comunicaci\u00f3n.","url":"https:\/\/infosol.com.mx\/miespacio\/author\/r-breton\/"}]}},"_links":{"self":[{"href":"https:\/\/infosol.com.mx\/miespacio\/wp-json\/wp\/v2\/posts\/1877","targetHints":{"allow":["GET"]}}],"collection":[{"href":"https:\/\/infosol.com.mx\/miespacio\/wp-json\/wp\/v2\/posts"}],"about":[{"href":"https:\/\/infosol.com.mx\/miespacio\/wp-json\/wp\/v2\/types\/post"}],"author":[{"embeddable":true,"href":"https:\/\/infosol.com.mx\/miespacio\/wp-json\/wp\/v2\/users\/56"}],"replies":[{"embeddable":true,"href":"https:\/\/infosol.com.mx\/miespacio\/wp-json\/wp\/v2\/comments?post=1877"}],"version-history":[{"count":3,"href":"https:\/\/infosol.com.mx\/miespacio\/wp-json\/wp\/v2\/posts\/1877\/revisions"}],"predecessor-version":[{"id":2275,"href":"https:\/\/infosol.com.mx\/miespacio\/wp-json\/wp\/v2\/posts\/1877\/revisions\/2275"}],"wp:featuredmedia":[{"embeddable":true,"href":"https:\/\/infosol.com.mx\/miespacio\/wp-json\/wp\/v2\/media\/9775"}],"wp:attachment":[{"href":"https:\/\/infosol.com.mx\/miespacio\/wp-json\/wp\/v2\/media?parent=1877"}],"wp:term":[{"taxonomy":"category","embeddable":true,"href":"https:\/\/infosol.com.mx\/miespacio\/wp-json\/wp\/v2\/categories?post=1877"},{"taxonomy":"post_tag","embeddable":true,"href":"https:\/\/infosol.com.mx\/miespacio\/wp-json\/wp\/v2\/tags?post=1877"}],"curies":[{"name":"wp","href":"https:\/\/api.w.org\/{rel}","templated":true}]}}